{"id":22883,"date":"2022-10-12T09:21:51","date_gmt":"2022-10-12T12:21:51","guid":{"rendered":"https:\/\/radiorevelacionfm.cl\/?p=22883"},"modified":"2022-10-12T09:22:22","modified_gmt":"2022-10-12T12:22:22","slug":"familias-de-coyhaique-recibieron-18-viviendas-del-primer-proyecto-de-pequenos-condominios-ejecutado-en-la-region","status":"publish","type":"post","link":"https:\/\/radiorevelacionfm.cl\/?p=22883","title":{"rendered":"Familias de Coyhaique recibieron 18 viviendas del primer proyecto de Peque\u00f1os Condominios ejecutado en la regi\u00f3n"},"content":{"rendered":"<div class=\"flex_column av_one_full  flex_column_div av-zero-column-padding first  avia-builder-el-0  el_before_av_one_full  avia-builder-el-first  \" style='border-radius:0px; '><div  class='avia-image-container  av-styling-    avia-builder-el-1  avia-builder-el-no-sibling  avia-align-center '  itemprop=\"image\" itemscope=\"itemscope\" itemtype=\"https:\/\/schema.org\/ImageObject\"  ><div class='avia-image-container-inner'><div class='avia-image-overlay-wrap'><img decoding=\"async\" class='wp-image-22884 avia-img-lazy-loading-not-22884 avia_image' src=\"https:\/\/radiorevelacionfm.cl\/wp-content\/uploads\/2022\/10\/entrega-18-viviendas-coyhaique-1_optimized.jpeg\" alt='' title='entrega-18-viviendas-coyhaique-(1)_optimized' height=\"600\" width=\"800\"  itemprop=\"thumbnailUrl\" srcset=\"https:\/\/radiorevelacionfm.cl\/wp-content\/uploads\/2022\/10\/entrega-18-viviendas-coyhaique-1_optimized.jpeg 800w, https:\/\/radiorevelacionfm.cl\/wp-content\/uploads\/2022\/10\/entrega-18-viviendas-coyhaique-1_optimized-300x225.jpeg 300w, https:\/\/radiorevelacionfm.cl\/wp-content\/uploads\/2022\/10\/entrega-18-viviendas-coyhaique-1_optimized-768x576.jpeg 768w, https:\/\/radiorevelacionfm.cl\/wp-content\/uploads\/2022\/10\/entrega-18-viviendas-coyhaique-1_optimized-705x529.jpeg 705w, https:\/\/radiorevelacionfm.cl\/wp-content\/uploads\/2022\/10\/entrega-18-viviendas-coyhaique-1_optimized-600x450.jpeg 600w\" sizes=\"(max-width: 800px) 100vw, 800px\" \/><\/div><\/div><\/div><\/div>\n<div class=\"flex_column av_one_full  flex_column_div av-zero-column-padding first  avia-builder-el-2  el_after_av_one_full  el_before_av_one_full  column-top-margin\" style='border-radius:0px; '><section class=\"av_textblock_section \"  itemscope=\"itemscope\" itemtype=\"https:\/\/schema.org\/BlogPosting\" itemprop=\"blogPost\" ><div class='avia_textblock  '   itemprop=\"text\" ><p style=\"text-align: center;\"><span style=\"font-size: 18pt;\"><strong>Familias de Coyhaique recibieron 18 viviendas del primer proyecto de Peque\u00f1os Condominios ejecutado en la regi\u00f3n<\/strong><\/span><\/p>\n<div id=\"gtx-trans\" style=\"position: absolute; left: -50px; top: 4.31534px;\">\n<div class=\"gtx-trans-icon\"><\/div>\n<\/div>\n<\/div><\/section><\/div><div class=\"flex_column av_one_full  flex_column_div av-zero-column-padding first  avia-builder-el-4  el_after_av_one_full  el_before_av_hr  column-top-margin\" style='border-radius:0px; '><section class=\"av_textblock_section \"  itemscope=\"itemscope\" itemtype=\"https:\/\/schema.org\/BlogPosting\" itemprop=\"blogPost\" ><div class='avia_textblock  '   itemprop=\"text\" ><p style=\"text-align: justify;\">En un ambiente de gran alegr\u00eda y con la participaci\u00f3n de autoridades regionales y locales se realiz\u00f3 el pasado fin de semana la inauguraci\u00f3n de viviendas para 18 familias de Coyhaique, las que que incluyen entre sus miembros a adultos mayores y personas con diferentes grados de discapacidad que trabajaron durante varios a\u00f1os para conseguir la esperada soluci\u00f3n habitacional.<\/p>\n<p style=\"text-align: justify;\">Cabe consignar que se trata adem\u00e1s del primer proyecto ejecutado en la regi\u00f3n de Ays\u00e9n bajo la modalidad de Peque\u00f1os Condominios, donde el Ministerio de Vivienda y Urbanismo recupera terrenos desocupados o bald\u00edos dentro de la ciudad para destinarlos a la construcci\u00f3n de viviendas sociales de diferentes dise\u00f1os y modalidades.<\/p>\n<p style=\"text-align: justify;\">El Serviu regional fue el encargado de organizar la demanda y elaborar el proyecto como Entidad Patrocinante, en tanto que la empresa Xinta Limitada fue la encargada de construir las nuevas viviendas ubicadas en tres diferentes lugares de la capital regional.<\/p>\n<p style=\"text-align: justify;\">La Seremi de Vivienda, Paulina Ruz, expres\u00f3 su satisfacci\u00f3n de ver culminado y entregado este proyecto emblem\u00e1tico para el Ministerio de Vivienda, donde adem\u00e1s se atendi\u00f3 la demanda de 18 familias que llevaban mucho tiempo esperando por concretar el sue\u00f1o de la casa propia. \u201cSon familias donde adem\u00e1s hay un fuerte componente de inclusi\u00f3n porque son personas que en su mayor\u00eda est\u00e1n en situaci\u00f3n de discapacidad tanto de los propietarios como de parte de su familia o tambi\u00e9n personas mayores. Con esto relevamos nuestro compromiso como Gobierno de garantizar el derecho a la vivienda digna para las personas, pero tambi\u00e9n de la importancia de entregar soluciones con accesibilidad universal para que finalmente puedan habitar de forma c\u00f3moda y hacer una vida feliz en sus hogares\u201d, indic\u00f3.<\/p>\n<p style=\"text-align: justify;\">Por su parte el Presidente del Comit\u00e9 Tamango, Mauricio Mu\u00f1oz, se mostr\u00f3 feliz de ver que tras a\u00f1os de trabajo las familias pueden abrir con orgullo las puertas de su anhelada casa propia. \u201cEs un sue\u00f1o, es tener un lugar de descanso, donde disfrutar. Aqu\u00ed uno construye vida, anhelos, prop\u00f3sitos, proyectos. Doy gracias a Dios porque se cumpli\u00f3 un sue\u00f1o, a las autoridades, a la constructora y a muchas personas que pudieron apostar a este proyecto en terrenos donde realmente tuvieron que hacer magia para elaborar un dise\u00f1o de casa que cumpla con los est\u00e1ndares de vida, con las condiciones y que sea un lugar para vivir con calidad\u201d, manifest\u00f3.<\/p>\n<p style=\"text-align: justify;\">De igual forma el Gobernador Regional (S), Oscar del Solar, felicit\u00f3 a las familias y destac\u00f3 el positivo resultado de esta experiencia que por primera vez se aplica a nivel regional. \u201cEs una modalidad de proyecto que le hace muy bien a la regi\u00f3n porque busca y encuentra peque\u00f1os terrenos cuando en la regi\u00f3n tenemos dificultades de terrenos para nuevas viviendas, entonces estas modalidades vienen a suplir esas carencias, genera comunidades peque\u00f1as, en donde la vida comunitaria es m\u00e1s integral. Ellos se insertan dentro de un entorno urbano ya consolidado, por lo tanto, estamos hablando de integraci\u00f3n social.\u00a0 Felicitar a todas las diferentes instancias, a los equipos t\u00e9cnicos, el municipio, la Seremi de Vivienda e instar a que se siga trabajando de esta forma\u201d, puntualiz\u00f3.<\/p>\n<p style=\"text-align: justify;\">El primer proyecto de Peque\u00f1os Condominios de la regi\u00f3n de Ays\u00e9n consider\u00f3 viviendas de 48 y 63 metros cuadrados, con alta calidad, seguridad y dise\u00f1o, incluyendo casas de uno y tres pisos, las cuales se ubican en la poblaci\u00f3n Clotario Blest y en la Villa San Ignacio de Coyhaique, proyecto piloto que implic\u00f3 una inversi\u00f3n que borde\u00f3 los 900 millones de pesos.<\/p>\n<\/div><\/section><\/div><\/p>\n<div  style='height:50px' class='hr hr-invisible   avia-builder-el-6  el_after_av_one_full  el_before_av_social_share '><span class='hr-inner ' ><span class='hr-inner-style'><\/span><\/span><\/div>\n<div  class='av-social-sharing-box  avia-builder-el-7  el_after_av_hr  el_before_av_hr  '><div class='av-share-box'><h5 class='av-share-link-description av-no-toc '>Compartir esta noticia<\/h5><ul class='av-share-box-list noLightbox'><li class='av-share-link av-social-link-facebook' ><a target=\"_blank\" aria-label=\"Compartir en Facebook\" href='https:\/\/www.facebook.com\/sharer.php?u=https:\/\/radiorevelacionfm.cl\/?p=22883&#038;t=Familias%20de%20Coyhaique%20recibieron%2018%20viviendas%20del%20primer%20proyecto%20de%20Peque%C3%B1os%20Condominios%20ejecutado%20en%20la%20regi%C3%B3n' aria-hidden='false' data-av_icon='\ue8f3' data-av_iconfont='entypo-fontello' title='' data-avia-related-tooltip='Compartir en Facebook' rel=\"noopener\"><span class='avia_hidden_link_text'>Compartir en Facebook<\/span><\/a><\/li><li class='av-share-link av-social-link-twitter' ><a target=\"_blank\" aria-label=\"Compartir en Twitter\" href='https:\/\/twitter.com\/share?text=Familias%20de%20Coyhaique%20recibieron%2018%20viviendas%20del%20primer%20proyecto%20de%20Peque%C3%B1os%20Condominios%20ejecutado%20en%20la%20regi%C3%B3n&#038;url=https:\/\/radiorevelacionfm.cl\/?p=22883' aria-hidden='false' data-av_icon='\ue8f1' data-av_iconfont='entypo-fontello' title='' data-avia-related-tooltip='Compartir en Twitter' rel=\"noopener\"><span class='avia_hidden_link_text'>Compartir en Twitter<\/span><\/a><\/li><li class='av-share-link av-social-link-whatsapp' ><a target=\"_blank\" aria-label=\"Compartir en Whatsapp\" href='https:\/\/api.whatsapp.com\/send?text=https:\/\/radiorevelacionfm.cl\/?p=22883' aria-hidden='false' data-av_icon='\uf232' data-av_iconfont='entypo-fontello' title='' data-avia-related-tooltip='Compartir en Whatsapp' rel=\"noopener\"><span class='avia_hidden_link_text'>Compartir en Whatsapp<\/span><\/a><\/li><li class='av-share-link av-social-link-linkedin' ><a target=\"_blank\" aria-label=\"Compartir en LinkedIn\" href='https:\/\/linkedin.com\/shareArticle?mini=true&#038;title=Familias%20de%20Coyhaique%20recibieron%2018%20viviendas%20del%20primer%20proyecto%20de%20Peque%C3%B1os%20Condominios%20ejecutado%20en%20la%20regi%C3%B3n&#038;url=https:\/\/radiorevelacionfm.cl\/?p=22883' aria-hidden='false' data-av_icon='\ue8fc' data-av_iconfont='entypo-fontello' title='' data-avia-related-tooltip='Compartir en LinkedIn' rel=\"noopener\"><span class='avia_hidden_link_text'>Compartir en LinkedIn<\/span><\/a><\/li><li class='av-share-link av-social-link-mail' ><a  aria-label=\"Compartir por correo\" href='mailto:?subject=Familias%20de%20Coyhaique%20recibieron%2018%20viviendas%20del%20primer%20proyecto%20de%20Peque%C3%B1os%20Condominios%20ejecutado%20en%20la%20regi%C3%B3n&#038;body=https:\/\/radiorevelacionfm.cl\/?p=22883' aria-hidden='false' data-av_icon='\ue805' data-av_iconfont='entypo-fontello' title='' data-avia-related-tooltip='Compartir por correo'><span class='avia_hidden_link_text'>Compartir por correo<\/span><\/a><\/li><\/ul><\/div><\/div>\n<div  style='height:50px' class='hr hr-invisible   avia-builder-el-8  el_after_av_social_share  el_before_av_comments_list '><span class='hr-inner ' ><span class='hr-inner-style'><\/span><\/span><\/div>\n<div  class='av-buildercomment  av-blog-meta-html-info-disabled av-blog-meta-tag-disabled  '><\/div>\n","protected":false},"excerpt":{"rendered":"","protected":false},"author":1,"featured_media":22884,"comment_status":"open","ping_status":"open","sticky":false,"template":"","format":"standard","meta":{"footnotes":""},"categories":[57],"tags":[],"class_list":["post-22883","post","type-post","status-publish","format-standard","has-post-thumbnail","hentry","category-vivienda"],"jetpack_featured_media_url":"https:\/\/radiorevelacionfm.cl\/wp-content\/uploads\/2022\/10\/entrega-18-viviendas-coyhaique-1_optimized.jpeg","_links":{"self":[{"href":"https:\/\/radiorevelacionfm.cl\/index.php?rest_route=\/wp\/v2\/posts\/22883","targetHints":{"allow":["GET"]}}],"collection":[{"href":"https:\/\/radiorevelacionfm.cl\/index.php?rest_route=\/wp\/v2\/posts"}],"about":[{"href":"https:\/\/radiorevelacionfm.cl\/index.php?rest_route=\/wp\/v2\/types\/post"}],"author":[{"embeddable":true,"href":"https:\/\/radiorevelacionfm.cl\/index.php?rest_route=\/wp\/v2\/users\/1"}],"replies":[{"embeddable":true,"href":"https:\/\/radiorevelacionfm.cl\/index.php?rest_route=%2Fwp%2Fv2%2Fcomments&post=22883"}],"version-history":[{"count":3,"href":"https:\/\/radiorevelacionfm.cl\/index.php?rest_route=\/wp\/v2\/posts\/22883\/revisions"}],"predecessor-version":[{"id":22915,"href":"https:\/\/radiorevelacionfm.cl\/index.php?rest_route=\/wp\/v2\/posts\/22883\/revisions\/22915"}],"wp:featuredmedia":[{"embeddable":true,"href":"https:\/\/radiorevelacionfm.cl\/index.php?rest_route=\/wp\/v2\/media\/22884"}],"wp:attachment":[{"href":"https:\/\/radiorevelacionfm.cl\/index.php?rest_route=%2Fwp%2Fv2%2Fmedia&parent=22883"}],"wp:term":[{"taxonomy":"category","embeddable":true,"href":"https:\/\/radiorevelacionfm.cl\/index.php?rest_route=%2Fwp%2Fv2%2Fcategories&post=22883"},{"taxonomy":"post_tag","embeddable":true,"href":"https:\/\/radiorevelacionfm.cl\/index.php?rest_route=%2Fwp%2Fv2%2Ftags&post=22883"}],"curies":[{"name":"wp","href":"https:\/\/api.w.org\/{rel}","templated":true}]}}