{"id":22880,"date":"2022-10-12T11:14:09","date_gmt":"2022-10-12T14:14:09","guid":{"rendered":"https:\/\/radiorevelacionfm.cl\/?p=22880"},"modified":"2022-10-12T11:14:09","modified_gmt":"2022-10-12T14:14:09","slug":"en-general-carrera-organizan-feria-de-oportunidades-en-liceos-de-la-provincia","status":"publish","type":"post","link":"https:\/\/radiorevelacionfm.cl\/?p=22880","title":{"rendered":"En General Carrera organizan Feria de Oportunidades en liceos de la provincia"},"content":{"rendered":"<div class=\"flex_column av_one_full  flex_column_div av-zero-column-padding first  avia-builder-el-0  el_before_av_one_full  avia-builder-el-first  \" style='border-radius:0px; '><div  class='avia-image-container  av-styling-    avia-builder-el-1  avia-builder-el-no-sibling  avia-align-center '  itemprop=\"image\" itemscope=\"itemscope\" itemtype=\"https:\/\/schema.org\/ImageObject\"  ><div class='avia-image-container-inner'><div class='avia-image-overlay-wrap'><img decoding=\"async\" class='wp-image-22881 avia-img-lazy-loading-not-22881 avia_image' src=\"https:\/\/radiorevelacionfm.cl\/wp-content\/uploads\/2022\/10\/Feria-de-Oportunidades-3-1-1.jpeg\" alt='' title='Feria de Oportunidades (3) (1) (1)' height=\"600\" width=\"800\"  itemprop=\"thumbnailUrl\" srcset=\"https:\/\/radiorevelacionfm.cl\/wp-content\/uploads\/2022\/10\/Feria-de-Oportunidades-3-1-1.jpeg 800w, https:\/\/radiorevelacionfm.cl\/wp-content\/uploads\/2022\/10\/Feria-de-Oportunidades-3-1-1-300x225.jpeg 300w, https:\/\/radiorevelacionfm.cl\/wp-content\/uploads\/2022\/10\/Feria-de-Oportunidades-3-1-1-768x576.jpeg 768w, https:\/\/radiorevelacionfm.cl\/wp-content\/uploads\/2022\/10\/Feria-de-Oportunidades-3-1-1-705x529.jpeg 705w, https:\/\/radiorevelacionfm.cl\/wp-content\/uploads\/2022\/10\/Feria-de-Oportunidades-3-1-1-600x450.jpeg 600w\" sizes=\"(max-width: 800px) 100vw, 800px\" \/><\/div><\/div><\/div><\/div><div class=\"flex_column av_one_full  flex_column_div av-zero-column-padding first  avia-builder-el-2  el_after_av_one_full  el_before_av_one_full  column-top-margin\" style='border-radius:0px; '><section class=\"av_textblock_section \"  itemscope=\"itemscope\" itemtype=\"https:\/\/schema.org\/BlogPosting\" itemprop=\"blogPost\" ><div class='avia_textblock  '   itemprop=\"text\" ><p style=\"text-align: center;\"><strong><span style=\"font-size: 18pt;\">En General Carrera organizan Feria de Oportunidades en liceos de la provincia<\/span><\/strong><\/p>\n<div id=\"gtx-trans\" style=\"position: absolute; left: -50px; top: 4.31534px;\">\n<div class=\"gtx-trans-icon\"><\/div>\n<\/div>\n<\/div><\/section><\/div><div class=\"flex_column av_one_full  flex_column_div av-zero-column-padding first  avia-builder-el-4  el_after_av_one_full  el_before_av_hr  column-top-margin\" style='border-radius:0px; '><section class=\"av_textblock_section \"  itemscope=\"itemscope\" itemtype=\"https:\/\/schema.org\/BlogPosting\" itemprop=\"blogPost\" ><div class='avia_textblock  '   itemprop=\"text\" ><p style=\"text-align: justify;\">En la provincia de General Carrera existen dos instituciones de educaci\u00f3n media: el Liceo Rural Cerro Castillo y el Liceo Luisa Rabanal Palma de Chile Chico, cuyos alumnos de cuarto medio se encuentran <em>ad portas <\/em>de decidir parte importante de su futuro escogiendo alg\u00fan establecimiento de educaci\u00f3n superior para continuar sus estudios.<\/p>\n<p style=\"text-align: justify;\">Es por esta raz\u00f3n que desde la Delegaci\u00f3n Presidencial Provincial de General Carrera se generaron dos jornadas de la Feria de Oportunidades, para que universidades, centros de formaci\u00f3n t\u00e9cnica; Fuerzas Armadas y de orden y servicios p\u00fablicos, puedan mostrar toda su oferta a los estudiantes en los propios liceos.<\/p>\n<p style=\"text-align: justify;\">Maximiliano, alumno del liceo de Villa Cerro Castillo, calific\u00f3 la feria como buena para \u201cpoder informarse de qu\u00e9 podemos elegir o alguna sugerencia que nos puedan ayudar\u201d, en particular destac\u00f3 el<em> stand <\/em>de la Universidad de Ays\u00e9n donde planea estudiar agronom\u00eda porque le \u201cgusta trabajar en terreno, en el campo y todo lo que tenga que ver con el aire libre\u201d comentaba el educando.<\/p>\n<p style=\"text-align: justify;\">En tanto el Delegado Presidencial Provincial de General Carrera, Daniel Fern\u00e1ndez, coment\u00f3 que \u201cLa educaci\u00f3n es el mayor motor de desarrollo integral y movilidad social para los j\u00f3venes del pa\u00eds. Acercar las instituciones de educaci\u00f3n superior a nuestros liceos ayuda a orientarlos y entusiasmarlos respecto a la continuidad de sus estudios, abarcando opciones que van desde los centros de formaci\u00f3n t\u00e9cnica, fuerzas armadas y Carabineros, hasta las universidades.\u201d, a esto la autoridad provincial sum\u00f3 que \u201cDestaco la gran cantidad de instituciones regionales que se sumaron a las ferias de oportunidades, como por ejemplo el Centro de Formaci\u00f3n T\u00e9cnica de Ays\u00e9n, una instituci\u00f3n estatal que va creciendo y que est\u00e1 formando t\u00e9cnicos en \u00e1reas s\u00faper importantes necesarias para la regi\u00f3n, apoyando, as\u00ed, que nuestros talentos se queden en Ays\u00e9n y no deban migrar para buscar mejores alternativas\u201d cerr\u00f3 Fern\u00e1ndez M\u00e1rquez.<\/p>\n<p style=\"text-align: justify;\">Por su parte el director del Liceo Bicentenario Luisa Rabanal Palma, Valko Dur\u00e1n, resalt\u00f3 que \u201cEs una tremenda oportunidad para los alumnos de tercero y cuarto medio que est\u00e1n muy cerca de terminar su proceso dentro de nuestro colegio. Ven un mundo distinto, ven las alternativas que ofrece la educaci\u00f3n superior, desde oficios, trabajos, profesiones, estudios superiores, estudios de universidades, estudios en centros de formaci\u00f3n t\u00e9cnica. Sobre todo de la oferta local\u201d. En el establecimiento de Chile Chico la actividad incluy\u00f3 a los alumnos desde octavo b\u00e1sico, respecto a este punto se refiri\u00f3 tambi\u00e9n el director \u201ca ellos les genera este primer encuentro, esta primera aproximaci\u00f3n con lo que les viene m\u00e1s adelante, para el futuro, para lo que ellos pretenden alguna vez seguir estudiando\u201d asegur\u00f3 el director.<\/p>\n<p style=\"text-align: justify;\">Los alumnos de \u00faltimo a\u00f1o de ense\u00f1anza media deber\u00e1n rendir la Prueba de Acceso a la Educaci\u00f3n Superior (PAES) a partir del pr\u00f3ximo 28 de noviembre y hasta el 30 del mismo mes. Posteriormente, el 3 de enero de 2023 se publicar\u00e1n los resultados e iniciar\u00e1 la etapa de postulaciones para escoger en qu\u00e9 centro educativo continuar\u00e1n sus estudios<\/p>\n<p style=\"text-align: justify;\"><em>\u00a0<\/em><\/p>\n<\/div><\/section><\/div><div  style='height:50px' class='hr hr-invisible   avia-builder-el-6  el_after_av_one_full  el_before_av_social_share '><span class='hr-inner ' ><span class='hr-inner-style'><\/span><\/span><\/div><\/p>\n<div  class='av-social-sharing-box  avia-builder-el-7  el_after_av_hr  el_before_av_hr  '><div class='av-share-box'><h5 class='av-share-link-description av-no-toc '>Compartir esta noticia<\/h5><ul class='av-share-box-list noLightbox'><li class='av-share-link av-social-link-facebook' ><a target=\"_blank\" aria-label=\"Compartir en Facebook\" href='https:\/\/www.facebook.com\/sharer.php?u=https:\/\/radiorevelacionfm.cl\/?p=22880&#038;t=En%20General%20Carrera%20organizan%20Feria%20de%20Oportunidades%20en%20liceos%20de%20la%20provincia' aria-hidden='false' data-av_icon='\ue8f3' data-av_iconfont='entypo-fontello' title='' data-avia-related-tooltip='Compartir en Facebook' rel=\"noopener\"><span class='avia_hidden_link_text'>Compartir en Facebook<\/span><\/a><\/li><li class='av-share-link av-social-link-twitter' ><a target=\"_blank\" aria-label=\"Compartir en Twitter\" href='https:\/\/twitter.com\/share?text=En%20General%20Carrera%20organizan%20Feria%20de%20Oportunidades%20en%20liceos%20de%20la%20provincia&#038;url=https:\/\/radiorevelacionfm.cl\/?p=22880' aria-hidden='false' data-av_icon='\ue8f1' data-av_iconfont='entypo-fontello' title='' data-avia-related-tooltip='Compartir en Twitter' rel=\"noopener\"><span class='avia_hidden_link_text'>Compartir en Twitter<\/span><\/a><\/li><li class='av-share-link av-social-link-whatsapp' ><a target=\"_blank\" aria-label=\"Compartir en Whatsapp\" href='https:\/\/api.whatsapp.com\/send?text=https:\/\/radiorevelacionfm.cl\/?p=22880' aria-hidden='false' data-av_icon='\uf232' data-av_iconfont='entypo-fontello' title='' data-avia-related-tooltip='Compartir en Whatsapp' rel=\"noopener\"><span class='avia_hidden_link_text'>Compartir en Whatsapp<\/span><\/a><\/li><li class='av-share-link av-social-link-linkedin' ><a target=\"_blank\" aria-label=\"Compartir en LinkedIn\" href='https:\/\/linkedin.com\/shareArticle?mini=true&#038;title=En%20General%20Carrera%20organizan%20Feria%20de%20Oportunidades%20en%20liceos%20de%20la%20provincia&#038;url=https:\/\/radiorevelacionfm.cl\/?p=22880' aria-hidden='false' data-av_icon='\ue8fc' data-av_iconfont='entypo-fontello' title='' data-avia-related-tooltip='Compartir en LinkedIn' rel=\"noopener\"><span class='avia_hidden_link_text'>Compartir en LinkedIn<\/span><\/a><\/li><li class='av-share-link av-social-link-mail' ><a  aria-label=\"Compartir por correo\" href='mailto:?subject=En%20General%20Carrera%20organizan%20Feria%20de%20Oportunidades%20en%20liceos%20de%20la%20provincia&#038;body=https:\/\/radiorevelacionfm.cl\/?p=22880' aria-hidden='false' data-av_icon='\ue805' data-av_iconfont='entypo-fontello' title='' data-avia-related-tooltip='Compartir por correo'><span class='avia_hidden_link_text'>Compartir por correo<\/span><\/a><\/li><\/ul><\/div><\/div>\n<div  style='height:50px' class='hr hr-invisible   avia-builder-el-8  el_after_av_social_share  el_before_av_comments_list '><span class='hr-inner ' ><span class='hr-inner-style'><\/span><\/span><\/div>\n<div  class='av-buildercomment  av-blog-meta-html-info-disabled av-blog-meta-tag-disabled  '><\/div>\n","protected":false},"excerpt":{"rendered":"","protected":false},"author":1,"featured_media":22881,"comment_status":"open","ping_status":"open","sticky":false,"template":"","format":"standard","meta":{"footnotes":""},"categories":[38],"tags":[],"class_list":["post-22880","post","type-post","status-publish","format-standard","has-post-thumbnail","hentry","category-regional"],"jetpack_featured_media_url":"https:\/\/radiorevelacionfm.cl\/wp-content\/uploads\/2022\/10\/Feria-de-Oportunidades-3-1-1.jpeg","_links":{"self":[{"href":"https:\/\/radiorevelacionfm.cl\/index.php?rest_route=\/wp\/v2\/posts\/22880","targetHints":{"allow":["GET"]}}],"collection":[{"href":"https:\/\/radiorevelacionfm.cl\/index.php?rest_route=\/wp\/v2\/posts"}],"about":[{"href":"https:\/\/radiorevelacionfm.cl\/index.php?rest_route=\/wp\/v2\/types\/post"}],"author":[{"embeddable":true,"href":"https:\/\/radiorevelacionfm.cl\/index.php?rest_route=\/wp\/v2\/users\/1"}],"replies":[{"embeddable":true,"href":"https:\/\/radiorevelacionfm.cl\/index.php?rest_route=%2Fwp%2Fv2%2Fcomments&post=22880"}],"version-history":[{"count":2,"href":"https:\/\/radiorevelacionfm.cl\/index.php?rest_route=\/wp\/v2\/posts\/22880\/revisions"}],"predecessor-version":[{"id":22925,"href":"https:\/\/radiorevelacionfm.cl\/index.php?rest_route=\/wp\/v2\/posts\/22880\/revisions\/22925"}],"wp:featuredmedia":[{"embeddable":true,"href":"https:\/\/radiorevelacionfm.cl\/index.php?rest_route=\/wp\/v2\/media\/22881"}],"wp:attachment":[{"href":"https:\/\/radiorevelacionfm.cl\/index.php?rest_route=%2Fwp%2Fv2%2Fmedia&parent=22880"}],"wp:term":[{"taxonomy":"category","embeddable":true,"href":"https:\/\/radiorevelacionfm.cl\/index.php?rest_route=%2Fwp%2Fv2%2Fcategories&post=22880"},{"taxonomy":"post_tag","embeddable":true,"href":"https:\/\/radiorevelacionfm.cl\/index.php?rest_route=%2Fwp%2Fv2%2Ftags&post=22880"}],"curies":[{"name":"wp","href":"https:\/\/api.w.org\/{rel}","templated":true}]}}