{"id":22877,"date":"2022-10-11T17:47:48","date_gmt":"2022-10-11T20:47:48","guid":{"rendered":"https:\/\/radiorevelacionfm.cl\/?p=22877"},"modified":"2022-10-11T17:47:48","modified_gmt":"2022-10-11T20:47:48","slug":"seremi-de-agricultura-compromete-concentrado-animal-para-productores-de-cisnes","status":"publish","type":"post","link":"https:\/\/radiorevelacionfm.cl\/?p=22877","title":{"rendered":"Seremi de Agricultura compromete concentrado animal para productores de Cisnes"},"content":{"rendered":"<div class=\"flex_column av_one_full  flex_column_div av-zero-column-padding first  avia-builder-el-0  el_before_av_one_full  avia-builder-el-first  \" style='border-radius:0px; '><div  class='avia-image-container  av-styling-    avia-builder-el-1  avia-builder-el-no-sibling  avia-align-center '  itemprop=\"image\" itemscope=\"itemscope\" itemtype=\"https:\/\/schema.org\/ImageObject\"  ><div class='avia-image-container-inner'><div class='avia-image-overlay-wrap'><img decoding=\"async\" class='wp-image-22878 avia-img-lazy-loading-not-22878 avia_image' src=\"https:\/\/radiorevelacionfm.cl\/wp-content\/uploads\/2022\/10\/alcalde-seremi-agricultura-1-1.jpeg\" alt='' title='alcalde seremi agricultura (1) (1)' height=\"600\" width=\"850\"  itemprop=\"thumbnailUrl\" srcset=\"https:\/\/radiorevelacionfm.cl\/wp-content\/uploads\/2022\/10\/alcalde-seremi-agricultura-1-1.jpeg 850w, https:\/\/radiorevelacionfm.cl\/wp-content\/uploads\/2022\/10\/alcalde-seremi-agricultura-1-1-300x212.jpeg 300w, https:\/\/radiorevelacionfm.cl\/wp-content\/uploads\/2022\/10\/alcalde-seremi-agricultura-1-1-768x542.jpeg 768w, https:\/\/radiorevelacionfm.cl\/wp-content\/uploads\/2022\/10\/alcalde-seremi-agricultura-1-1-260x185.jpeg 260w, https:\/\/radiorevelacionfm.cl\/wp-content\/uploads\/2022\/10\/alcalde-seremi-agricultura-1-1-705x498.jpeg 705w, https:\/\/radiorevelacionfm.cl\/wp-content\/uploads\/2022\/10\/alcalde-seremi-agricultura-1-1-600x424.jpeg 600w\" sizes=\"(max-width: 850px) 100vw, 850px\" \/><\/div><\/div><\/div><\/div><div class=\"flex_column av_one_full  flex_column_div av-zero-column-padding first  avia-builder-el-2  el_after_av_one_full  el_before_av_one_full  column-top-margin\" style='border-radius:0px; '><section class=\"av_textblock_section \"  itemscope=\"itemscope\" itemtype=\"https:\/\/schema.org\/BlogPosting\" itemprop=\"blogPost\" ><div class='avia_textblock  '   itemprop=\"text\" ><p style=\"text-align: center;\"><strong><span style=\"font-size: 18pt;\">Seremi de Agricultura compromete concentrado animal para productores de Cisnes<\/span><\/strong><\/p>\n<div id=\"gtx-trans\" style=\"position: absolute; left: -50px; top: 4.31534px;\">\n<div class=\"gtx-trans-icon\"><\/div>\n<\/div>\n<\/div><\/section><\/div><div class=\"flex_column av_one_full  flex_column_div av-zero-column-padding first  avia-builder-el-4  el_after_av_one_full  el_before_av_hr  column-top-margin\" style='border-radius:0px; '><section class=\"av_textblock_section \"  itemscope=\"itemscope\" itemtype=\"https:\/\/schema.org\/BlogPosting\" itemprop=\"blogPost\" ><div class='avia_textblock  '   itemprop=\"text\" ><p style=\"text-align: justify;\">Tambi\u00e9n se entregar\u00e1 fertilizante para horticultores de la comuna. Todo esto en base al decreto de emergencia agr\u00edcola en el que se incorpor\u00f3 a la comuna de Cisnes<\/p>\n<p style=\"text-align: justify;\">La semana reci\u00e9n pasada, el Alcalde Francisco Roncagliolo Lepio, se reuni\u00f3 con el Seremi de Agricultura de la regi\u00f3n de Ays\u00e9n, Alan Espinoza Ortiz, para coordinar la implementaci\u00f3n de la emergencia agr\u00edcola en nuestra comuna.<\/p>\n<p style=\"text-align: justify;\">\u201cJunto al Seremi de Agricultura de la regi\u00f3n de Ays\u00e9n, estamos trabajando en lo que significa esta emergencia agr\u00edcola, en la cual, se incorpor\u00f3 a nuestra comuna de Cisnes y hemos estado avanzado en lo que son los listados de apoyo para alimento concentrado animal y una muy buena noticia para los horticultores del territorio, en relaci\u00f3n a fertilizantes\u201d, manifest\u00f3 el Alcalde de Cisnes.<\/p>\n<p style=\"text-align: justify;\">En detalle y despu\u00e9s de largas conversaciones sostenidas en el \u00faltimo tiempo, cerrando ya los temas administrativos, se entregar\u00e1 apoyo a 265 usuarios con alimento concentrado para animales y a 70 usuarios se les entregar\u00e1 fertilizantes.<\/p>\n<p style=\"text-align: justify;\">\u201cEstamos comprometiendo el apoyo a 265 productores con concentrado animal, estamos haciendo el esfuerzo desde el Ministerio de Agricultura, por cierto, tambi\u00e9n con el apoyo del Gobierno Regional que nos ha podido financiar este proyecto y tal como lo anunci\u00f3 el Alcalde, vamos a apoyar a 70 productores con fertilizante durante esta temporada. Para nosotros es s\u00faper importante poder estar de la manera m\u00e1s oportuna y seguir trabajando por nuestra querida regi\u00f3n de Ays\u00e9n\u201d, indic\u00f3 el Seremi de Agricultura, Alan Espinoza.<\/p>\n<p style=\"text-align: justify;\">El Alcalde Roncagliolo, finaliz\u00f3 destacando el trabajo del equipo municipal, la voluntad del Ministerio de Agricultura y su Seremi para buscar la mejor soluci\u00f3n pensando en la comuna de Cisnes, adem\u00e1s del importante financiamiento del Gobierno Regional de Ays\u00e9n y su Consejo.<\/p>\n<\/div><\/section><\/div><div  style='height:50px' class='hr hr-invisible   avia-builder-el-6  el_after_av_one_full  el_before_av_social_share '><span class='hr-inner ' ><span class='hr-inner-style'><\/span><\/span><\/div><\/p>\n<div  class='av-social-sharing-box  avia-builder-el-7  el_after_av_hr  el_before_av_hr  '><div class='av-share-box'><h5 class='av-share-link-description av-no-toc '>Compartir esta noticia<\/h5><ul class='av-share-box-list noLightbox'><li class='av-share-link av-social-link-facebook' ><a target=\"_blank\" aria-label=\"Compartir en Facebook\" href='https:\/\/www.facebook.com\/sharer.php?u=https:\/\/radiorevelacionfm.cl\/?p=22877&#038;t=Seremi%20de%20Agricultura%20compromete%20concentrado%20animal%20para%20productores%20de%20Cisnes' aria-hidden='false' data-av_icon='\ue8f3' data-av_iconfont='entypo-fontello' title='' data-avia-related-tooltip='Compartir en Facebook' rel=\"noopener\"><span class='avia_hidden_link_text'>Compartir en Facebook<\/span><\/a><\/li><li class='av-share-link av-social-link-twitter' ><a target=\"_blank\" aria-label=\"Compartir en Twitter\" href='https:\/\/twitter.com\/share?text=Seremi%20de%20Agricultura%20compromete%20concentrado%20animal%20para%20productores%20de%20Cisnes&#038;url=https:\/\/radiorevelacionfm.cl\/?p=22877' aria-hidden='false' data-av_icon='\ue8f1' data-av_iconfont='entypo-fontello' title='' data-avia-related-tooltip='Compartir en Twitter' rel=\"noopener\"><span class='avia_hidden_link_text'>Compartir en Twitter<\/span><\/a><\/li><li class='av-share-link av-social-link-whatsapp' ><a target=\"_blank\" aria-label=\"Compartir en Whatsapp\" href='https:\/\/api.whatsapp.com\/send?text=https:\/\/radiorevelacionfm.cl\/?p=22877' aria-hidden='false' data-av_icon='\uf232' data-av_iconfont='entypo-fontello' title='' data-avia-related-tooltip='Compartir en Whatsapp' rel=\"noopener\"><span class='avia_hidden_link_text'>Compartir en Whatsapp<\/span><\/a><\/li><li class='av-share-link av-social-link-linkedin' ><a target=\"_blank\" aria-label=\"Compartir en LinkedIn\" href='https:\/\/linkedin.com\/shareArticle?mini=true&#038;title=Seremi%20de%20Agricultura%20compromete%20concentrado%20animal%20para%20productores%20de%20Cisnes&#038;url=https:\/\/radiorevelacionfm.cl\/?p=22877' aria-hidden='false' data-av_icon='\ue8fc' data-av_iconfont='entypo-fontello' title='' data-avia-related-tooltip='Compartir en LinkedIn' rel=\"noopener\"><span class='avia_hidden_link_text'>Compartir en LinkedIn<\/span><\/a><\/li><li class='av-share-link av-social-link-mail' ><a  aria-label=\"Compartir por correo\" href='mailto:?subject=Seremi%20de%20Agricultura%20compromete%20concentrado%20animal%20para%20productores%20de%20Cisnes&#038;body=https:\/\/radiorevelacionfm.cl\/?p=22877' aria-hidden='false' data-av_icon='\ue805' data-av_iconfont='entypo-fontello' title='' data-avia-related-tooltip='Compartir por correo'><span class='avia_hidden_link_text'>Compartir por correo<\/span><\/a><\/li><\/ul><\/div><\/div>\n<div  style='height:50px' class='hr hr-invisible   avia-builder-el-8  el_after_av_social_share  el_before_av_comments_list '><span class='hr-inner ' ><span class='hr-inner-style'><\/span><\/span><\/div>\n<div  class='av-buildercomment  av-blog-meta-html-info-disabled av-blog-meta-tag-disabled  '><\/div>\n","protected":false},"excerpt":{"rendered":"","protected":false},"author":1,"featured_media":22878,"comment_status":"open","ping_status":"open","sticky":false,"template":"","format":"standard","meta":{"footnotes":""},"categories":[58],"tags":[],"class_list":["post-22877","post","type-post","status-publish","format-standard","has-post-thumbnail","hentry","category-agricultura"],"jetpack_featured_media_url":"https:\/\/radiorevelacionfm.cl\/wp-content\/uploads\/2022\/10\/alcalde-seremi-agricultura-1-1.jpeg","_links":{"self":[{"href":"https:\/\/radiorevelacionfm.cl\/index.php?rest_route=\/wp\/v2\/posts\/22877","targetHints":{"allow":["GET"]}}],"collection":[{"href":"https:\/\/radiorevelacionfm.cl\/index.php?rest_route=\/wp\/v2\/posts"}],"about":[{"href":"https:\/\/radiorevelacionfm.cl\/index.php?rest_route=\/wp\/v2\/types\/post"}],"author":[{"embeddable":true,"href":"https:\/\/radiorevelacionfm.cl\/index.php?rest_route=\/wp\/v2\/users\/1"}],"replies":[{"embeddable":true,"href":"https:\/\/radiorevelacionfm.cl\/index.php?rest_route=%2Fwp%2Fv2%2Fcomments&post=22877"}],"version-history":[{"count":2,"href":"https:\/\/radiorevelacionfm.cl\/index.php?rest_route=\/wp\/v2\/posts\/22877\/revisions"}],"predecessor-version":[{"id":22897,"href":"https:\/\/radiorevelacionfm.cl\/index.php?rest_route=\/wp\/v2\/posts\/22877\/revisions\/22897"}],"wp:featuredmedia":[{"embeddable":true,"href":"https:\/\/radiorevelacionfm.cl\/index.php?rest_route=\/wp\/v2\/media\/22878"}],"wp:attachment":[{"href":"https:\/\/radiorevelacionfm.cl\/index.php?rest_route=%2Fwp%2Fv2%2Fmedia&parent=22877"}],"wp:term":[{"taxonomy":"category","embeddable":true,"href":"https:\/\/radiorevelacionfm.cl\/index.php?rest_route=%2Fwp%2Fv2%2Fcategories&post=22877"},{"taxonomy":"post_tag","embeddable":true,"href":"https:\/\/radiorevelacionfm.cl\/index.php?rest_route=%2Fwp%2Fv2%2Ftags&post=22877"}],"curies":[{"name":"wp","href":"https:\/\/api.w.org\/{rel}","templated":true}]}}