{"id":22873,"date":"2022-10-11T17:36:01","date_gmt":"2022-10-11T20:36:01","guid":{"rendered":"https:\/\/radiorevelacionfm.cl\/?p=22873"},"modified":"2022-10-11T17:36:01","modified_gmt":"2022-10-11T20:36:01","slug":"catorce-estudiantes-de-diversas-carreras-de-la-uaysen-recibieron-sus-titulos-profesionales-en-una-emotiva-ceremonia","status":"publish","type":"post","link":"https:\/\/radiorevelacionfm.cl\/?p=22873","title":{"rendered":"Catorce estudiantes de diversas carreras de la UAys\u00e9n recibieron sus t\u00edtulos profesionales en una emotiva ceremonia"},"content":{"rendered":"<div class=\"flex_column av_one_full  flex_column_div av-zero-column-padding first  avia-builder-el-0  el_before_av_one_full  avia-builder-el-first  \" style='border-radius:0px; '><div  class='avia-image-container  av-styling-    avia-builder-el-1  avia-builder-el-no-sibling  avia-align-center '  itemprop=\"image\" itemscope=\"itemscope\" itemtype=\"https:\/\/schema.org\/ImageObject\"  ><div class='avia-image-container-inner'><div class='avia-image-overlay-wrap'><img decoding=\"async\" class='wp-image-22874 avia-img-lazy-loading-not-22874 avia_image' src=\"https:\/\/radiorevelacionfm.cl\/wp-content\/uploads\/2022\/10\/titulacion-03-1-1.jpg\" alt='' title='titulaci\u00f3n 03 (1) (1)' height=\"600\" width=\"874\"  itemprop=\"thumbnailUrl\" srcset=\"https:\/\/radiorevelacionfm.cl\/wp-content\/uploads\/2022\/10\/titulacion-03-1-1.jpg 874w, https:\/\/radiorevelacionfm.cl\/wp-content\/uploads\/2022\/10\/titulacion-03-1-1-300x206.jpg 300w, https:\/\/radiorevelacionfm.cl\/wp-content\/uploads\/2022\/10\/titulacion-03-1-1-768x527.jpg 768w, https:\/\/radiorevelacionfm.cl\/wp-content\/uploads\/2022\/10\/titulacion-03-1-1-705x484.jpg 705w, https:\/\/radiorevelacionfm.cl\/wp-content\/uploads\/2022\/10\/titulacion-03-1-1-600x412.jpg 600w\" sizes=\"(max-width: 874px) 100vw, 874px\" \/><\/div><\/div><\/div><\/div><div class=\"flex_column av_one_full  flex_column_div av-zero-column-padding first  avia-builder-el-2  el_after_av_one_full  el_before_av_one_full  column-top-margin\" style='border-radius:0px; '><section class=\"av_textblock_section \"  itemscope=\"itemscope\" itemtype=\"https:\/\/schema.org\/BlogPosting\" itemprop=\"blogPost\" ><div class='avia_textblock  '   itemprop=\"text\" ><p style=\"text-align: center;\"><strong><span style=\"font-size: 18pt;\">Catorce estudiantes de diversas carreras de la UAys\u00e9n recibieron sus t\u00edtulos profesionales en una emotiva ceremonia<\/span><\/strong><\/p>\n<div id=\"gtx-trans\" style=\"position: absolute; left: -50px; top: 4.31534px;\">\n<div class=\"gtx-trans-icon\"><\/div>\n<\/div>\n<\/div><\/section><\/div><div class=\"flex_column av_one_full  flex_column_div av-zero-column-padding first  avia-builder-el-4  el_after_av_one_full  el_before_av_hr  column-top-margin\" style='border-radius:0px; '><section class=\"av_textblock_section \"  itemscope=\"itemscope\" itemtype=\"https:\/\/schema.org\/BlogPosting\" itemprop=\"blogPost\" ><div class='avia_textblock  '   itemprop=\"text\" ><p style=\"text-align: justify;\">A siete a\u00f1os de su creaci\u00f3n, la primera generaci\u00f3n de profesionales de la UAys\u00e9n, acompa\u00f1ada de sus familiares y amistades, recibi\u00f3 su diploma en una ceremonia que cont\u00f3 con la presencia de gran parte de la comunidad universitaria y de autoridades regionales, adem\u00e1s de la presentaci\u00f3n de la camerata vocal de la universidad.<\/p>\n<p style=\"text-align: justify;\">Natacha Pino Acu\u00f1a, rectora de la Universidad de Ays\u00e9n destaca que la casa de estudios regional \u201clleg\u00f3 para concretar el anhelo de la Regi\u00f3n de Ays\u00e9n de contar con educaci\u00f3n superior sin que los y las j\u00f3venes tuvieran que trasladarse a otros puntos del pa\u00eds, con todo el costo econ\u00f3mico y familiar que eso implica. En el caso de quienes son las y los primeros titulados, m\u00e1s de la mitad es parte de la primera generaci\u00f3n de profesionales de sus n\u00facleos familiares, lo que convierte a nuestra casa de estudios en un hito para la regi\u00f3n y para cada una de esas familias, que genera una valiosa movilidad social\u201d.<\/p>\n<p style=\"text-align: justify;\">M\u00e1s de la mitad de las y los titulados, son parte de la primera generaci\u00f3n de profesionales de sus familias, cuyos padres cursaron y aprobaron en su mayor\u00eda la educaci\u00f3n media, mientras que otros solo la b\u00e1sica completa.<\/p>\n<p style=\"text-align: justify;\">Tamara Vega, recientemente titulada de obstetricia, releva la importancia de la educaci\u00f3n integral. \u201cEsta instituci\u00f3n nos ha brindado las herramientas necesarias para tener un desarrollo acad\u00e9mico e integral. Recuerdo con especial emoci\u00f3n mi viaje a Estados Unidos, en el que pude conocer el sistema de salud en varios estados, lo que se transform\u00f3 en un experiencia enriquecedora tanto para los y las\u00a0 estudiantes que viajamos en esa oportunidad tanto de obstetricia y enfermer\u00eda, como para la Universidad y la Regi\u00f3n de Ays\u00e9n\u201d, se\u00f1al\u00f3.<\/p>\n<p style=\"text-align: justify;\">De este grupo de estudiantes graduados y titulados, destaca que son de la Regi\u00f3n de Ays\u00e9n, principalmente de las comunas de Coyhaique y Ays\u00e9n, provenientes de educaci\u00f3n particular subvencionada y municipal.<\/p>\n<p style=\"text-align: justify;\">David Vera, titulado de Trabajo Social y oriundo de Puerto Ays\u00e9n, se\u00f1ala lo que para \u00e9l signific\u00f3 su paso por la Universidad de Ays\u00e9n. \u201cEstoy muy emocionado por haber terminado este proceso tan importante para mi y para mi familia que siempre quisieron que, como hijo, saque una carrera profesional. Por eso les digo a los y las j\u00f3venes que se atrevan, que es una gran oportunidad para no migrar de la regi\u00f3n, con todo lo que conlleva\u201d, coment\u00f3.<\/p>\n<p style=\"text-align: justify;\">Carlos Zamorano, director acad\u00e9mico de la UAys\u00e9n, defini\u00f3 la ceremonia como emotiva y plena. \u201cLe sigue dando sentido a lo que estamos haciendo. Cuando vimos ese primer llamado a concurso acad\u00e9mico en 2016, uno imagina este momento, imagina la universidad que vamos a construir y lo que podemos aportar, pero nunca somos capaces de dimensionar hasta que llega este momento y se hace realidad\u201d, indic\u00f3.<\/p>\n<p style=\"text-align: justify;\">La primera generaci\u00f3n de titulados y tituladas, cohorte 2017, incluye dos nuevas ingenieras civiles industriales, tres matronas, dos enfermeras, un ingeniero agr\u00f3nomo, cuatro trabajadoras sociales y dos trabajadores sociales, de los cuales siete ya se encuentran trabajando.<\/p>\n<\/div><\/section><\/div><div  style='height:50px' class='hr hr-invisible   avia-builder-el-6  el_after_av_one_full  el_before_av_social_share '><span class='hr-inner ' ><span class='hr-inner-style'><\/span><\/span><\/div><\/p>\n<div  class='av-social-sharing-box  avia-builder-el-7  el_after_av_hr  el_before_av_hr  '><div class='av-share-box'><h5 class='av-share-link-description av-no-toc '>Compartir esta noticia<\/h5><ul class='av-share-box-list noLightbox'><li class='av-share-link av-social-link-facebook' ><a target=\"_blank\" aria-label=\"Compartir en Facebook\" href='https:\/\/www.facebook.com\/sharer.php?u=https:\/\/radiorevelacionfm.cl\/?p=22873&#038;t=Catorce%20estudiantes%20de%20diversas%20carreras%20de%20la%20UAys%C3%A9n%20recibieron%20sus%20t%C3%ADtulos%20profesionales%20en%20una%20emotiva%20ceremonia' aria-hidden='false' data-av_icon='\ue8f3' data-av_iconfont='entypo-fontello' title='' data-avia-related-tooltip='Compartir en Facebook' rel=\"noopener\"><span class='avia_hidden_link_text'>Compartir en Facebook<\/span><\/a><\/li><li class='av-share-link av-social-link-twitter' ><a target=\"_blank\" aria-label=\"Compartir en Twitter\" href='https:\/\/twitter.com\/share?text=Catorce%20estudiantes%20de%20diversas%20carreras%20de%20la%20UAys%C3%A9n%20recibieron%20sus%20t%C3%ADtulos%20profesionales%20en%20una%20emotiva%20ceremonia&#038;url=https:\/\/radiorevelacionfm.cl\/?p=22873' aria-hidden='false' data-av_icon='\ue8f1' data-av_iconfont='entypo-fontello' title='' data-avia-related-tooltip='Compartir en Twitter' rel=\"noopener\"><span class='avia_hidden_link_text'>Compartir en Twitter<\/span><\/a><\/li><li class='av-share-link av-social-link-whatsapp' ><a target=\"_blank\" aria-label=\"Compartir en Whatsapp\" href='https:\/\/api.whatsapp.com\/send?text=https:\/\/radiorevelacionfm.cl\/?p=22873' aria-hidden='false' data-av_icon='\uf232' data-av_iconfont='entypo-fontello' title='' data-avia-related-tooltip='Compartir en Whatsapp' rel=\"noopener\"><span class='avia_hidden_link_text'>Compartir en Whatsapp<\/span><\/a><\/li><li class='av-share-link av-social-link-linkedin' ><a target=\"_blank\" aria-label=\"Compartir en LinkedIn\" href='https:\/\/linkedin.com\/shareArticle?mini=true&#038;title=Catorce%20estudiantes%20de%20diversas%20carreras%20de%20la%20UAys%C3%A9n%20recibieron%20sus%20t%C3%ADtulos%20profesionales%20en%20una%20emotiva%20ceremonia&#038;url=https:\/\/radiorevelacionfm.cl\/?p=22873' aria-hidden='false' data-av_icon='\ue8fc' data-av_iconfont='entypo-fontello' title='' data-avia-related-tooltip='Compartir en LinkedIn' rel=\"noopener\"><span class='avia_hidden_link_text'>Compartir en LinkedIn<\/span><\/a><\/li><li class='av-share-link av-social-link-mail' ><a  aria-label=\"Compartir por correo\" href='mailto:?subject=Catorce%20estudiantes%20de%20diversas%20carreras%20de%20la%20UAys%C3%A9n%20recibieron%20sus%20t%C3%ADtulos%20profesionales%20en%20una%20emotiva%20ceremonia&#038;body=https:\/\/radiorevelacionfm.cl\/?p=22873' aria-hidden='false' data-av_icon='\ue805' data-av_iconfont='entypo-fontello' title='' data-avia-related-tooltip='Compartir por correo'><span class='avia_hidden_link_text'>Compartir por correo<\/span><\/a><\/li><\/ul><\/div><\/div>\n<div  style='height:50px' class='hr hr-invisible   avia-builder-el-8  el_after_av_social_share  el_before_av_comments_list '><span class='hr-inner ' ><span class='hr-inner-style'><\/span><\/span><\/div>\n<div  class='av-buildercomment  av-blog-meta-html-info-disabled av-blog-meta-tag-disabled  '><\/div>\n","protected":false},"excerpt":{"rendered":"","protected":false},"author":1,"featured_media":22874,"comment_status":"open","ping_status":"open","sticky":false,"template":"","format":"standard","meta":{"footnotes":""},"categories":[49],"tags":[],"class_list":["post-22873","post","type-post","status-publish","format-standard","has-post-thumbnail","hentry","category-educacion"],"jetpack_featured_media_url":"https:\/\/radiorevelacionfm.cl\/wp-content\/uploads\/2022\/10\/titulacion-03-1-1.jpg","_links":{"self":[{"href":"https:\/\/radiorevelacionfm.cl\/index.php?rest_route=\/wp\/v2\/posts\/22873","targetHints":{"allow":["GET"]}}],"collection":[{"href":"https:\/\/radiorevelacionfm.cl\/index.php?rest_route=\/wp\/v2\/posts"}],"about":[{"href":"https:\/\/radiorevelacionfm.cl\/index.php?rest_route=\/wp\/v2\/types\/post"}],"author":[{"embeddable":true,"href":"https:\/\/radiorevelacionfm.cl\/index.php?rest_route=\/wp\/v2\/users\/1"}],"replies":[{"embeddable":true,"href":"https:\/\/radiorevelacionfm.cl\/index.php?rest_route=%2Fwp%2Fv2%2Fcomments&post=22873"}],"version-history":[{"count":2,"href":"https:\/\/radiorevelacionfm.cl\/index.php?rest_route=\/wp\/v2\/posts\/22873\/revisions"}],"predecessor-version":[{"id":22889,"href":"https:\/\/radiorevelacionfm.cl\/index.php?rest_route=\/wp\/v2\/posts\/22873\/revisions\/22889"}],"wp:featuredmedia":[{"embeddable":true,"href":"https:\/\/radiorevelacionfm.cl\/index.php?rest_route=\/wp\/v2\/media\/22874"}],"wp:attachment":[{"href":"https:\/\/radiorevelacionfm.cl\/index.php?rest_route=%2Fwp%2Fv2%2Fmedia&parent=22873"}],"wp:term":[{"taxonomy":"category","embeddable":true,"href":"https:\/\/radiorevelacionfm.cl\/index.php?rest_route=%2Fwp%2Fv2%2Fcategories&post=22873"},{"taxonomy":"post_tag","embeddable":true,"href":"https:\/\/radiorevelacionfm.cl\/index.php?rest_route=%2Fwp%2Fv2%2Ftags&post=22873"}],"curies":[{"name":"wp","href":"https:\/\/api.w.org\/{rel}","templated":true}]}}