{"id":22870,"date":"2022-10-12T10:04:08","date_gmt":"2022-10-12T13:04:08","guid":{"rendered":"https:\/\/radiorevelacionfm.cl\/?p=22870"},"modified":"2022-10-12T10:18:32","modified_gmt":"2022-10-12T13:18:32","slug":"exitosa-participacion-de-jardin-infantil-de-la-junta-en-seminario-comparte-educacion","status":"publish","type":"post","link":"https:\/\/radiorevelacionfm.cl\/?p=22870","title":{"rendered":"Exitosa participaci\u00f3n de Jard\u00edn Infantil \u00abRayito de Sol\u00bb de La Junta en Seminario \u201cComparte Educaci\u00f3n\u201d"},"content":{"rendered":"<div class=\"flex_column av_one_full  flex_column_div av-zero-column-padding first  avia-builder-el-0  el_before_av_one_full  avia-builder-el-first  \" style='border-radius:0px; '><div  class='avia-image-container  av-styling-    avia-builder-el-1  avia-builder-el-no-sibling  avia-align-center '  itemprop=\"image\" itemscope=\"itemscope\" itemtype=\"https:\/\/schema.org\/ImageObject\"  ><div class='avia-image-container-inner'><div class='avia-image-overlay-wrap'><img decoding=\"async\" class='wp-image-22871 avia-img-lazy-loading-not-22871 avia_image' src=\"https:\/\/radiorevelacionfm.cl\/wp-content\/uploads\/2022\/10\/IMG_0431-min-1-1.jpg\" alt='' title='IMG_0431-min (1) (1)' height=\"600\" width=\"902\"  itemprop=\"thumbnailUrl\" srcset=\"https:\/\/radiorevelacionfm.cl\/wp-content\/uploads\/2022\/10\/IMG_0431-min-1-1.jpg 902w, https:\/\/radiorevelacionfm.cl\/wp-content\/uploads\/2022\/10\/IMG_0431-min-1-1-300x200.jpg 300w, https:\/\/radiorevelacionfm.cl\/wp-content\/uploads\/2022\/10\/IMG_0431-min-1-1-768x511.jpg 768w, https:\/\/radiorevelacionfm.cl\/wp-content\/uploads\/2022\/10\/IMG_0431-min-1-1-705x469.jpg 705w, https:\/\/radiorevelacionfm.cl\/wp-content\/uploads\/2022\/10\/IMG_0431-min-1-1-600x399.jpg 600w\" sizes=\"(max-width: 902px) 100vw, 902px\" \/><\/div><\/div><\/div><\/div>\n<div class=\"flex_column av_one_full  flex_column_div av-zero-column-padding first  avia-builder-el-2  el_after_av_one_full  el_before_av_one_full  column-top-margin\" style='border-radius:0px; '><section class=\"av_textblock_section \"  itemscope=\"itemscope\" itemtype=\"https:\/\/schema.org\/BlogPosting\" itemprop=\"blogPost\" ><div class='avia_textblock  '   itemprop=\"text\" ><p style=\"text-align: center;\"><strong><span style=\"font-size: 18pt;\">Exitosa participaci\u00f3n de Jard\u00edn Infantil \u00abRayito de Sol\u00bb de La Junta en Seminario \u201cComparte Educaci\u00f3n\u201d<\/span><\/strong><\/p>\n<div id=\"gtx-trans\" style=\"position: absolute; left: -50px; top: 4.31534px;\">\n<div class=\"gtx-trans-icon\"><\/div>\n<\/div>\n<\/div><\/section><\/div><div class=\"flex_column av_one_full  flex_column_div av-zero-column-padding first  avia-builder-el-4  el_after_av_one_full  el_before_av_hr  column-top-margin\" style='border-radius:0px; '><section class=\"av_textblock_section \"  itemscope=\"itemscope\" itemtype=\"https:\/\/schema.org\/BlogPosting\" itemprop=\"blogPost\" ><div class='avia_textblock  '   itemprop=\"text\" ><p style=\"font-weight: 400; text-align: justify;\">Contentos regres\u00f3 la comitiva regional de Fundaci\u00f3n Integra tras su participaci\u00f3n en la d\u00e9cima versi\u00f3n del Seminario Nacional \u201cComparte Educaci\u00f3n\u201d en la que educadoras, agentes educativas y asistentes administrativas de jardines infantiles y profesionales de oficinas regionales de todo el pa\u00eds se re\u00fanen para conocer el trabajo que desarrollan los equipos educativos de Fundaci\u00f3n Integra en todo el pa\u00eds, como una forma de promover el intercambio de experiencias pedag\u00f3gicas innovadoras ejecutadas en todo el pa\u00eds.<\/p>\n<p style=\"font-weight: 400; text-align: justify;\">La directora regional de Fundaci\u00f3n Integra, Leticia Araya Norambuena destac\u00f3 la importancia de estos espacios de encuentro recalcando que \u201cfue una semana intensa, plagada de emociones y de desaf\u00edos. La educaci\u00f3n parvularia constantemente nos ofrece desaf\u00edos, y creo que eso es lo interesante de trabajar en esto, porque la educaci\u00f3n es transformaci\u00f3n y desde la reflexi\u00f3n y desde los desaf\u00edos que los equipos tienen vamos poniendo en valor que las infancias son ahora\u201d.<\/p>\n<p style=\"font-weight: 400; text-align: justify;\">Este seminario nacional se desarroll\u00f3 en Santiago entre el 4 y el 6 de octubre y fue encabezada por las m\u00e1ximas autoridades del \u00e1mbito educativo nacional, en la que se expusieron 17 acciones desarrolladas por los equipos educativos durante el contexto de pandemia y que permitieron dar continuidad a los procesos formativos, facilitando as\u00ed el retorno a la presencialidad de los ni\u00f1os y ni\u00f1as, desde el nivel sala cuna hasta transici\u00f3n.<\/p>\n<p style=\"font-weight: 400; text-align: justify;\">Es en este contexto que Daniza Jorquera Ag\u00fcero, directora del Jard\u00edn Infantil y Sala Cuna \u201cRayito de Sol\u201d de La Junta, fue la encargada de exponer la experiencia educativa denominada \u201cBiombo Lector\u201d la que ten\u00eda por objetivo poder mejorar el lenguaje de los ni\u00f1os y ni\u00f1as que asisten a su establecimiento en plena \u00e9poca de pandemia y donde la mascarilla era un obstaculizador para los aprendizajes de los p\u00e1rvulos.<\/p>\n<p style=\"font-weight: 400; text-align: justify;\">\u201cEl Biombo Lector, es una estructura con un vinilo de pl\u00e1stico la que nos permiti\u00f3 crear una barrera de seguridad y evitar que nos contagi\u00e1ramos de COVID. En su desarrollo nos dimos cuenta que este implemento nos permit\u00eda trabajar el lenguaje paraverbal y que fue fundamental para poder mejorar los aprendizajes de los ni\u00f1os y de las ni\u00f1as\u201d, manifest\u00f3 Daniza Jorquera Ag\u00fcero.<\/p>\n<p style=\"font-weight: 400; text-align: justify;\">Cabe destacar que la delegaci\u00f3n presente en este seminario Comparte Educaci\u00f3n 2022 estuvo compuesta por la agente educativa del jard\u00edn infantil \u201cLos Pioneros\u201d, Roc\u00edo Garc\u00eda; la directora del jard\u00edn infantil \u201cLos Chilcos\u201d Alejandra Lira; la agente educativa del jard\u00edn infantil \u201cLas Murtitas\u201d, Liliana Inallado quienes participaron de estos 3 d\u00edas de encuentro con el objetivo de poder replicar acciones que puedan ser replicadas en sus establecimientos.<\/p>\n<p style=\"font-weight: 400; text-align: justify;\">Liliana Inallado, agente educativa del jard\u00edn infantil \u201cLas Murtitas\u201d,\u00a0 se mostr\u00f3 muy contenta de haber participado de este espacio, recalcando que \u201cse va llena de experiencias y con la misi\u00f3n de poder transmitirla a mi equipo educativo\u201d. A la vez destac\u00f3 la presentaci\u00f3n de la estrategia regional la cual \u201cfue muy motivadora y que nos lleg\u00f3 al coraz\u00f3n a todas. Su motivaci\u00f3n, la reflexi\u00f3n y el trabajo que han realizado como equipo fue muy emocionante\u201d.<\/p>\n<p style=\"font-weight: 400; text-align: justify;\">Por su parte, la directora del Jard\u00edn Infantil \u201cLos Chilcos\u201d, Alejandra Lira destac\u00f3 estar \u201cmuy feliz y una experiencia muy gratificante y enriquecedora donde lo pasamos bien y conocimos colegas de todo el pa\u00eds y nos emocionamos con cada una de las experiencias que nos mostraron. Esta es una tremenda oportunidad y un reconocimiento para quienes estamos hoy d\u00eda aqu\u00ed\u201d.<\/p>\n<p style=\"font-weight: 400; text-align: justify;\">Una opini\u00f3n similar tiene Roc\u00edo Garc\u00eda, agente educativa del jard\u00edn infantil \u201cLos Pioneros\u201d quien destac\u00f3 estar \u201cfeliz de poder haber tenido la oportunidad de estar ac\u00e1 y poder compartir con otras colegas, de vivenciar otras realidades y de seguir empoder\u00e1ndome de esta linda labor que hago\u201d. A la vez, manifest\u00f3 que \u201cestoy feliz y agradecida de la vida de poder trabajar en Fundaci\u00f3n Integra que me dio esta tremenda oportunidad\u201d.<\/p>\n<p style=\"font-weight: 400; text-align: justify;\">Es importante se\u00f1alar que durante estos tres d\u00edas los m\u00e1s de 200 asistentes al seminario adem\u00e1s tuvieron la oportunidad de participar de una charla magistral dictada por Mar\u00eda Riera Jaume, doctora en Pedagog\u00eda de la Universidad Islas Baleares (UIBI) de Espa\u00f1a, denominada \u201c<em>Cuidar los contextos educativos en la primera infancia<\/em>\u201d. Del mismo modo tambi\u00e9n participaron de dos talleres como lo fueron \u201c<em>Atenci\u00f3n plena, amable y compasiva. Mindfulness y Movimiento<\/em>\u201d como tambi\u00e9n el uno referente denominado \u201creflexionando sobre los desaf\u00edos del retorno, vincul\u00e1ndonos en presencialidad\u201d.<\/p>\n<\/div><\/section><\/div><\/p>\n<div  style='height:50px' class='hr hr-invisible   avia-builder-el-6  el_after_av_one_full  el_before_av_social_share '><span class='hr-inner ' ><span class='hr-inner-style'><\/span><\/span><\/div>\n<div  class='av-social-sharing-box  avia-builder-el-7  el_after_av_hr  el_before_av_hr  '><div class='av-share-box'><h5 class='av-share-link-description av-no-toc '>Compartir esta noticia<\/h5><ul class='av-share-box-list noLightbox'><li class='av-share-link av-social-link-facebook' ><a target=\"_blank\" aria-label=\"Compartir en Facebook\" href='https:\/\/www.facebook.com\/sharer.php?u=https:\/\/radiorevelacionfm.cl\/?p=22870&#038;t=Exitosa%20participaci%C3%B3n%20de%20Jard%C3%ADn%20Infantil%20%C2%ABRayito%20de%20Sol%C2%BB%20de%20La%20Junta%20en%20Seminario%20%E2%80%9CComparte%20Educaci%C3%B3n%E2%80%9D' aria-hidden='false' data-av_icon='\ue8f3' data-av_iconfont='entypo-fontello' title='' data-avia-related-tooltip='Compartir en Facebook' rel=\"noopener\"><span class='avia_hidden_link_text'>Compartir en Facebook<\/span><\/a><\/li><li class='av-share-link av-social-link-twitter' ><a target=\"_blank\" aria-label=\"Compartir en Twitter\" href='https:\/\/twitter.com\/share?text=Exitosa%20participaci%C3%B3n%20de%20Jard%C3%ADn%20Infantil%20%C2%ABRayito%20de%20Sol%C2%BB%20de%20La%20Junta%20en%20Seminario%20%E2%80%9CComparte%20Educaci%C3%B3n%E2%80%9D&#038;url=https:\/\/radiorevelacionfm.cl\/?p=22870' aria-hidden='false' data-av_icon='\ue8f1' data-av_iconfont='entypo-fontello' title='' data-avia-related-tooltip='Compartir en Twitter' rel=\"noopener\"><span class='avia_hidden_link_text'>Compartir en Twitter<\/span><\/a><\/li><li class='av-share-link av-social-link-whatsapp' ><a target=\"_blank\" aria-label=\"Compartir en Whatsapp\" href='https:\/\/api.whatsapp.com\/send?text=https:\/\/radiorevelacionfm.cl\/?p=22870' aria-hidden='false' data-av_icon='\uf232' data-av_iconfont='entypo-fontello' title='' data-avia-related-tooltip='Compartir en Whatsapp' rel=\"noopener\"><span class='avia_hidden_link_text'>Compartir en Whatsapp<\/span><\/a><\/li><li class='av-share-link av-social-link-linkedin' ><a target=\"_blank\" aria-label=\"Compartir en LinkedIn\" href='https:\/\/linkedin.com\/shareArticle?mini=true&#038;title=Exitosa%20participaci%C3%B3n%20de%20Jard%C3%ADn%20Infantil%20%C2%ABRayito%20de%20Sol%C2%BB%20de%20La%20Junta%20en%20Seminario%20%E2%80%9CComparte%20Educaci%C3%B3n%E2%80%9D&#038;url=https:\/\/radiorevelacionfm.cl\/?p=22870' aria-hidden='false' data-av_icon='\ue8fc' data-av_iconfont='entypo-fontello' title='' data-avia-related-tooltip='Compartir en LinkedIn' rel=\"noopener\"><span class='avia_hidden_link_text'>Compartir en LinkedIn<\/span><\/a><\/li><li class='av-share-link av-social-link-mail' ><a  aria-label=\"Compartir por correo\" href='mailto:?subject=Exitosa%20participaci%C3%B3n%20de%20Jard%C3%ADn%20Infantil%20%C2%ABRayito%20de%20Sol%C2%BB%20de%20La%20Junta%20en%20Seminario%20%E2%80%9CComparte%20Educaci%C3%B3n%E2%80%9D&#038;body=https:\/\/radiorevelacionfm.cl\/?p=22870' aria-hidden='false' data-av_icon='\ue805' data-av_iconfont='entypo-fontello' title='' data-avia-related-tooltip='Compartir por correo'><span class='avia_hidden_link_text'>Compartir por correo<\/span><\/a><\/li><\/ul><\/div><\/div>\n<div  style='height:50px' class='hr hr-invisible   avia-builder-el-8  el_after_av_social_share  el_before_av_comments_list '><span class='hr-inner ' ><span class='hr-inner-style'><\/span><\/span><\/div>\n<div  class='av-buildercomment  av-blog-meta-html-info-disabled av-blog-meta-tag-disabled  '><\/div>\n","protected":false},"excerpt":{"rendered":"","protected":false},"author":1,"featured_media":22871,"comment_status":"open","ping_status":"open","sticky":false,"template":"","format":"standard","meta":{"footnotes":""},"categories":[49],"tags":[],"class_list":["post-22870","post","type-post","status-publish","format-standard","has-post-thumbnail","hentry","category-educacion"],"jetpack_featured_media_url":"https:\/\/radiorevelacionfm.cl\/wp-content\/uploads\/2022\/10\/IMG_0431-min-1-1.jpg","_links":{"self":[{"href":"https:\/\/radiorevelacionfm.cl\/index.php?rest_route=\/wp\/v2\/posts\/22870","targetHints":{"allow":["GET"]}}],"collection":[{"href":"https:\/\/radiorevelacionfm.cl\/index.php?rest_route=\/wp\/v2\/posts"}],"about":[{"href":"https:\/\/radiorevelacionfm.cl\/index.php?rest_route=\/wp\/v2\/types\/post"}],"author":[{"embeddable":true,"href":"https:\/\/radiorevelacionfm.cl\/index.php?rest_route=\/wp\/v2\/users\/1"}],"replies":[{"embeddable":true,"href":"https:\/\/radiorevelacionfm.cl\/index.php?rest_route=%2Fwp%2Fv2%2Fcomments&post=22870"}],"version-history":[{"count":3,"href":"https:\/\/radiorevelacionfm.cl\/index.php?rest_route=\/wp\/v2\/posts\/22870\/revisions"}],"predecessor-version":[{"id":22923,"href":"https:\/\/radiorevelacionfm.cl\/index.php?rest_route=\/wp\/v2\/posts\/22870\/revisions\/22923"}],"wp:featuredmedia":[{"embeddable":true,"href":"https:\/\/radiorevelacionfm.cl\/index.php?rest_route=\/wp\/v2\/media\/22871"}],"wp:attachment":[{"href":"https:\/\/radiorevelacionfm.cl\/index.php?rest_route=%2Fwp%2Fv2%2Fmedia&parent=22870"}],"wp:term":[{"taxonomy":"category","embeddable":true,"href":"https:\/\/radiorevelacionfm.cl\/index.php?rest_route=%2Fwp%2Fv2%2Fcategories&post=22870"},{"taxonomy":"post_tag","embeddable":true,"href":"https:\/\/radiorevelacionfm.cl\/index.php?rest_route=%2Fwp%2Fv2%2Ftags&post=22870"}],"curies":[{"name":"wp","href":"https:\/\/api.w.org\/{rel}","templated":true}]}}