{"id":22866,"date":"2022-10-11T16:59:28","date_gmt":"2022-10-11T19:59:28","guid":{"rendered":"https:\/\/radiorevelacionfm.cl\/?p=22866"},"modified":"2022-10-11T16:59:28","modified_gmt":"2022-10-11T19:59:28","slug":"servicio-de-salud-acompana-a-comunidad-de-la-junta-y-evalua-funcionamiento-de-atencion-del-cesfam","status":"publish","type":"post","link":"https:\/\/radiorevelacionfm.cl\/?p=22866","title":{"rendered":"Servicio de Salud acompa\u00f1a a comunidad de La Junta y eval\u00faa funcionamiento de atenci\u00f3n del CESFAM"},"content":{"rendered":"<div class=\"flex_column av_one_full  flex_column_div av-zero-column-padding first  avia-builder-el-0  el_before_av_one_full  avia-builder-el-first  \" style='border-radius:0px; '><div  class='avia-image-container  av-styling-    avia-builder-el-1  avia-builder-el-no-sibling  avia-align-center '  itemprop=\"image\" itemscope=\"itemscope\" itemtype=\"https:\/\/schema.org\/ImageObject\"  ><div class='avia-image-container-inner'><div class='avia-image-overlay-wrap'><img decoding=\"async\" class='wp-image-22868 avia-img-lazy-loading-not-22868 avia_image' src=\"https:\/\/radiorevelacionfm.cl\/wp-content\/uploads\/2022\/10\/la-junta-visita-5-1_optimized.jpg\" alt='' title='la-junta-visita-(5)-(1)_optimized' height=\"600\" width=\"900\"  itemprop=\"thumbnailUrl\" srcset=\"https:\/\/radiorevelacionfm.cl\/wp-content\/uploads\/2022\/10\/la-junta-visita-5-1_optimized.jpg 900w, https:\/\/radiorevelacionfm.cl\/wp-content\/uploads\/2022\/10\/la-junta-visita-5-1_optimized-300x200.jpg 300w, https:\/\/radiorevelacionfm.cl\/wp-content\/uploads\/2022\/10\/la-junta-visita-5-1_optimized-768x512.jpg 768w, https:\/\/radiorevelacionfm.cl\/wp-content\/uploads\/2022\/10\/la-junta-visita-5-1_optimized-705x470.jpg 705w, https:\/\/radiorevelacionfm.cl\/wp-content\/uploads\/2022\/10\/la-junta-visita-5-1_optimized-600x400.jpg 600w\" sizes=\"(max-width: 900px) 100vw, 900px\" \/><\/div><\/div><\/div><\/div><div class=\"flex_column av_one_full  flex_column_div av-zero-column-padding first  avia-builder-el-2  el_after_av_one_full  el_before_av_one_full  column-top-margin\" style='border-radius:0px; '><section class=\"av_textblock_section \"  itemscope=\"itemscope\" itemtype=\"https:\/\/schema.org\/BlogPosting\" itemprop=\"blogPost\" ><div class='avia_textblock  '   itemprop=\"text\" ><p style=\"text-align: center;\"><span style=\"font-size: 18pt;\"><b>Servicio de Salud acompa\u00f1a a comunidad de La Junta y eval\u00faa funcionamiento de atenci\u00f3n del CESFAM<\/b><\/span><\/p>\n<div id=\"gtx-trans\" style=\"position: absolute; left: -50px; top: 4.31534px;\">\n<div class=\"gtx-trans-icon\"><\/div>\n<\/div>\n<\/div><\/section><\/div><div class=\"flex_column av_one_full  flex_column_div av-zero-column-padding first  avia-builder-el-4  el_after_av_one_full  el_before_av_hr  column-top-margin\" style='border-radius:0px; '><section class=\"av_textblock_section \"  itemscope=\"itemscope\" itemtype=\"https:\/\/schema.org\/BlogPosting\" itemprop=\"blogPost\" ><div class='avia_textblock  '   itemprop=\"text\" ><p style=\"font-weight: 400; text-align: justify;\">Parte del equipo directivo del Servicio de Salud Ays\u00e9n (SSA) se traslad\u00f3 a la localidad de La Junta para explicar las medidas que se est\u00e1n adoptando para facilitar la atenci\u00f3n de la red asistencial en el sector. \u201cFue una reuni\u00f3n muy productiva, donde vinieron del Servicio de Salud a darnos respuesta a la carta enviada hace un par de semanas atr\u00e1s por la falta de m\u00e9dicos y los problemas en urgencia, donde vamos a comenzar a hacer un trabajo colaborativo, para poder dar respuesta a las modificaciones al servicio de urgencia, tanto en presupuesto, como personal\u201d, se\u00f1al\u00f3 Patricia Zapata, una de las vecinas asistentes.<\/p>\n<p style=\"font-weight: 400; text-align: justify;\">Nicol\u00e1s Meier, encargado de Relaciones Laborales del SSA, agreg\u00f3 que \u201cnos vamos tranquilos, porque el \u00e1nimo est\u00e1 colaborativo, tenemos soluciones propuestas por lo que nos queda trabajar en adelante en fortalecer el camino que nos queda y darles alternativa de buena salud y una atenci\u00f3n digna, de calidad y oportuna a los habitantes de La Junta\u201d.<\/p>\n<p style=\"font-weight: 400; text-align: justify;\">La reuni\u00f3n tuvo una amplia convocatoria de la comunidad juntina y de los propios funcionarios y funcionarias del establecimiento de salud. \u201cPara nosotros fue una instancia que nos permiti\u00f3 conocer de cerca las necesidades, expectativas que tienen, sabemos que existen falencias estructurales en la entrega de la salud ac\u00e1 en la localidad. Como directivo del Servicio de Salud, sabemos que tenemos que avanzar hacia un centro de salud de mayor resolutividad ac\u00e1 en La Junta\u201d, dijo Hern\u00e1n Barrientos, Subdirector de Gesti\u00f3n Asistencial.<\/p>\n<p style=\"font-weight: 400; text-align: justify;\">Mientras Joaqu\u00edn Guti\u00e9rrez, director CESFAM de La Junta, precis\u00f3 que \u201cfue una reuni\u00f3n muy buena, ya que la comunidad se pudo enterar realmente de lo que est\u00e1 pasando en nuestro establecimiento y la visita estuvo bien, porque logramos informar las cosas que se vienen y que se est\u00e1n trabajando en la localidad de La Junta\u201d.<\/p>\n<p style=\"font-weight: 400; text-align: justify;\">Tambi\u00e9n estuvieron presentes concejales de la comuna de Cisnes, quienes coincidieron en se\u00f1alar la importancia de esta instancia de di\u00e1logo y conversaci\u00f3n ciudadana. \u201cFue una reuni\u00f3n provechosa, creo que hablar y dar cuenta de la situaci\u00f3n real, tal cual, es lo mejor para poder ver el problema de frente y desde all\u00ed tratar de buscar las soluciones, compromisos y apoyos\u201d, indic\u00f3 Almendra Silva, concejal de Cisnes.<\/p>\n<p style=\"font-weight: 400; text-align: justify;\">Entretanto Francisco Abarca, tambi\u00e9n concejal a\u00f1adi\u00f3 que \u201cla importancia de esta reuni\u00f3n es que se ha logrado juntar estas dos visiones y sentires para potenciar una demanda conjunta que es mejorar el sistema de salud en la zona norte de la regi\u00f3n\u201d.<\/p>\n<p style=\"font-weight: 400; text-align: justify;\">Una de las principales demandas de la comunidad es poder contar con atenci\u00f3n m\u00e9dica de urgencia las 24 horas, una situaci\u00f3n que el Servicio se encuentra evaluando, tanto desde el punto de vista de la disponibilidad de profesionales, como otras consideraciones t\u00e9cnicas. \u201cHubo propuestas de parte de nuestras autoridades de buscar en el mediano y largo plazo soluciones y eso es muy importante, ya que la comunidad en un principio se encontraba ofuscada por no tener las soluciones en el momento. Hoy se va m\u00e1s tranquila de tener la claridad de d\u00f3nde tenemos el punto de inflexi\u00f3n y cu\u00e1l es la soluci\u00f3n que pudi\u00e9ramos tener\u201d, remat\u00f3 el concejal Cristian Jaramillo.<\/p>\n<\/div><\/section><\/div><div  style='height:50px' class='hr hr-invisible   avia-builder-el-6  el_after_av_one_full  el_before_av_social_share '><span class='hr-inner ' ><span class='hr-inner-style'><\/span><\/span><\/div><\/p>\n<div  class='av-social-sharing-box  avia-builder-el-7  el_after_av_hr  el_before_av_hr  '><div class='av-share-box'><h5 class='av-share-link-description av-no-toc '>Compartir esta noticia<\/h5><ul class='av-share-box-list noLightbox'><li class='av-share-link av-social-link-facebook' ><a target=\"_blank\" aria-label=\"Compartir en Facebook\" href='https:\/\/www.facebook.com\/sharer.php?u=https:\/\/radiorevelacionfm.cl\/?p=22866&#038;t=Servicio%20de%20Salud%20acompa%C3%B1a%20a%20comunidad%20de%20La%20Junta%20y%20eval%C3%BAa%20funcionamiento%20de%20atenci%C3%B3n%20del%20CESFAM' aria-hidden='false' data-av_icon='\ue8f3' data-av_iconfont='entypo-fontello' title='' data-avia-related-tooltip='Compartir en Facebook' rel=\"noopener\"><span class='avia_hidden_link_text'>Compartir en Facebook<\/span><\/a><\/li><li class='av-share-link av-social-link-twitter' ><a target=\"_blank\" aria-label=\"Compartir en Twitter\" href='https:\/\/twitter.com\/share?text=Servicio%20de%20Salud%20acompa%C3%B1a%20a%20comunidad%20de%20La%20Junta%20y%20eval%C3%BAa%20funcionamiento%20de%20atenci%C3%B3n%20del%20CESFAM&#038;url=https:\/\/radiorevelacionfm.cl\/?p=22866' aria-hidden='false' data-av_icon='\ue8f1' data-av_iconfont='entypo-fontello' title='' data-avia-related-tooltip='Compartir en Twitter' rel=\"noopener\"><span class='avia_hidden_link_text'>Compartir en Twitter<\/span><\/a><\/li><li class='av-share-link av-social-link-whatsapp' ><a target=\"_blank\" aria-label=\"Compartir en Whatsapp\" href='https:\/\/api.whatsapp.com\/send?text=https:\/\/radiorevelacionfm.cl\/?p=22866' aria-hidden='false' data-av_icon='\uf232' data-av_iconfont='entypo-fontello' title='' data-avia-related-tooltip='Compartir en Whatsapp' rel=\"noopener\"><span class='avia_hidden_link_text'>Compartir en Whatsapp<\/span><\/a><\/li><li class='av-share-link av-social-link-linkedin' ><a target=\"_blank\" aria-label=\"Compartir en LinkedIn\" href='https:\/\/linkedin.com\/shareArticle?mini=true&#038;title=Servicio%20de%20Salud%20acompa%C3%B1a%20a%20comunidad%20de%20La%20Junta%20y%20eval%C3%BAa%20funcionamiento%20de%20atenci%C3%B3n%20del%20CESFAM&#038;url=https:\/\/radiorevelacionfm.cl\/?p=22866' aria-hidden='false' data-av_icon='\ue8fc' data-av_iconfont='entypo-fontello' title='' data-avia-related-tooltip='Compartir en LinkedIn' rel=\"noopener\"><span class='avia_hidden_link_text'>Compartir en LinkedIn<\/span><\/a><\/li><li class='av-share-link av-social-link-mail' ><a  aria-label=\"Compartir por correo\" href='mailto:?subject=Servicio%20de%20Salud%20acompa%C3%B1a%20a%20comunidad%20de%20La%20Junta%20y%20eval%C3%BAa%20funcionamiento%20de%20atenci%C3%B3n%20del%20CESFAM&#038;body=https:\/\/radiorevelacionfm.cl\/?p=22866' aria-hidden='false' data-av_icon='\ue805' data-av_iconfont='entypo-fontello' title='' data-avia-related-tooltip='Compartir por correo'><span class='avia_hidden_link_text'>Compartir por correo<\/span><\/a><\/li><\/ul><\/div><\/div>\n<div  style='height:50px' class='hr hr-invisible   avia-builder-el-8  el_after_av_social_share  el_before_av_comments_list '><span class='hr-inner ' ><span class='hr-inner-style'><\/span><\/span><\/div>\n<div  class='av-buildercomment  av-blog-meta-html-info-disabled av-blog-meta-tag-disabled  '><\/div>\n","protected":false},"excerpt":{"rendered":"","protected":false},"author":1,"featured_media":22868,"comment_status":"open","ping_status":"open","sticky":false,"template":"","format":"standard","meta":{"footnotes":""},"categories":[46],"tags":[],"class_list":["post-22866","post","type-post","status-publish","format-standard","has-post-thumbnail","hentry","category-salud"],"jetpack_featured_media_url":"https:\/\/radiorevelacionfm.cl\/wp-content\/uploads\/2022\/10\/la-junta-visita-5-1_optimized.jpg","_links":{"self":[{"href":"https:\/\/radiorevelacionfm.cl\/index.php?rest_route=\/wp\/v2\/posts\/22866","targetHints":{"allow":["GET"]}}],"collection":[{"href":"https:\/\/radiorevelacionfm.cl\/index.php?rest_route=\/wp\/v2\/posts"}],"about":[{"href":"https:\/\/radiorevelacionfm.cl\/index.php?rest_route=\/wp\/v2\/types\/post"}],"author":[{"embeddable":true,"href":"https:\/\/radiorevelacionfm.cl\/index.php?rest_route=\/wp\/v2\/users\/1"}],"replies":[{"embeddable":true,"href":"https:\/\/radiorevelacionfm.cl\/index.php?rest_route=%2Fwp%2Fv2%2Fcomments&post=22866"}],"version-history":[{"count":2,"href":"https:\/\/radiorevelacionfm.cl\/index.php?rest_route=\/wp\/v2\/posts\/22866\/revisions"}],"predecessor-version":[{"id":22876,"href":"https:\/\/radiorevelacionfm.cl\/index.php?rest_route=\/wp\/v2\/posts\/22866\/revisions\/22876"}],"wp:featuredmedia":[{"embeddable":true,"href":"https:\/\/radiorevelacionfm.cl\/index.php?rest_route=\/wp\/v2\/media\/22868"}],"wp:attachment":[{"href":"https:\/\/radiorevelacionfm.cl\/index.php?rest_route=%2Fwp%2Fv2%2Fmedia&parent=22866"}],"wp:term":[{"taxonomy":"category","embeddable":true,"href":"https:\/\/radiorevelacionfm.cl\/index.php?rest_route=%2Fwp%2Fv2%2Fcategories&post=22866"},{"taxonomy":"post_tag","embeddable":true,"href":"https:\/\/radiorevelacionfm.cl\/index.php?rest_route=%2Fwp%2Fv2%2Ftags&post=22866"}],"curies":[{"name":"wp","href":"https:\/\/api.w.org\/{rel}","templated":true}]}}