{"id":22854,"date":"2022-10-11T15:13:50","date_gmt":"2022-10-11T18:13:50","guid":{"rendered":"https:\/\/radiorevelacionfm.cl\/?p=22854"},"modified":"2022-10-11T15:13:50","modified_gmt":"2022-10-11T18:13:50","slug":"gremios-de-aysen-entregan-carta-a-presidente-boric-solicitan-medidas-de-reactivacion-economica","status":"publish","type":"post","link":"https:\/\/radiorevelacionfm.cl\/?p=22854","title":{"rendered":"Gremios de Ays\u00e9n entregan carta a Presidente Boric: Solicitan medidas de reactivaci\u00f3n econ\u00f3mica"},"content":{"rendered":"<div class=\"flex_column av_one_full  flex_column_div av-zero-column-padding first  avia-builder-el-0  el_before_av_one_full  avia-builder-el-first  \" style='border-radius:0px; '><div  class='avia-image-container  av-styling-    avia-builder-el-1  avia-builder-el-no-sibling  avia-align-center '  itemprop=\"image\" itemscope=\"itemscope\" itemtype=\"https:\/\/schema.org\/ImageObject\"  ><div class='avia-image-container-inner'><div class='avia-image-overlay-wrap'><img decoding=\"async\" class='wp-image-22855 avia-img-lazy-loading-not-22855 avia_image' src=\"https:\/\/radiorevelacionfm.cl\/wp-content\/uploads\/2022\/10\/msm2692_653x431-1-1.jpeg\" alt='' title='_msm2692_653x431 (1) (1)' height=\"600\" width=\"909\"  itemprop=\"thumbnailUrl\" srcset=\"https:\/\/radiorevelacionfm.cl\/wp-content\/uploads\/2022\/10\/msm2692_653x431-1-1.jpeg 909w, https:\/\/radiorevelacionfm.cl\/wp-content\/uploads\/2022\/10\/msm2692_653x431-1-1-300x198.jpeg 300w, https:\/\/radiorevelacionfm.cl\/wp-content\/uploads\/2022\/10\/msm2692_653x431-1-1-768x507.jpeg 768w, https:\/\/radiorevelacionfm.cl\/wp-content\/uploads\/2022\/10\/msm2692_653x431-1-1-705x465.jpeg 705w, https:\/\/radiorevelacionfm.cl\/wp-content\/uploads\/2022\/10\/msm2692_653x431-1-1-600x396.jpeg 600w\" sizes=\"(max-width: 909px) 100vw, 909px\" \/><\/div><\/div><\/div><\/div><div class=\"flex_column av_one_full  flex_column_div av-zero-column-padding first  avia-builder-el-2  el_after_av_one_full  el_before_av_one_full  column-top-margin\" style='border-radius:0px; '><section class=\"av_textblock_section \"  itemscope=\"itemscope\" itemtype=\"https:\/\/schema.org\/BlogPosting\" itemprop=\"blogPost\" ><div class='avia_textblock  '   itemprop=\"text\" ><p style=\"text-align: center;\"><span style=\"font-size: 18pt;\"><span class=\"v1gmail-Ninguno\"><b><span lang=\"ES-TRAD\">Gremios de Ays<\/span><\/b><\/span><span class=\"v1gmail-Ninguno\"><b>\u00e9<\/b><\/span><span class=\"v1gmail-Ninguno\"><b><span lang=\"ES-TRAD\">n entregan carta a Presidente Boric: Solicitan medidas de reactivaci\u00f3n econ\u00f3mica<\/span><\/b><\/span><\/span><\/p>\n<div id=\"gtx-trans\" style=\"position: absolute; left: -50px; top: 4.31534px;\">\n<div class=\"gtx-trans-icon\"><\/div>\n<\/div>\n<\/div><\/section><\/div><div class=\"flex_column av_one_full  flex_column_div av-zero-column-padding first  avia-builder-el-4  el_after_av_one_full  el_before_av_hr  column-top-margin\" style='border-radius:0px; '><section class=\"av_textblock_section \"  itemscope=\"itemscope\" itemtype=\"https:\/\/schema.org\/BlogPosting\" itemprop=\"blogPost\" ><div class='avia_textblock  '   itemprop=\"text\" ><p class=\"v1gmail-CuerpoA\" style=\"text-align: justify;\"><span class=\"v1gmail-Ninguno\"><span lang=\"ES-TRAD\">El pasado viernes 30 de octubre, en Santiago, se realiz\u00f3 el IX Encuentro Anual del Comercio, actividad organizada por la C\u00e1mara Nacional de Comercio (CNC). En la oportunidad, particip\u00f3 el Presidente de la Rep\u00fablica, Gabriel Boric; la ministra del Trabajo, Jeannette Jara; el presidente de la C\u00e1mara de Diputados y Diputadas, Ra\u00fal Soto; y el General Director de Carabineros, Ricardo Y\u00e1\u00f1ez, entre otras autoridades, mientras del sector privado estuvieron presentes el presidente y vicepresidente de la CNC, Ricardo Mewes y Jos<\/span><\/span><span class=\"v1gmail-Ninguno\">\u00e9\u00a0<\/span><span class=\"v1gmail-Ninguno\"><span lang=\"ES-TRAD\">Pakomio, respectivamente; y el timonel de la Confederaci\u00f3n de la Producci\u00f3n y del Comercio (CPC), Juan Sutil.<\/span><\/span><\/p>\n<p class=\"v1gmail-CuerpoA\" style=\"text-align: justify;\"><span class=\"v1gmail-Ninguno\"><span lang=\"ES-TRAD\">En representaci\u00f3n de la regi\u00f3n de Ays\u00e9n, particip\u00f3 la presidenta de la C\u00e1mara de Comercio y Turismo de Coyhaique, Daissy Mondelo, quien aprovech\u00f3 la oportunidad -por intermedio de Mewes- para entregarle al Mandatario una carta en representaci\u00f3n de la Multigremial de Ays\u00e9n, entidad conformada por el mencionado gremio, adem\u00e1s de Ogana, C\u00e1mara de Turismo de Coyhaique, Sede Coyhaique C\u00e1mara Chilena de la Construcci\u00f3n, SalmonChile y el Consejo del Salm\u00f3n.<\/span><\/span><\/p>\n<p class=\"v1gmail-CuerpoA\" style=\"text-align: justify;\"><span class=\"v1gmail-Ninguno\"><b><span lang=\"ES-TRAD\">Reactivaci\u00f3n de Ays\u00e9n<\/span><\/b><\/span><\/p>\n<p class=\"v1gmail-CuerpoA\" style=\"text-align: justify;\"><span class=\"v1gmail-Ninguno\"><span lang=\"ES-TRAD\">Seg\u00fan inform\u00f3 la Multigremial de Ays\u00e9n, la misiva tuvo como objetivo solicitarle al Presidente la aplicaci\u00f3n de diferentes<\/span><\/span><span class=\"v1gmail-Ninguno\"><span lang=\"PT\">\u00a0medidas econ<\/span><\/span><span class=\"v1gmail-Ninguno\"><span lang=\"ES-TRAD\">\u00f3micas de corto plazo para<\/span><\/span><span class=\"v1gmail-Ninguno\"><span lang=\"IT\">\u00a0la regi<\/span><\/span><span class=\"v1gmail-Ninguno\"><span lang=\"ES-TRAD\">\u00f3n con el objetivo de \u00abmejorar las condiciones actuales para el desarrollo de Ays<\/span><\/span><span class=\"v1gmail-Ninguno\">\u00e9<\/span><span class=\"v1gmail-Ninguno\"><span lang=\"ES-TRAD\">n y en beneficio de la calidad de vida de sus habitantes, bajo el reconocimiento no solo por ser una zona extrema sino que, adem<\/span><\/span><span class=\"v1gmail-Ninguno\"><span lang=\"PT\">\u00e1s,\u00a0<\/span><\/span><span class=\"v1gmail-Ninguno\"><span lang=\"ES-TRAD\">aislada<\/span><\/span><span class=\"v1gmail-Ninguno\"><span lang=\"PT\">\u00ab.<\/span><\/span><\/p>\n<p class=\"v1gmail-CuerpoA\" style=\"text-align: justify;\"><span class=\"v1gmail-Ninguno\">En\u00a0<\/span><span class=\"v1gmail-Ninguno\"><span lang=\"ES-TRAD\">el documento<\/span><\/span><span class=\"v1gmail-Ninguno\"><span lang=\"PT\">,<\/span><\/span><span class=\"v1gmail-Ninguno\"><span lang=\"ES-TRAD\">\u00a0los seis gremios manifestaron su preocupaci\u00f3<\/span><\/span><span class=\"v1gmail-Ninguno\"><span lang=\"PT\">n\u00a0<\/span><\/span><span class=\"v1gmail-Ninguno\"><span lang=\"ES-TRAD\">ante la<\/span><\/span><span class=\"v1gmail-Ninguno\"><span lang=\"ES-TRAD\">\u00a0<\/span><\/span><span class=\"v1gmail-Ninguno\"><span lang=\"ES-TRAD\">actual\u00a0<\/span><\/span><span class=\"v1gmail-Ninguno\"><span lang=\"PT\">situaci<\/span><\/span><span class=\"v1gmail-Ninguno\"><span lang=\"ES-TRAD\">\u00f3<\/span><\/span><span class=\"v1gmail-Ninguno\"><span lang=\"IT\">n econ<\/span><\/span><span class=\"v1gmail-Ninguno\"><span lang=\"ES-TRAD\">\u00f3mica y el desarrollo productivo actual de Ays<\/span><\/span><span class=\"v1gmail-Ninguno\">\u00e9<\/span><span class=\"v1gmail-Ninguno\"><span lang=\"PT\">n,\u00a0<\/span><\/span><span class=\"v1gmail-Ninguno\"><span lang=\"ES-TRAD\">advirtiendo una \u00abnula implementaci\u00f3n de mecanismos efectivos de reactivaci\u00f3<\/span><\/span><span class=\"v1gmail-Ninguno\"><span lang=\"IT\">n econ<\/span><\/span><span class=\"v1gmail-Ninguno\"><span lang=\"ES-TRAD\">\u00f3<\/span><\/span><span class=\"v1gmail-Ninguno\"><span lang=\"IT\">mica\u00bb, que permitan\u00a0<\/span><\/span><span class=\"v1gmail-Ninguno\"><span lang=\"ES-TRAD\">avanzar en el desarrollo sostenible de las industrias de la zona.<\/span><\/span><\/p>\n<p class=\"v1gmail-CuerpoA\" style=\"text-align: justify;\"><span class=\"v1gmail-Ninguno\"><span lang=\"ES-TRAD\">La carta tambi\u00e9n alerta sobre una deficiente ejecuci\u00f3n presupuestaria del Gobierno Regional de Ays\u00e9n, la lentitud de los procesos p<\/span><\/span><span class=\"v1gmail-Ninguno\"><span lang=\"PT\">\u00fa<\/span><\/span><span class=\"v1gmail-Ninguno\"><span lang=\"ES-TRAD\">blicos de licitaci\u00f3n y adjudicaci\u00f3n de los diferentes mandantes p<\/span><\/span><span class=\"v1gmail-Ninguno\"><span lang=\"PT\">\u00fa<\/span><\/span><span class=\"v1gmail-Ninguno\"><span lang=\"ES-TRAD\">blicos, la falta de conectividad terrestre inter e intrarregional continua y con est<\/span><\/span><span class=\"v1gmail-Ninguno\"><span lang=\"PT\">\u00e1<\/span><\/span><span class=\"v1gmail-Ninguno\"><span lang=\"ES-TRAD\">ndares de calidad, la ausencia de una mirada integrada de regi\u00f3n, la falta de incentivos efectivos de atracci\u00f3n a la inversi\u00f3n privada, el aumento en los precios de materiales de la construcci\u00f3n y en el costo de la calidad de vida de las personas, as\u00ed como a la incertidumbre que provoca la potencial erradicaci\u00f3n de concesiones acu\u00edcolas desde \u00c1reas Silvestres Protegidas, aspectos que complican el desarrollo de las diferentes actividades productivas que se desempe\u00f1an en la regi\u00f3n.<\/span><\/span><\/p>\n<p class=\"v1gmail-CuerpoA\" style=\"text-align: justify;\"><span class=\"v1gmail-Ninguno\"><span lang=\"ES-TRAD\">Ante este contexto, los gremios advierten en la carta que la regi\u00f3n se encuentra rezagada, perdiendo oportunidades claves para el desarrollo del territorio, de las comunidades y de los habitantes<\/span><\/span><span class=\"v1gmail-Ninguno\"><span lang=\"PT\">.<\/span><\/span><\/p>\n<p class=\"v1gmail-CuerpoA\" style=\"text-align: justify;\"><span class=\"v1gmail-Ninguno\"><span lang=\"ES-TRAD\">La Multigremial de Ays\u00e9n record\u00f3 al Presidente Boric que -durante el pasado mes de mayo- anunci\u00f3 un plan de desarrollo de Zonas Extremas permanente; una pol<\/span><\/span><span class=\"v1gmail-Ninguno\"><span lang=\"PT\">\u00ed<\/span><\/span><span class=\"v1gmail-Ninguno\"><span lang=\"IT\">tica p<\/span><\/span><span class=\"v1gmail-Ninguno\"><span lang=\"PT\">\u00fa<\/span><\/span><span class=\"v1gmail-Ninguno\"><span lang=\"ES-TRAD\">blica que reemplazar<\/span><\/span><span class=\"v1gmail-Ninguno\"><span lang=\"PT\">\u00ed<\/span><\/span><span class=\"v1gmail-Ninguno\"><span lang=\"ES-TRAD\">a los PEDZE en estas zonas, la creaci\u00f3n de un Fondo Nacional de Equidad Territorial con criterios especiales para la asignaci\u00f3<\/span><\/span><span class=\"v1gmail-Ninguno\"><span lang=\"PT\">n de recursos, pero que esto no se ha materializado.\u00a0<\/span><\/span><span class=\"v1gmail-Ninguno\"><span lang=\"ES-TRAD\">\u00abHasta el d<\/span><\/span><span class=\"v1gmail-Ninguno\"><span lang=\"PT\">\u00ed<\/span><\/span><span class=\"v1gmail-Ninguno\"><span lang=\"ES-TRAD\">a de hoy no hay nada concreto y se requiere de forma urgente que se apliquen mecanismos que impulsen la econom<\/span><\/span><span class=\"v1gmail-Ninguno\"><span lang=\"PT\">\u00ed<\/span><\/span><span class=\"v1gmail-Ninguno\"><span lang=\"ES-TRAD\">a local. Hoy vivimos los impactos de la crisis social y econ\u00f3mica que vive el pa<\/span><\/span><span class=\"v1gmail-Ninguno\"><span lang=\"PT\">\u00ed<\/span><\/span><span class=\"v1gmail-Ninguno\"><span lang=\"ES-TRAD\">s y urge avanzar en acuerdos que nos permitan avanzar r<\/span><\/span><span class=\"v1gmail-Ninguno\"><span lang=\"PT\">\u00e1<\/span><\/span><span class=\"v1gmail-Ninguno\"><span lang=\"ES-TRAD\">pidamente y dar respuesta a las problem<\/span><\/span><span class=\"v1gmail-Ninguno\"><span lang=\"PT\">\u00e1<\/span><\/span><span class=\"v1gmail-Ninguno\"><span lang=\"ES-TRAD\">ticas regionales\u00bb, indica la carta<\/span><\/span><span class=\"v1gmail-Ninguno\"><span lang=\"PT\">.<\/span><\/span><\/p>\n<p class=\"v1gmail-CuerpoAA\" style=\"text-align: justify;\"><span class=\"v1gmail-Ninguno\"><span lang=\"ES-TRAD\">Finalmente, la carta propone una serie de medidas para la reactivaci\u00f3n y la implementaci\u00f3n de pol\u00edticas p\u00fablicas para la regi\u00f3n de Ays\u00e9n. Dentro de las primeras destacan dar soluciones concretas de conectividad, reajustes de precios de las obras vigentes de los mandantes p\u00fablicos, una metodolog\u00eda de evaluaci\u00f3n social de iniciativas de inversi\u00f3n, generar -para el corto plazo- un plan de Desarrollo de Zonas Extremas y programas de alto impacto para el sector ganadero; mientras que, dentro de las segundas, se insta a contar con lugares certificados y apropiados de disposici\u00f3n final de residuos; mejoras en la implementaci\u00f3n de la Ley Lafkenche y modificaci\u00f3n a las leyes de incentivos de Zonas Extremas, entre otras medidas.<\/span><\/span><\/p>\n<\/div><\/section><\/div><div  style='height:50px' class='hr hr-invisible   avia-builder-el-6  el_after_av_one_full  el_before_av_social_share '><span class='hr-inner ' ><span class='hr-inner-style'><\/span><\/span><\/div><\/p>\n<div  class='av-social-sharing-box  avia-builder-el-7  el_after_av_hr  el_before_av_hr  '><div class='av-share-box'><h5 class='av-share-link-description av-no-toc '>Compartir esta noticia<\/h5><ul class='av-share-box-list noLightbox'><li class='av-share-link av-social-link-facebook' ><a target=\"_blank\" aria-label=\"Compartir en Facebook\" href='https:\/\/www.facebook.com\/sharer.php?u=https:\/\/radiorevelacionfm.cl\/?p=22854&#038;t=Gremios%20de%20Ays%C3%A9n%20entregan%20carta%20a%20Presidente%20Boric%3A%20Solicitan%20medidas%20de%20reactivaci%C3%B3n%20econ%C3%B3mica' aria-hidden='false' data-av_icon='\ue8f3' data-av_iconfont='entypo-fontello' title='' data-avia-related-tooltip='Compartir en Facebook' rel=\"noopener\"><span class='avia_hidden_link_text'>Compartir en Facebook<\/span><\/a><\/li><li class='av-share-link av-social-link-twitter' ><a target=\"_blank\" aria-label=\"Compartir en Twitter\" href='https:\/\/twitter.com\/share?text=Gremios%20de%20Ays%C3%A9n%20entregan%20carta%20a%20Presidente%20Boric%3A%20Solicitan%20medidas%20de%20reactivaci%C3%B3n%20econ%C3%B3mica&#038;url=https:\/\/radiorevelacionfm.cl\/?p=22854' aria-hidden='false' data-av_icon='\ue8f1' data-av_iconfont='entypo-fontello' title='' data-avia-related-tooltip='Compartir en Twitter' rel=\"noopener\"><span class='avia_hidden_link_text'>Compartir en Twitter<\/span><\/a><\/li><li class='av-share-link av-social-link-whatsapp' ><a target=\"_blank\" aria-label=\"Compartir en Whatsapp\" href='https:\/\/api.whatsapp.com\/send?text=https:\/\/radiorevelacionfm.cl\/?p=22854' aria-hidden='false' data-av_icon='\uf232' data-av_iconfont='entypo-fontello' title='' data-avia-related-tooltip='Compartir en Whatsapp' rel=\"noopener\"><span class='avia_hidden_link_text'>Compartir en Whatsapp<\/span><\/a><\/li><li class='av-share-link av-social-link-linkedin' ><a target=\"_blank\" aria-label=\"Compartir en LinkedIn\" href='https:\/\/linkedin.com\/shareArticle?mini=true&#038;title=Gremios%20de%20Ays%C3%A9n%20entregan%20carta%20a%20Presidente%20Boric%3A%20Solicitan%20medidas%20de%20reactivaci%C3%B3n%20econ%C3%B3mica&#038;url=https:\/\/radiorevelacionfm.cl\/?p=22854' aria-hidden='false' data-av_icon='\ue8fc' data-av_iconfont='entypo-fontello' title='' data-avia-related-tooltip='Compartir en LinkedIn' rel=\"noopener\"><span class='avia_hidden_link_text'>Compartir en LinkedIn<\/span><\/a><\/li><li class='av-share-link av-social-link-mail' ><a  aria-label=\"Compartir por correo\" href='mailto:?subject=Gremios%20de%20Ays%C3%A9n%20entregan%20carta%20a%20Presidente%20Boric%3A%20Solicitan%20medidas%20de%20reactivaci%C3%B3n%20econ%C3%B3mica&#038;body=https:\/\/radiorevelacionfm.cl\/?p=22854' aria-hidden='false' data-av_icon='\ue805' data-av_iconfont='entypo-fontello' title='' data-avia-related-tooltip='Compartir por correo'><span class='avia_hidden_link_text'>Compartir por correo<\/span><\/a><\/li><\/ul><\/div><\/div>\n<div  style='height:50px' class='hr hr-invisible   avia-builder-el-8  el_after_av_social_share  el_before_av_comments_list '><span class='hr-inner ' ><span class='hr-inner-style'><\/span><\/span><\/div>\n<div  class='av-buildercomment  av-blog-meta-html-info-disabled av-blog-meta-tag-disabled  '><\/div>\n","protected":false},"excerpt":{"rendered":"","protected":false},"author":1,"featured_media":22855,"comment_status":"open","ping_status":"open","sticky":false,"template":"","format":"standard","meta":{"footnotes":""},"categories":[45],"tags":[],"class_list":["post-22854","post","type-post","status-publish","format-standard","has-post-thumbnail","hentry","category-comercio"],"jetpack_featured_media_url":"https:\/\/radiorevelacionfm.cl\/wp-content\/uploads\/2022\/10\/msm2692_653x431-1-1.jpeg","_links":{"self":[{"href":"https:\/\/radiorevelacionfm.cl\/index.php?rest_route=\/wp\/v2\/posts\/22854","targetHints":{"allow":["GET"]}}],"collection":[{"href":"https:\/\/radiorevelacionfm.cl\/index.php?rest_route=\/wp\/v2\/posts"}],"about":[{"href":"https:\/\/radiorevelacionfm.cl\/index.php?rest_route=\/wp\/v2\/types\/post"}],"author":[{"embeddable":true,"href":"https:\/\/radiorevelacionfm.cl\/index.php?rest_route=\/wp\/v2\/users\/1"}],"replies":[{"embeddable":true,"href":"https:\/\/radiorevelacionfm.cl\/index.php?rest_route=%2Fwp%2Fv2%2Fcomments&post=22854"}],"version-history":[{"count":2,"href":"https:\/\/radiorevelacionfm.cl\/index.php?rest_route=\/wp\/v2\/posts\/22854\/revisions"}],"predecessor-version":[{"id":22861,"href":"https:\/\/radiorevelacionfm.cl\/index.php?rest_route=\/wp\/v2\/posts\/22854\/revisions\/22861"}],"wp:featuredmedia":[{"embeddable":true,"href":"https:\/\/radiorevelacionfm.cl\/index.php?rest_route=\/wp\/v2\/media\/22855"}],"wp:attachment":[{"href":"https:\/\/radiorevelacionfm.cl\/index.php?rest_route=%2Fwp%2Fv2%2Fmedia&parent=22854"}],"wp:term":[{"taxonomy":"category","embeddable":true,"href":"https:\/\/radiorevelacionfm.cl\/index.php?rest_route=%2Fwp%2Fv2%2Fcategories&post=22854"},{"taxonomy":"post_tag","embeddable":true,"href":"https:\/\/radiorevelacionfm.cl\/index.php?rest_route=%2Fwp%2Fv2%2Ftags&post=22854"}],"curies":[{"name":"wp","href":"https:\/\/api.w.org\/{rel}","templated":true}]}}