{"id":22851,"date":"2022-10-11T15:07:49","date_gmt":"2022-10-11T18:07:49","guid":{"rendered":"https:\/\/radiorevelacionfm.cl\/?p=22851"},"modified":"2022-10-11T15:07:49","modified_gmt":"2022-10-11T18:07:49","slug":"tribunal-condena-a-3-anos-y-un-dia-de-presidio-a-autor-de-microtrafico-de-drogas-en-coyhaique","status":"publish","type":"post","link":"https:\/\/radiorevelacionfm.cl\/?p=22851","title":{"rendered":"Tribunal condena a 3 a\u00f1os y un d\u00eda de presidio a autor de microtr\u00e1fico de drogas en Coyhaique"},"content":{"rendered":"<div class=\"flex_column av_one_full  flex_column_div av-zero-column-padding first  avia-builder-el-0  el_before_av_one_full  avia-builder-el-first  \" style='border-radius:0px; '><div  class='avia-image-container  av-styling-    avia-builder-el-1  avia-builder-el-no-sibling  avia-align-center '  itemprop=\"image\" itemscope=\"itemscope\" itemtype=\"https:\/\/schema.org\/ImageObject\"  ><div class='avia-image-container-inner'><div class='avia-image-overlay-wrap'><img decoding=\"async\" class='wp-image-10391 avia-img-lazy-loading-not-10391 avia_image' src=\"https:\/\/radiorevelacionfm.cl\/wp-content\/uploads\/2021\/11\/Juzgado-Garantia-Coyhaique-1-1-1.jpg\" alt='' title='Juzgado Garantia Coyhaique (1) (1) (1)' height=\"600\" width=\"1297\"  itemprop=\"thumbnailUrl\" srcset=\"https:\/\/radiorevelacionfm.cl\/wp-content\/uploads\/2021\/11\/Juzgado-Garantia-Coyhaique-1-1-1.jpg 1297w, https:\/\/radiorevelacionfm.cl\/wp-content\/uploads\/2021\/11\/Juzgado-Garantia-Coyhaique-1-1-1-300x139.jpg 300w, https:\/\/radiorevelacionfm.cl\/wp-content\/uploads\/2021\/11\/Juzgado-Garantia-Coyhaique-1-1-1-1030x476.jpg 1030w, https:\/\/radiorevelacionfm.cl\/wp-content\/uploads\/2021\/11\/Juzgado-Garantia-Coyhaique-1-1-1-768x355.jpg 768w, https:\/\/radiorevelacionfm.cl\/wp-content\/uploads\/2021\/11\/Juzgado-Garantia-Coyhaique-1-1-1-705x326.jpg 705w, https:\/\/radiorevelacionfm.cl\/wp-content\/uploads\/2021\/11\/Juzgado-Garantia-Coyhaique-1-1-1-600x278.jpg 600w\" sizes=\"(max-width: 1297px) 100vw, 1297px\" \/><\/div><\/div><\/div><\/div><div class=\"flex_column av_one_full  flex_column_div av-zero-column-padding first  avia-builder-el-2  el_after_av_one_full  el_before_av_one_full  column-top-margin\" style='border-radius:0px; '><section class=\"av_textblock_section \"  itemscope=\"itemscope\" itemtype=\"https:\/\/schema.org\/BlogPosting\" itemprop=\"blogPost\" ><div class='avia_textblock  '   itemprop=\"text\" ><p style=\"text-align: center;\"><span style=\"font-size: 18pt;\"><b>Tribunal condena a 3 a\u00f1os y un d\u00eda de presidio a autor de microtr\u00e1fico de drogas en Coyhaique<\/b><\/span><\/p>\n<div id=\"gtx-trans\" style=\"position: absolute; left: -50px; top: 4.31534px;\">\n<div class=\"gtx-trans-icon\"><\/div>\n<\/div>\n<\/div><\/section><\/div><div class=\"flex_column av_one_full  flex_column_div av-zero-column-padding first  avia-builder-el-4  el_after_av_one_full  el_before_av_hr  column-top-margin\" style='border-radius:0px; '><section class=\"av_textblock_section \"  itemscope=\"itemscope\" itemtype=\"https:\/\/schema.org\/BlogPosting\" itemprop=\"blogPost\" ><div class='avia_textblock  '   itemprop=\"text\" ><p class=\"v1MsoNormal\" style=\"text-align: justify;\">El Tribunal de Juicio Oral en lo Penal de Coyhaique conden\u00f3 a Miguel \u00c1ngel Vega Palma a la pena de 3 a\u00f1os y un d\u00eda de presidio efectivo, en calidad de autor del delito consumado de tr\u00e1fico de drogas en peque\u00f1as cantidades. Il\u00edcito perpetrado en marzo del a\u00f1o pasado, en la comuna.<\/p>\n<p class=\"v1MsoNormal\" style=\"text-align: justify;\">En fallo dividido (causa rol 49-2021), el tribunal \u2013integrado por los magistrados Rosal\u00eda Mansilla Quiroz (presidenta), Patricio Z\u00fa\u00f1iga Valenzuela y Antonia Jaar Labarca (redactora)\u2013 aplic\u00f3, adem\u00e1s, a Vega Palma las accesorias legales de inhabilitaci\u00f3n absoluta perpetua para derechos pol\u00edticos y la inhabilitaci\u00f3n absoluta para cargos y oficios p\u00fablicos durante el tiempo de la condena; m\u00e1s el pago de una multa a beneficio fiscal de 10 UTM.<\/p>\n<p class=\"v1MsoNormal\" style=\"text-align: justify;\">Una vez que el fallo quede ejecutoriado, el tribunal dispuso que se proceda a la toma de muestras biol\u00f3gicas del sentenciado para determinar su huella gen\u00e9ticas e incorporaci\u00f3n en el registro nacional de ADN de condenados. Adem\u00e1s, se decret\u00f3 el comiso de las especies incautadas.<\/p>\n<p class=\"v1MsoNormal\" style=\"text-align: justify;\">El tribunal dio por acreditado, m\u00e1s all\u00e1 de toda duda razonable, que el \u00ab17 de marzo de 2021 personal de la Brigada Antinarc\u00f3ticos de Coyhaique, autorizados judicialmente, hicieron ingreso al domicilio ubicado en calle Campos de Hielo N\u00b0 459, Coyhaique, donde habita el imputado Miguel \u00c1ngel Vega Palma, sorprendiendo al acusado en posesi\u00f3n de las siguientes especies:<\/p>\n<p class=\"v1gmail-MsoListParagraph\" style=\"text-align: justify;\">1. Una planta del g\u00e9nero cannabis, de una altura aproximada de 180 cent\u00edmetros, que se encontraba en el dormitorio de Vega Palma.<\/p>\n<p class=\"v1gmail-MsoListParagraphCxSpFirst\" style=\"text-align: justify;\">2. En el mismo dormitorio, al costado de una cama, el imputado Vega Palma pose\u00eda una bolsa de nylon contenedora de sustancia vegetal de similares caracter\u00edsticas que la cannabis, con un peso de 4,95 gramos.<\/p>\n<p class=\"v1gmail-MsoListParagraphCxSpMiddle\" style=\"text-align: justify;\">3. En el mismo dormitorio, sobre un mueble, el imputado pose\u00eda una balanza digital utilizada para la dosificaci\u00f3n de droga.<\/p>\n<p class=\"v1gmail-MsoListParagraphCxSpLast\" style=\"text-align: justify;\">4. En un techo colindante a la citada habitaci\u00f3n, el imputado Vega Palma pose\u00eda una bolsa de nylon transparente contenedora de sustancia vegetal de similares caracter\u00edsticas que la cannabis, con un peso de 5,71 gramos.<\/p>\n<p class=\"v1gmail-MsoListParagraph\" style=\"text-align: justify;\">5. En el patio del domicilio, el imputado Vega Palma pose\u00eda tres bolsas contenedoras de sustancia vegetal de similares caracter\u00edsticas que la cannabis, con un peso de 28,12 gramos.<\/p>\n<p class=\"v1MsoNormal\" style=\"text-align: justify;\">Tanto la planta de cannabis como la sustancia vegetal a granel fueron sometidas a an\u00e1lisis pericial dando positivo a la presencia de cannabinoles, los que son propios de las plantas del g\u00e9nero cannabis.<\/p>\n<p class=\"v1MsoNormal\" style=\"text-align: justify;\">Las plantas de cannabis, la droga y la balanza que fueron incautados eran utilizados para el tr\u00e1fico de drogas en peque\u00f1as cantidades, no justificando que estuvieren destinadas para consumo exclusivo y pr\u00f3ximo en el tiempo ni para alg\u00fan tratamiento m\u00e9dico\u00bb.<\/p>\n<p class=\"v1MsoNormal\" style=\"text-align: justify;\">Decisi\u00f3n adoptada con el voto en contra del juez Z\u00fa\u00f1iga Valenzuela.<\/p>\n<\/div><\/section><\/div><div  style='height:50px' class='hr hr-invisible   avia-builder-el-6  el_after_av_one_full  el_before_av_social_share '><span class='hr-inner ' ><span class='hr-inner-style'><\/span><\/span><\/div><\/p>\n<div  class='av-social-sharing-box  avia-builder-el-7  el_after_av_hr  el_before_av_hr  '><div class='av-share-box'><h5 class='av-share-link-description av-no-toc '>Compartir esta noticia<\/h5><ul class='av-share-box-list noLightbox'><li class='av-share-link av-social-link-facebook' ><a target=\"_blank\" aria-label=\"Compartir en Facebook\" href='https:\/\/www.facebook.com\/sharer.php?u=https:\/\/radiorevelacionfm.cl\/?p=22851&#038;t=Tribunal%20condena%20a%203%20a%C3%B1os%20y%20un%20d%C3%ADa%20de%20presidio%20a%20autor%20de%20microtr%C3%A1fico%20de%20drogas%20en%20Coyhaique' aria-hidden='false' data-av_icon='\ue8f3' data-av_iconfont='entypo-fontello' title='' data-avia-related-tooltip='Compartir en Facebook' rel=\"noopener\"><span class='avia_hidden_link_text'>Compartir en Facebook<\/span><\/a><\/li><li class='av-share-link av-social-link-twitter' ><a target=\"_blank\" aria-label=\"Compartir en Twitter\" href='https:\/\/twitter.com\/share?text=Tribunal%20condena%20a%203%20a%C3%B1os%20y%20un%20d%C3%ADa%20de%20presidio%20a%20autor%20de%20microtr%C3%A1fico%20de%20drogas%20en%20Coyhaique&#038;url=https:\/\/radiorevelacionfm.cl\/?p=22851' aria-hidden='false' data-av_icon='\ue8f1' data-av_iconfont='entypo-fontello' title='' data-avia-related-tooltip='Compartir en Twitter' rel=\"noopener\"><span class='avia_hidden_link_text'>Compartir en Twitter<\/span><\/a><\/li><li class='av-share-link av-social-link-whatsapp' ><a target=\"_blank\" aria-label=\"Compartir en Whatsapp\" href='https:\/\/api.whatsapp.com\/send?text=https:\/\/radiorevelacionfm.cl\/?p=22851' aria-hidden='false' data-av_icon='\uf232' data-av_iconfont='entypo-fontello' title='' data-avia-related-tooltip='Compartir en Whatsapp' rel=\"noopener\"><span class='avia_hidden_link_text'>Compartir en Whatsapp<\/span><\/a><\/li><li class='av-share-link av-social-link-linkedin' ><a target=\"_blank\" aria-label=\"Compartir en LinkedIn\" href='https:\/\/linkedin.com\/shareArticle?mini=true&#038;title=Tribunal%20condena%20a%203%20a%C3%B1os%20y%20un%20d%C3%ADa%20de%20presidio%20a%20autor%20de%20microtr%C3%A1fico%20de%20drogas%20en%20Coyhaique&#038;url=https:\/\/radiorevelacionfm.cl\/?p=22851' aria-hidden='false' data-av_icon='\ue8fc' data-av_iconfont='entypo-fontello' title='' data-avia-related-tooltip='Compartir en LinkedIn' rel=\"noopener\"><span class='avia_hidden_link_text'>Compartir en LinkedIn<\/span><\/a><\/li><li class='av-share-link av-social-link-mail' ><a  aria-label=\"Compartir por correo\" href='mailto:?subject=Tribunal%20condena%20a%203%20a%C3%B1os%20y%20un%20d%C3%ADa%20de%20presidio%20a%20autor%20de%20microtr%C3%A1fico%20de%20drogas%20en%20Coyhaique&#038;body=https:\/\/radiorevelacionfm.cl\/?p=22851' aria-hidden='false' data-av_icon='\ue805' data-av_iconfont='entypo-fontello' title='' data-avia-related-tooltip='Compartir por correo'><span class='avia_hidden_link_text'>Compartir por correo<\/span><\/a><\/li><\/ul><\/div><\/div>\n<div  style='height:50px' class='hr hr-invisible   avia-builder-el-8  el_after_av_social_share  el_before_av_comments_list '><span class='hr-inner ' ><span class='hr-inner-style'><\/span><\/span><\/div>\n<div  class='av-buildercomment  av-blog-meta-html-info-disabled av-blog-meta-tag-disabled  '><\/div>\n","protected":false},"excerpt":{"rendered":"","protected":false},"author":1,"featured_media":10391,"comment_status":"open","ping_status":"open","sticky":false,"template":"","format":"standard","meta":{"footnotes":""},"categories":[55],"tags":[],"class_list":["post-22851","post","type-post","status-publish","format-standard","has-post-thumbnail","hentry","category-justicia"],"jetpack_featured_media_url":"https:\/\/radiorevelacionfm.cl\/wp-content\/uploads\/2021\/11\/Juzgado-Garantia-Coyhaique-1-1-1.jpg","_links":{"self":[{"href":"https:\/\/radiorevelacionfm.cl\/index.php?rest_route=\/wp\/v2\/posts\/22851","targetHints":{"allow":["GET"]}}],"collection":[{"href":"https:\/\/radiorevelacionfm.cl\/index.php?rest_route=\/wp\/v2\/posts"}],"about":[{"href":"https:\/\/radiorevelacionfm.cl\/index.php?rest_route=\/wp\/v2\/types\/post"}],"author":[{"embeddable":true,"href":"https:\/\/radiorevelacionfm.cl\/index.php?rest_route=\/wp\/v2\/users\/1"}],"replies":[{"embeddable":true,"href":"https:\/\/radiorevelacionfm.cl\/index.php?rest_route=%2Fwp%2Fv2%2Fcomments&post=22851"}],"version-history":[{"count":2,"href":"https:\/\/radiorevelacionfm.cl\/index.php?rest_route=\/wp\/v2\/posts\/22851\/revisions"}],"predecessor-version":[{"id":22853,"href":"https:\/\/radiorevelacionfm.cl\/index.php?rest_route=\/wp\/v2\/posts\/22851\/revisions\/22853"}],"wp:featuredmedia":[{"embeddable":true,"href":"https:\/\/radiorevelacionfm.cl\/index.php?rest_route=\/wp\/v2\/media\/10391"}],"wp:attachment":[{"href":"https:\/\/radiorevelacionfm.cl\/index.php?rest_route=%2Fwp%2Fv2%2Fmedia&parent=22851"}],"wp:term":[{"taxonomy":"category","embeddable":true,"href":"https:\/\/radiorevelacionfm.cl\/index.php?rest_route=%2Fwp%2Fv2%2Fcategories&post=22851"},{"taxonomy":"post_tag","embeddable":true,"href":"https:\/\/radiorevelacionfm.cl\/index.php?rest_route=%2Fwp%2Fv2%2Ftags&post=22851"}],"curies":[{"name":"wp","href":"https:\/\/api.w.org\/{rel}","templated":true}]}}