{"id":2285,"date":"2021-02-01T17:01:02","date_gmt":"2021-02-01T20:01:02","guid":{"rendered":"https:\/\/radiorevelacionfm.cl\/?p=2285"},"modified":"2021-02-01T17:01:02","modified_gmt":"2021-02-01T20:01:02","slug":"arriba-cargamento-de-12-mil-vacunas-sinovac-que-seran-distribuidas-en-la-region-de-aysen","status":"publish","type":"post","link":"https:\/\/radiorevelacionfm.cl\/?p=2285","title":{"rendered":"Arriba cargamento de 12 mil vacunas Sinovac que ser\u00e1n distribuidas en la Regi\u00f3n de Ays\u00e9n"},"content":{"rendered":"<div class=\"flex_column av_one_full  flex_column_div av-zero-column-padding first  avia-builder-el-0  el_before_av_one_full  avia-builder-el-first  \" style='border-radius:0px; '><div  class='avia-image-container  av-styling-    avia-builder-el-1  avia-builder-el-no-sibling  avia-align-center '  itemprop=\"image\" itemscope=\"itemscope\" itemtype=\"https:\/\/schema.org\/ImageObject\"  ><div class='avia-image-container-inner'><div class='avia-image-overlay-wrap'><img decoding=\"async\" class='wp-image-0 avia-img-lazy-loading-not-0 avia_image' src=\"https:\/\/radiorevelacionfm.cl\/wp-content\/uploads\/2021\/02\/LlegadaVacunas-1.jpeg\" alt='' title=''   itemprop=\"thumbnailUrl\"  \/><\/div><\/div><\/div><\/div><div class=\"flex_column av_one_full  flex_column_div av-zero-column-padding first  avia-builder-el-2  el_after_av_one_full  el_before_av_one_full  column-top-margin\" style='border-radius:0px; '><section class=\"av_textblock_section \"  itemscope=\"itemscope\" itemtype=\"https:\/\/schema.org\/BlogPosting\" itemprop=\"blogPost\" ><div class='avia_textblock  '   itemprop=\"text\" ><p style=\"text-align: center;\"><strong><span style=\"font-size: 18pt;\">Arriba cargamento de 12 mil vacunas Sinovac que ser\u00e1n distribuidas en la Regi\u00f3n de Ays\u00e9n<\/span><\/strong><\/p>\n<div id=\"gtx-trans\" style=\"position: absolute; left: -50px; top: 4.31534px;\">\n<div class=\"gtx-trans-icon\"><\/div>\n<\/div>\n<\/div><\/section><\/div><div class=\"flex_column av_one_full  flex_column_div av-zero-column-padding first  avia-builder-el-4  el_after_av_one_full  el_before_av_hr  column-top-margin\" style='border-radius:0px; '><section class=\"av_textblock_section \"  itemscope=\"itemscope\" itemtype=\"https:\/\/schema.org\/BlogPosting\" itemprop=\"blogPost\" ><div class='avia_textblock  '   itemprop=\"text\" ><p style=\"text-align: justify;\"><em>El mi\u00e9rcoles 3 de febrero comienza la vacunaci\u00f3n masiva, partiendo de esta manera la inmunizaci\u00f3n -en una primera instancia- a adultos mayores de 90 a\u00f1os.<\/em><\/p>\n<p style=\"text-align: justify;\">En horas de esta ma\u00f1ana y bajo estrictas medidas de seguridad lleg\u00f3 a la regi\u00f3n de Ays\u00e9n la primera partida de vacunas Sinovac. Doce mil dosis que permitir\u00e1n comenzar el proceso de inoculaci\u00f3n a partir del mi\u00e9rcoles 3 de febrero, al primer grupo objetivo integrado por funcionarios de la salud, adultos mayores de 90 a\u00f1os o m\u00e1s y adultos mayores en Establecimientos de Larga Estad\u00eda (ELEAM), entre otros.<\/p>\n<p style=\"text-align: justify;\">As\u00ed entonces, este lunes, en el Aeropuerto de Balmaceda, arribaron las primeras vacunas Sinovac, que se suman a las 2.050 dosis de Pfizer que llegaron hace un par de semanas a la regi\u00f3n.<\/p>\n<p style=\"text-align: justify;\">Tras el arribo de las dosis provenientes de China, la Intendenta de Ays\u00e9n, Margarita Ossa Rojas, se\u00f1al\u00f3 que se trata de algo \u201cmuy importante para nuestra regi\u00f3n\u201d indicando adem\u00e1s que \u201cestas dosis son de la vacuna Sinovac, una vacuna que llega a nuestra regi\u00f3n para comenzar un proceso de vacunaci\u00f3n masiva. Esto es posible porque se han realizado una serie de gestiones con mucho tiempo de antelaci\u00f3n por parte del Gobierno del Presidente Sebasti\u00e1n Pi\u00f1era para tener los contratos adecuados y para poder contar hoy d\u00eda como regi\u00f3n con estas vacunas; estas vacunas son una esperanza despu\u00e9s de meses de estar enfrentados a una pandemia muy compleja\u201d.<\/p>\n<p style=\"text-align: justify;\">Igualmente, el Director del Servicio de Salud Ays\u00e9n, Gabriel Burgos valor\u00f3 la nueva llegada de vacunas a la regi\u00f3n, \u201cnuestra Red Asistencial est\u00e1 realizando un tremendo despliegue para la habilitaci\u00f3n de los puntos de vacunaci\u00f3n que estar\u00e1n presentes en toda la regi\u00f3n, es por eso que agradecemos enormemente a nuestros funcionarios y tambi\u00e9n a los alcaldes de cada una de las comunas que han estado presentes en todo este proceso. Al igual que todos los a\u00f1os, se seguir\u00e1 la estrategia del Plan Nacional de Inmunizaciones, por lo que las personas que se encuentran postradas tendr\u00e1n la posibilidad de vacunarse en sus domicilios. Recordar que todo este procedimiento es gratuito y voluntario, ya tengan Fonasa, Isapre, o ninguna previsi\u00f3n, s\u00f3lo es necesario acercarse a los puntos de vacunaci\u00f3n\u201d.<\/p>\n<p style=\"text-align: justify;\">Por su parte, Alejandra Valdebenito, Seremi de Salud, enfatiz\u00f3 que \u201cha sido un andar de un a\u00f1o muy dificultoso, de mucho trabajo, con equipos de salud con mucha carga horaria, me refiero a los profesionales de los centros asistenciales que tenemos en la regi\u00f3n, pero tambi\u00e9n a los funcionarios de la autoridad sanitaria que han resguardado las fronteras de la regi\u00f3n desde el primer d\u00eda de esta pandemia. Comenzamos la distribuci\u00f3n de las vacunas a lo largo del territorio aisenino. Pretendemos entregar entre hoy y ma\u00f1ana alrededor de 5 mil dosis, de manera que a la semana siguiente podamos entregar las vacunas pendientes. Doce mil dosis que normalmente en tiempos de influenza nos demor\u00e1bamos entre 3 o 4 semanas en lograr esa cobertura, hoy la debemos realizar en 9 d\u00edas, por lo que nuestros equipos se pondr\u00e1n nuevamente la camiseta para poder entregar esta inmunizaci\u00f3n a esos adultos mayores\u201d.<\/p>\n<p style=\"text-align: justify;\">En tanto, destacar que la distribuci\u00f3n de las vacunas es un operativo conjunto entre el sector salud, PDI, Armada, Carabineros y Fuerza A\u00e9rea de Chile, con el objetivo de que estas 12 mil dosis dispuestas para la regi\u00f3n lleguen a cada rinc\u00f3n del territorio.<\/p>\n<p style=\"text-align: justify;\">Cabe mencionar, que la administraci\u00f3n de la vacuna de Sinovac ser\u00e1 de dos dosis a cada paciente con 14 d\u00edas de separaci\u00f3n, a diferencia de los 21 d\u00edas que requiere la vacuna de Pfizer.<\/p>\n<p style=\"text-align: justify;\"><strong>\u00bfQui\u00e9nes se vacunar\u00e1n? <\/strong><\/p>\n<p style=\"text-align: justify;\">Seg\u00fan lo establecido, la inoculaci\u00f3n se iniciar\u00e1 durante la pr\u00f3xima semana para el personal de Salud, de Sename, de residencias sanitarias y los residentes de ELEAMs. Junto a ellos, adultos mayores de 85 a\u00f1os que ser\u00e1n convocados por separado en distintas jornadas: mi\u00e9rcoles 3 de febrero a los mayores de 90 a\u00f1os; jueves 4 de febrero a los de entre 87 y 89 a\u00f1os; y viernes 5 a los adultos mayores entre 85 y 86 a\u00f1os. Los adultos mayores deber\u00e1n acudir a los vacunatorios, y en caso de estar imposibilitados, contactar al CESFAM para que sean vacunados en sus domicilios.<\/p>\n<p style=\"text-align: justify;\">A partir del lunes 8 de febrero, se vacunar\u00e1 al personal cr\u00edtico del Estado, el personal esencial de atenci\u00f3n a la ciudadan\u00eda, el de farmacias y laboratorios y el personal de fuerzas de orden y fuerzas armadas desplegadas. En paralelo se continuar\u00e1 con la inoculaci\u00f3n de adultos mayores de entre 71 y 84 a\u00f1os, convocados por d\u00eda: lunes 8 de febrero a los de 81 a 84 a\u00f1os; martes 9 a los de 78 a 80 a\u00f1os; el mi\u00e9rcoles 10 a los de 75 a 77 a\u00f1os; el jueves 11 a los de 73 a 74 a\u00f1os; y el viernes 12 a adultos mayores entre 71 y 72 a\u00f1os<\/p>\n<p style=\"text-align: justify;\">Importante mencionar que las 12 mil dosis de vacuna Sinovac se distribuir\u00e1n en toda la regi\u00f3n de Ays\u00e9n, llegando a lugares tan apartados como \u00d1irehuao, Melinka, Isla Toto, Puerto Gala, Villa O\u2019Higgins, Chile Chico y Lago Verde, entre otras.<\/p>\n<\/div><\/section><\/div><div  style='height:50px' class='hr hr-invisible   avia-builder-el-6  el_after_av_one_full  el_before_av_social_share '><span class='hr-inner ' ><span class='hr-inner-style'><\/span><\/span><\/div><\/p>\n<div  class='av-social-sharing-box  avia-builder-el-7  el_after_av_hr  el_before_av_hr  '><div class='av-share-box'><h5 class='av-share-link-description av-no-toc '>Compartir esta noticia<\/h5><ul class='av-share-box-list noLightbox'><li class='av-share-link av-social-link-facebook' ><a target=\"_blank\" aria-label=\"Compartir en Facebook\" href='https:\/\/www.facebook.com\/sharer.php?u=https:\/\/radiorevelacionfm.cl\/?p=2285&#038;t=Arriba%20cargamento%20de%2012%20mil%20vacunas%20Sinovac%20que%20ser%C3%A1n%20distribuidas%20en%20la%20Regi%C3%B3n%20de%20Ays%C3%A9n' aria-hidden='false' data-av_icon='\ue8f3' data-av_iconfont='entypo-fontello' title='' data-avia-related-tooltip='Compartir en Facebook' rel=\"noopener\"><span class='avia_hidden_link_text'>Compartir en Facebook<\/span><\/a><\/li><li class='av-share-link av-social-link-twitter' ><a target=\"_blank\" aria-label=\"Compartir en Twitter\" href='https:\/\/twitter.com\/share?text=Arriba%20cargamento%20de%2012%20mil%20vacunas%20Sinovac%20que%20ser%C3%A1n%20distribuidas%20en%20la%20Regi%C3%B3n%20de%20Ays%C3%A9n&#038;url=https:\/\/radiorevelacionfm.cl\/?p=2285' aria-hidden='false' data-av_icon='\ue8f1' data-av_iconfont='entypo-fontello' title='' data-avia-related-tooltip='Compartir en Twitter' rel=\"noopener\"><span class='avia_hidden_link_text'>Compartir en Twitter<\/span><\/a><\/li><li class='av-share-link av-social-link-whatsapp' ><a target=\"_blank\" aria-label=\"Compartir en Whatsapp\" href='https:\/\/api.whatsapp.com\/send?text=https:\/\/radiorevelacionfm.cl\/?p=2285' aria-hidden='false' data-av_icon='\uf232' data-av_iconfont='entypo-fontello' title='' data-avia-related-tooltip='Compartir en Whatsapp' rel=\"noopener\"><span class='avia_hidden_link_text'>Compartir en Whatsapp<\/span><\/a><\/li><li class='av-share-link av-social-link-linkedin' ><a target=\"_blank\" aria-label=\"Compartir en LinkedIn\" href='https:\/\/linkedin.com\/shareArticle?mini=true&#038;title=Arriba%20cargamento%20de%2012%20mil%20vacunas%20Sinovac%20que%20ser%C3%A1n%20distribuidas%20en%20la%20Regi%C3%B3n%20de%20Ays%C3%A9n&#038;url=https:\/\/radiorevelacionfm.cl\/?p=2285' aria-hidden='false' data-av_icon='\ue8fc' data-av_iconfont='entypo-fontello' title='' data-avia-related-tooltip='Compartir en LinkedIn' rel=\"noopener\"><span class='avia_hidden_link_text'>Compartir en LinkedIn<\/span><\/a><\/li><li class='av-share-link av-social-link-mail' ><a  aria-label=\"Compartir por correo\" href='mailto:?subject=Arriba%20cargamento%20de%2012%20mil%20vacunas%20Sinovac%20que%20ser%C3%A1n%20distribuidas%20en%20la%20Regi%C3%B3n%20de%20Ays%C3%A9n&#038;body=https:\/\/radiorevelacionfm.cl\/?p=2285' aria-hidden='false' data-av_icon='\ue805' data-av_iconfont='entypo-fontello' title='' data-avia-related-tooltip='Compartir por correo'><span class='avia_hidden_link_text'>Compartir por correo<\/span><\/a><\/li><\/ul><\/div><\/div>\n<div  style='height:50px' class='hr hr-invisible   avia-builder-el-8  el_after_av_social_share  el_before_av_comments_list '><span class='hr-inner ' ><span class='hr-inner-style'><\/span><\/span><\/div>\n<div  class='av-buildercomment  av-blog-meta-html-info-disabled av-blog-meta-tag-disabled  '><\/div>\n","protected":false},"excerpt":{"rendered":"","protected":false},"author":1,"featured_media":0,"comment_status":"open","ping_status":"open","sticky":false,"template":"","format":"standard","meta":{"footnotes":""},"categories":[46],"tags":[],"class_list":["post-2285","post","type-post","status-publish","format-standard","hentry","category-salud"],"jetpack_featured_media_url":"","_links":{"self":[{"href":"https:\/\/radiorevelacionfm.cl\/index.php?rest_route=\/wp\/v2\/posts\/2285","targetHints":{"allow":["GET"]}}],"collection":[{"href":"https:\/\/radiorevelacionfm.cl\/index.php?rest_route=\/wp\/v2\/posts"}],"about":[{"href":"https:\/\/radiorevelacionfm.cl\/index.php?rest_route=\/wp\/v2\/types\/post"}],"author":[{"embeddable":true,"href":"https:\/\/radiorevelacionfm.cl\/index.php?rest_route=\/wp\/v2\/users\/1"}],"replies":[{"embeddable":true,"href":"https:\/\/radiorevelacionfm.cl\/index.php?rest_route=%2Fwp%2Fv2%2Fcomments&post=2285"}],"version-history":[{"count":1,"href":"https:\/\/radiorevelacionfm.cl\/index.php?rest_route=\/wp\/v2\/posts\/2285\/revisions"}],"predecessor-version":[{"id":2287,"href":"https:\/\/radiorevelacionfm.cl\/index.php?rest_route=\/wp\/v2\/posts\/2285\/revisions\/2287"}],"wp:attachment":[{"href":"https:\/\/radiorevelacionfm.cl\/index.php?rest_route=%2Fwp%2Fv2%2Fmedia&parent=2285"}],"wp:term":[{"taxonomy":"category","embeddable":true,"href":"https:\/\/radiorevelacionfm.cl\/index.php?rest_route=%2Fwp%2Fv2%2Fcategories&post=2285"},{"taxonomy":"post_tag","embeddable":true,"href":"https:\/\/radiorevelacionfm.cl\/index.php?rest_route=%2Fwp%2Fv2%2Ftags&post=2285"}],"curies":[{"name":"wp","href":"https:\/\/api.w.org\/{rel}","templated":true}]}}