{"id":22844,"date":"2022-10-11T09:24:26","date_gmt":"2022-10-11T12:24:26","guid":{"rendered":"https:\/\/radiorevelacionfm.cl\/?p=22844"},"modified":"2022-10-11T09:24:26","modified_gmt":"2022-10-11T12:24:26","slug":"impecable-gala-folclorica-desarrollo-escuela-gabriela-mistral-en-puerto-aysen","status":"publish","type":"post","link":"https:\/\/radiorevelacionfm.cl\/?p=22844","title":{"rendered":"Impecable Gala Folcl\u00f3rica desarroll\u00f3 escuela Gabriela Mistral en Puerto Ays\u00e9n"},"content":{"rendered":"<div class=\"flex_column av_one_full  flex_column_div av-zero-column-padding first  avia-builder-el-0  el_before_av_one_full  avia-builder-el-first  \" style='border-radius:0px; '><div  class='avia-image-container  av-styling-    avia-builder-el-1  avia-builder-el-no-sibling  avia-align-center '  itemprop=\"image\" itemscope=\"itemscope\" itemtype=\"https:\/\/schema.org\/ImageObject\"  ><div class='avia-image-container-inner'><div class='avia-image-overlay-wrap'><img decoding=\"async\" class='wp-image-22845 avia-img-lazy-loading-not-22845 avia_image' src=\"https:\/\/radiorevelacionfm.cl\/wp-content\/uploads\/2022\/10\/image-2022-10-10T230251.487-1.jpg\" alt='' title='image - 2022-10-10T230251.487 (1)' height=\"600\" width=\"754\"  itemprop=\"thumbnailUrl\" srcset=\"https:\/\/radiorevelacionfm.cl\/wp-content\/uploads\/2022\/10\/image-2022-10-10T230251.487-1.jpg 754w, https:\/\/radiorevelacionfm.cl\/wp-content\/uploads\/2022\/10\/image-2022-10-10T230251.487-1-300x239.jpg 300w, https:\/\/radiorevelacionfm.cl\/wp-content\/uploads\/2022\/10\/image-2022-10-10T230251.487-1-705x561.jpg 705w, https:\/\/radiorevelacionfm.cl\/wp-content\/uploads\/2022\/10\/image-2022-10-10T230251.487-1-600x477.jpg 600w\" sizes=\"(max-width: 754px) 100vw, 754px\" \/><\/div><\/div><\/div><\/div><div class=\"flex_column av_one_full  flex_column_div av-zero-column-padding first  avia-builder-el-2  el_after_av_one_full  el_before_av_one_full  column-top-margin\" style='border-radius:0px; '><section class=\"av_textblock_section \"  itemscope=\"itemscope\" itemtype=\"https:\/\/schema.org\/BlogPosting\" itemprop=\"blogPost\" ><div class='avia_textblock  '   itemprop=\"text\" ><p style=\"text-align: center;\"><strong><span style=\"font-size: 18pt;\">Impecable Gala Folcl\u00f3rica desarroll\u00f3 escuela Gabriela Mistral en Puerto Ays\u00e9n <\/span><\/strong><\/p>\n<div id=\"gtx-trans\" style=\"position: absolute; left: -50px; top: 4.31534px;\">\n<div class=\"gtx-trans-icon\"><\/div>\n<\/div>\n<\/div><\/section><\/div><div class=\"flex_column av_one_full  flex_column_div av-zero-column-padding first  avia-builder-el-4  el_after_av_one_full  el_before_av_hr  column-top-margin\" style='border-radius:0px; '><section class=\"av_textblock_section \"  itemscope=\"itemscope\" itemtype=\"https:\/\/schema.org\/BlogPosting\" itemprop=\"blogPost\" ><div class='avia_textblock  '   itemprop=\"text\" ><p style=\"text-align: justify;\">Un total de quince n\u00fameros puestos en escena. Un recorrido por todas las regiones y tradiciones de nuestro pa\u00eds, a trav\u00e9s de la danza, fue presentado este viernes por la escuela Poetisa Gabriela Mistral, en Puerto Ays\u00e9n, en el marco de una nueva versi\u00f3n de la Gala Folcl\u00f3rica 2022.<\/p>\n<p style=\"text-align: justify;\">La iniciativa -que apost\u00f3 por la participaci\u00f3n de toda la comunidad educativa, integrando a estudiantes y docentes-, fue el resultado tras dos meses de intensa preparaci\u00f3n, que contempl\u00f3 desde la elecci\u00f3n de los bailes, coreograf\u00edas y vestimentas, entre otras.<\/p>\n<p style=\"text-align: justify;\">\u201cMuy satisfactorio ver a todos quienes formamos parte de la escuela reunidos para dar vida a esta gala, que es un hito. El 2019 fue la \u00faltima vez que pudimos organizarla, producto de la pandemia. Y este 2022, veo mayor uni\u00f3n, muchos m\u00e1s apoderados, una comunidad educativa m\u00e1s involucrada en el proceso y a los ni\u00f1os con un mayor despliegue. Esto nos llena de mucho orgullo. Una vinculaci\u00f3n maravillosa con nuestra escuela, que se siente, y nos empuja a seguir trabajando con mucho entusiasmo\u201d, manifest\u00f3 un emocionado director, Marcelo Marchant, tras el t\u00e9rmino de la actividad.<\/p>\n<p style=\"text-align: justify;\">Marchant Urz\u00faa relev\u00f3 la elecci\u00f3n de cada uno de los n\u00fameros, ya que \u201cresponde a un proceso pedag\u00f3gico, por sobre todo, en que los bailes est\u00e1n acordes a la edad de los ni\u00f1os, acorde a su desarrollo psicomotor, entre otros factores, hay un trabajo conjunto entre nuestras \u00e1reas de educaci\u00f3n f\u00edsica, m\u00fasica y en que nos involucramos todos, y ver este producto nos llena de emoci\u00f3n. Ver ni\u00f1os que rompen temores, que vencen sus miedos y que son capaces de expresarse sobre este escenario, nos deja una sensaci\u00f3n muy agradable, y vamos subiendo la vara todos los a\u00f1os\u201d.<\/p>\n<p style=\"text-align: justify;\">La instancia cont\u00f3 con presentaciones de vals chilote, fantas\u00eda mapuche, chamam\u00e9 y cueca, entre otros. Todo con el objetivo de rendir un sentido homenaje a la patria, siempre con \u00e9nfasis en la familia y trabajo en equipo.<\/p>\n<p style=\"text-align: justify;\">\u201cEl apoyo de nuestros apoderados es fundamental. Fueron dos meses de preparaci\u00f3n. Un camino bastante largo con sus dificultades, pero despu\u00e9s de todos los ensayos podemos dar cuenta de los frutos como es esta hermosa gala, est\u00e1n todos los cursos bailando desde prek\u00ednder hasta octavo b\u00e1sico. Es maravilloso ver a los pap\u00e1s felices viendo a sus hijos, ver a los ni\u00f1os con su vestimenta, que se ve\u00edan preciosos y los bailes que salieron espectacular\u201d, expres\u00f3 Allan Ahumada, docente de educaci\u00f3n f\u00edsica de la escuela municipalizada.<\/p>\n<p style=\"text-align: justify;\"><strong>Reacciones<\/strong><\/p>\n<p style=\"text-align: justify;\">\u201cContento. Estuve nervioso al principio, despu\u00e9s se me pas\u00f3 cuando pis\u00e9 el escenario. Est\u00e1 todo bonito. Fue una preparaci\u00f3n larga, a veces se complicaba, porque hab\u00eda cambios, pero al final todo sali\u00f3 s\u00faper bien\u201d, se\u00f1al\u00f3 Benjam\u00edn Mansilla, estudiante de octavo b\u00e1sico, quien junto a sus compa\u00f1eros form\u00f3 parte del cuadro cuequero.<\/p>\n<p style=\"text-align: justify;\">Finalmente, Fernanda Navarro -apoderada de segundo a\u00f1o b\u00e1sico-, dio cuenta de su alegr\u00eda por el resultado de esta Gala Folcl\u00f3rica 2022. \u201cHermosa gala, se nota el trabajo y la dedicaci\u00f3n de los profesores, de los alumnos y tambi\u00e9n de nosotros como apoderados porque nos esmeramos en que todo esto saliera espectacular. Tambi\u00e9n agradecer que actividades como \u00e9stas se retomen, porque lo necesit\u00e1bamos, y hago un llamado a los papitos para que sigamos apoyando a nuestros cursos y al establecimiento porque con el apoyo de todo podremos seguir viendo instancias tan lindas como \u00e9stas\u201d.<\/p>\n<\/div><\/section><\/div><div  style='height:50px' class='hr hr-invisible   avia-builder-el-6  el_after_av_one_full  el_before_av_social_share '><span class='hr-inner ' ><span class='hr-inner-style'><\/span><\/span><\/div><\/p>\n<div  class='av-social-sharing-box  avia-builder-el-7  el_after_av_hr  el_before_av_hr  '><div class='av-share-box'><h5 class='av-share-link-description av-no-toc '>Compartir esta noticia<\/h5><ul class='av-share-box-list noLightbox'><li class='av-share-link av-social-link-facebook' ><a target=\"_blank\" aria-label=\"Compartir en Facebook\" href='https:\/\/www.facebook.com\/sharer.php?u=https:\/\/radiorevelacionfm.cl\/?p=22844&#038;t=Impecable%20Gala%20Folcl%C3%B3rica%20desarroll%C3%B3%20escuela%20Gabriela%20Mistral%20en%20Puerto%20Ays%C3%A9n' aria-hidden='false' data-av_icon='\ue8f3' data-av_iconfont='entypo-fontello' title='' data-avia-related-tooltip='Compartir en Facebook' rel=\"noopener\"><span class='avia_hidden_link_text'>Compartir en Facebook<\/span><\/a><\/li><li class='av-share-link av-social-link-twitter' ><a target=\"_blank\" aria-label=\"Compartir en Twitter\" href='https:\/\/twitter.com\/share?text=Impecable%20Gala%20Folcl%C3%B3rica%20desarroll%C3%B3%20escuela%20Gabriela%20Mistral%20en%20Puerto%20Ays%C3%A9n&#038;url=https:\/\/radiorevelacionfm.cl\/?p=22844' aria-hidden='false' data-av_icon='\ue8f1' data-av_iconfont='entypo-fontello' title='' data-avia-related-tooltip='Compartir en Twitter' rel=\"noopener\"><span class='avia_hidden_link_text'>Compartir en Twitter<\/span><\/a><\/li><li class='av-share-link av-social-link-whatsapp' ><a target=\"_blank\" aria-label=\"Compartir en Whatsapp\" href='https:\/\/api.whatsapp.com\/send?text=https:\/\/radiorevelacionfm.cl\/?p=22844' aria-hidden='false' data-av_icon='\uf232' data-av_iconfont='entypo-fontello' title='' data-avia-related-tooltip='Compartir en Whatsapp' rel=\"noopener\"><span class='avia_hidden_link_text'>Compartir en Whatsapp<\/span><\/a><\/li><li class='av-share-link av-social-link-linkedin' ><a target=\"_blank\" aria-label=\"Compartir en LinkedIn\" href='https:\/\/linkedin.com\/shareArticle?mini=true&#038;title=Impecable%20Gala%20Folcl%C3%B3rica%20desarroll%C3%B3%20escuela%20Gabriela%20Mistral%20en%20Puerto%20Ays%C3%A9n&#038;url=https:\/\/radiorevelacionfm.cl\/?p=22844' aria-hidden='false' data-av_icon='\ue8fc' data-av_iconfont='entypo-fontello' title='' data-avia-related-tooltip='Compartir en LinkedIn' rel=\"noopener\"><span class='avia_hidden_link_text'>Compartir en LinkedIn<\/span><\/a><\/li><li class='av-share-link av-social-link-mail' ><a  aria-label=\"Compartir por correo\" href='mailto:?subject=Impecable%20Gala%20Folcl%C3%B3rica%20desarroll%C3%B3%20escuela%20Gabriela%20Mistral%20en%20Puerto%20Ays%C3%A9n&#038;body=https:\/\/radiorevelacionfm.cl\/?p=22844' aria-hidden='false' data-av_icon='\ue805' data-av_iconfont='entypo-fontello' title='' data-avia-related-tooltip='Compartir por correo'><span class='avia_hidden_link_text'>Compartir por correo<\/span><\/a><\/li><\/ul><\/div><\/div>\n<div  style='height:50px' class='hr hr-invisible   avia-builder-el-8  el_after_av_social_share  el_before_av_comments_list '><span class='hr-inner ' ><span class='hr-inner-style'><\/span><\/span><\/div>\n<div  class='av-buildercomment  av-blog-meta-html-info-disabled av-blog-meta-tag-disabled  '><\/div>\n","protected":false},"excerpt":{"rendered":"","protected":false},"author":1,"featured_media":22845,"comment_status":"open","ping_status":"open","sticky":false,"template":"","format":"standard","meta":{"footnotes":""},"categories":[38],"tags":[],"class_list":["post-22844","post","type-post","status-publish","format-standard","has-post-thumbnail","hentry","category-regional"],"jetpack_featured_media_url":"https:\/\/radiorevelacionfm.cl\/wp-content\/uploads\/2022\/10\/image-2022-10-10T230251.487-1.jpg","_links":{"self":[{"href":"https:\/\/radiorevelacionfm.cl\/index.php?rest_route=\/wp\/v2\/posts\/22844","targetHints":{"allow":["GET"]}}],"collection":[{"href":"https:\/\/radiorevelacionfm.cl\/index.php?rest_route=\/wp\/v2\/posts"}],"about":[{"href":"https:\/\/radiorevelacionfm.cl\/index.php?rest_route=\/wp\/v2\/types\/post"}],"author":[{"embeddable":true,"href":"https:\/\/radiorevelacionfm.cl\/index.php?rest_route=\/wp\/v2\/users\/1"}],"replies":[{"embeddable":true,"href":"https:\/\/radiorevelacionfm.cl\/index.php?rest_route=%2Fwp%2Fv2%2Fcomments&post=22844"}],"version-history":[{"count":2,"href":"https:\/\/radiorevelacionfm.cl\/index.php?rest_route=\/wp\/v2\/posts\/22844\/revisions"}],"predecessor-version":[{"id":22847,"href":"https:\/\/radiorevelacionfm.cl\/index.php?rest_route=\/wp\/v2\/posts\/22844\/revisions\/22847"}],"wp:featuredmedia":[{"embeddable":true,"href":"https:\/\/radiorevelacionfm.cl\/index.php?rest_route=\/wp\/v2\/media\/22845"}],"wp:attachment":[{"href":"https:\/\/radiorevelacionfm.cl\/index.php?rest_route=%2Fwp%2Fv2%2Fmedia&parent=22844"}],"wp:term":[{"taxonomy":"category","embeddable":true,"href":"https:\/\/radiorevelacionfm.cl\/index.php?rest_route=%2Fwp%2Fv2%2Fcategories&post=22844"},{"taxonomy":"post_tag","embeddable":true,"href":"https:\/\/radiorevelacionfm.cl\/index.php?rest_route=%2Fwp%2Fv2%2Ftags&post=22844"}],"curies":[{"name":"wp","href":"https:\/\/api.w.org\/{rel}","templated":true}]}}