{"id":22840,"date":"2022-10-10T19:01:49","date_gmt":"2022-10-10T22:01:49","guid":{"rendered":"https:\/\/radiorevelacionfm.cl\/?p=22840"},"modified":"2022-10-10T19:01:49","modified_gmt":"2022-10-10T22:01:49","slug":"tras-corte-de-ruta-vialidad-habilita-camino-y-conectividad-entre-puerto-tranquilo-y-bahia-exploradores","status":"publish","type":"post","link":"https:\/\/radiorevelacionfm.cl\/?p=22840","title":{"rendered":"Tras corte de ruta Vialidad habilita camino y conectividad entre Puerto Tranquilo y Bah\u00eda Exploradores"},"content":{"rendered":"<div class=\"flex_column av_one_full  flex_column_div av-zero-column-padding first  avia-builder-el-0  el_before_av_one_full  avia-builder-el-first  \" style='border-radius:0px; '><div  class='avia-image-container  av-styling-    avia-builder-el-1  avia-builder-el-no-sibling  avia-align-center '  itemprop=\"image\" itemscope=\"itemscope\" itemtype=\"https:\/\/schema.org\/ImageObject\"  ><div class='avia-image-container-inner'><div class='avia-image-overlay-wrap'><img decoding=\"async\" class='wp-image-22841 avia-img-lazy-loading-not-22841 avia_image' src=\"https:\/\/radiorevelacionfm.cl\/wp-content\/uploads\/2022\/10\/IMG-20221010-WA0005-1-1.jpg\" alt='' title='IMG-20221010-WA0005 (1) (1)' height=\"600\" width=\"799\"  itemprop=\"thumbnailUrl\" srcset=\"https:\/\/radiorevelacionfm.cl\/wp-content\/uploads\/2022\/10\/IMG-20221010-WA0005-1-1.jpg 799w, https:\/\/radiorevelacionfm.cl\/wp-content\/uploads\/2022\/10\/IMG-20221010-WA0005-1-1-300x225.jpg 300w, https:\/\/radiorevelacionfm.cl\/wp-content\/uploads\/2022\/10\/IMG-20221010-WA0005-1-1-768x577.jpg 768w, https:\/\/radiorevelacionfm.cl\/wp-content\/uploads\/2022\/10\/IMG-20221010-WA0005-1-1-705x529.jpg 705w, https:\/\/radiorevelacionfm.cl\/wp-content\/uploads\/2022\/10\/IMG-20221010-WA0005-1-1-600x451.jpg 600w\" sizes=\"(max-width: 799px) 100vw, 799px\" \/><\/div><\/div><\/div><\/div><div class=\"flex_column av_one_full  flex_column_div av-zero-column-padding first  avia-builder-el-2  el_after_av_one_full  el_before_av_one_full  column-top-margin\" style='border-radius:0px; '><section class=\"av_textblock_section \"  itemscope=\"itemscope\" itemtype=\"https:\/\/schema.org\/BlogPosting\" itemprop=\"blogPost\" ><div class='avia_textblock  '   itemprop=\"text\" ><p style=\"text-align: center;\"><strong><span style=\"font-size: 18pt;\">Tras corte de ruta Vialidad habilita camino y conectividad entre Puerto Tranquilo y Bah\u00eda Exploradores<\/span><\/strong><\/p>\n<div id=\"gtx-trans\" style=\"position: absolute; left: -50px; top: 4.31534px;\">\n<div class=\"gtx-trans-icon\"><\/div>\n<\/div>\n<\/div><\/section><\/div><div class=\"flex_column av_one_full  flex_column_div av-zero-column-padding first  avia-builder-el-4  el_after_av_one_full  el_before_av_hr  column-top-margin\" style='border-radius:0px; '><section class=\"av_textblock_section \"  itemscope=\"itemscope\" itemtype=\"https:\/\/schema.org\/BlogPosting\" itemprop=\"blogPost\" ><div class='avia_textblock  '   itemprop=\"text\" ><p style=\"text-align: justify;\">El Secretario Regional Ministerial de Obras P\u00fablicas, Patricio Sanhueza Ulloa inform\u00f3 que el 06 de octubre se report\u00f3 un incremento de caudal en el estero que descarga desde la laguna que tiene origen glacial, denominada Sin Nombre (conocida localmente como laguna caballo o laguna silvestre), ubicada en la comuna de r\u00edo Ib\u00e1\u00f1ez, sector Valle Exploradores. Este caudal cort\u00f3 en tres tramos la Ruta X-728, que une Puerto R\u00edo Tranquilo con Bah\u00eda Exploradores, por lo tanto se determin\u00f3 que mientras no hubiera un estudio del origen de la crecida de la laguna, no se ingresar\u00eda al sector con el fin de prevenir riesgos y p\u00e9rdidas humanas.<\/p>\n<p style=\"text-align: justify;\">Para conocer el origen del fen\u00f3meno de incremento de caudales, nuestros equipos de la Unidad de Glaciolog\u00eda y Nieves de la Direcci\u00f3n General de Aguas del MOP en la regi\u00f3n de Ays\u00e9n junto a funcionaria de Sernageomin realizaron un sobrevuelo en helic\u00f3ptero y efectuaron un recorrido en terreno por el sector afectado con el fin de determinar origen del suceso y verificar el estado de la red vial, entre otros. De acuerdo a lo informado por la Direcci\u00f3n General de Aguas del MOP en la regi\u00f3n de Ays\u00e9n, la causa directa de la crecida de la laguna fue una remoci\u00f3n en masa ocurrida en la ladera sur poniente de la laguna, con una ca\u00edda de alrededor de 500 metros de desnivel, desde la cota aproximada de 1.100 metros hasta la cota del lago de unos 600 metros. Una hip\u00f3tesis probable es que esta remoci\u00f3n en masa se origin\u00f3 debido al derretimiento primaveral de la capa de nieve invernal acumulada en la ladera norte del cerro Caballo, en la pared rocosa ubicada entre el sector frontal del glaciar y la laguna Sin Nombre. El volumen removido se estima aproximadamente en al menos 20.000m3 de roca gran\u00edtica. Este volumen cay\u00f3 en forma de una avalancha de rocas que se fragment\u00f3 durante la ca\u00edda e impacto la cabecera del lago, generando una ola de crecida la que se propag\u00f3 hacia el vertedero del lago, y la onda de crecida sigui\u00f3 el recorrido del estero de descarga del lago, aumentando su caudal significativamente. La erosi\u00f3n asociada a la descarga modific\u00f3 la distribuci\u00f3n de flujos entre los distintos brazos del efluente. Estos tres brazos efluentes atraviesan la Ruta X-728 aproximadamente a la altura del km 31.<\/p>\n<p style=\"text-align: justify;\">Una vez determinado el origen de la crecida de la laguna y que ya no hab\u00eda riesgo para las personas y para las siete familias que viven en las cercan\u00edas de Bah\u00eda Exploradores, la empresa constructora ingresa al lugar e instala la primera alcantarilla dejando operativo ese sector de la Ruta. Posteriormente a que la empresa constructora se retira del lugar y debido a la magnitud del fen\u00f3meno, con la Direcci\u00f3n de Vialidad y la Delegaci\u00f3n Presidencial Regional se busc\u00f3 la f\u00f3rmula administrativa y legal que correspond\u00eda a un Decreto con fuerza de Ley del Ministerio de Hacienda que le da las atribuciones al Delegado como superior jer\u00e1rquico para que nos diera la orden para poder movilizar los medios para atender la emergencia, as\u00ed que por instrucciones del Delegado Presidencial Regional Rodrigo Araya Morales se dispuso el traslado del equipo de Vialidad (Administraci\u00f3n Directa) y maquinaria (camiones tolva, cargadores y alcantarillas necesarias) hasta Puerto R\u00edo Tranquilo para que este domingo 09 de octubre 2022 se realizaran los trabajos que faltaban para poder dar continuidad a la conectividad en este tramo de la Ruta X-728 Puerto R\u00edo Tranquilo-Bah\u00eda Exploradores.<\/p>\n<p style=\"text-align: justify;\">Al respecto el Delegado Rodrigo Araya se\u00f1al\u00f3: \u201cFue un vaciamiento o ca\u00edda de rocas en la laguna que est\u00e1 en la parte superior del camino, lo que provoc\u00f3 una ca\u00edda masiva de agua repentina, que ocasion\u00f3 estos socavones y este da\u00f1o en zonas de alcantarilla de ese camino. Por lo tanto, esta delegaci\u00f3n ha instruido expresamente a Vialidad para que se haga cargo de realizar todas las operaciones necesarias para la conectividad de la ruta y todos los recursos se est\u00e1n movilizando para resolver esta emergencia\u201d, afirm\u00f3 Rodrigo Araya.<\/p>\n<p style=\"text-align: justify;\">Todas estas obras fueron realizadas y finalizadas por el equipo de Administraci\u00f3n Directa que integra la Direcci\u00f3n Regional de Vialidad del Ministerio de Obras P\u00fablicas (MOP), habilitando el camino y restituyendo la conectividad en esta Ruta.<\/p>\n<\/div><\/section><\/div><div  style='height:50px' class='hr hr-invisible   avia-builder-el-6  el_after_av_one_full  el_before_av_social_share '><span class='hr-inner ' ><span class='hr-inner-style'><\/span><\/span><\/div><\/p>\n<div  class='av-social-sharing-box  avia-builder-el-7  el_after_av_hr  el_before_av_hr  '><div class='av-share-box'><h5 class='av-share-link-description av-no-toc '>Compartir esta noticia<\/h5><ul class='av-share-box-list noLightbox'><li class='av-share-link av-social-link-facebook' ><a target=\"_blank\" aria-label=\"Compartir en Facebook\" href='https:\/\/www.facebook.com\/sharer.php?u=https:\/\/radiorevelacionfm.cl\/?p=22840&#038;t=Tras%20corte%20de%20ruta%20Vialidad%20habilita%20camino%20y%20conectividad%20entre%20Puerto%20Tranquilo%20y%20Bah%C3%ADa%20Exploradores' aria-hidden='false' data-av_icon='\ue8f3' data-av_iconfont='entypo-fontello' title='' data-avia-related-tooltip='Compartir en Facebook' rel=\"noopener\"><span class='avia_hidden_link_text'>Compartir en Facebook<\/span><\/a><\/li><li class='av-share-link av-social-link-twitter' ><a target=\"_blank\" aria-label=\"Compartir en Twitter\" href='https:\/\/twitter.com\/share?text=Tras%20corte%20de%20ruta%20Vialidad%20habilita%20camino%20y%20conectividad%20entre%20Puerto%20Tranquilo%20y%20Bah%C3%ADa%20Exploradores&#038;url=https:\/\/radiorevelacionfm.cl\/?p=22840' aria-hidden='false' data-av_icon='\ue8f1' data-av_iconfont='entypo-fontello' title='' data-avia-related-tooltip='Compartir en Twitter' rel=\"noopener\"><span class='avia_hidden_link_text'>Compartir en Twitter<\/span><\/a><\/li><li class='av-share-link av-social-link-whatsapp' ><a target=\"_blank\" aria-label=\"Compartir en Whatsapp\" href='https:\/\/api.whatsapp.com\/send?text=https:\/\/radiorevelacionfm.cl\/?p=22840' aria-hidden='false' data-av_icon='\uf232' data-av_iconfont='entypo-fontello' title='' data-avia-related-tooltip='Compartir en Whatsapp' rel=\"noopener\"><span class='avia_hidden_link_text'>Compartir en Whatsapp<\/span><\/a><\/li><li class='av-share-link av-social-link-linkedin' ><a target=\"_blank\" aria-label=\"Compartir en LinkedIn\" href='https:\/\/linkedin.com\/shareArticle?mini=true&#038;title=Tras%20corte%20de%20ruta%20Vialidad%20habilita%20camino%20y%20conectividad%20entre%20Puerto%20Tranquilo%20y%20Bah%C3%ADa%20Exploradores&#038;url=https:\/\/radiorevelacionfm.cl\/?p=22840' aria-hidden='false' data-av_icon='\ue8fc' data-av_iconfont='entypo-fontello' title='' data-avia-related-tooltip='Compartir en LinkedIn' rel=\"noopener\"><span class='avia_hidden_link_text'>Compartir en LinkedIn<\/span><\/a><\/li><li class='av-share-link av-social-link-mail' ><a  aria-label=\"Compartir por correo\" href='mailto:?subject=Tras%20corte%20de%20ruta%20Vialidad%20habilita%20camino%20y%20conectividad%20entre%20Puerto%20Tranquilo%20y%20Bah%C3%ADa%20Exploradores&#038;body=https:\/\/radiorevelacionfm.cl\/?p=22840' aria-hidden='false' data-av_icon='\ue805' data-av_iconfont='entypo-fontello' title='' data-avia-related-tooltip='Compartir por correo'><span class='avia_hidden_link_text'>Compartir por correo<\/span><\/a><\/li><\/ul><\/div><\/div>\n<div  style='height:50px' class='hr hr-invisible   avia-builder-el-8  el_after_av_social_share  el_before_av_comments_list '><span class='hr-inner ' ><span class='hr-inner-style'><\/span><\/span><\/div>\n<div  class='av-buildercomment  av-blog-meta-html-info-disabled av-blog-meta-tag-disabled  '><\/div>\n","protected":false},"excerpt":{"rendered":"","protected":false},"author":1,"featured_media":22841,"comment_status":"open","ping_status":"open","sticky":false,"template":"","format":"standard","meta":{"footnotes":""},"categories":[38],"tags":[],"class_list":["post-22840","post","type-post","status-publish","format-standard","has-post-thumbnail","hentry","category-regional"],"jetpack_featured_media_url":"https:\/\/radiorevelacionfm.cl\/wp-content\/uploads\/2022\/10\/IMG-20221010-WA0005-1-1.jpg","_links":{"self":[{"href":"https:\/\/radiorevelacionfm.cl\/index.php?rest_route=\/wp\/v2\/posts\/22840","targetHints":{"allow":["GET"]}}],"collection":[{"href":"https:\/\/radiorevelacionfm.cl\/index.php?rest_route=\/wp\/v2\/posts"}],"about":[{"href":"https:\/\/radiorevelacionfm.cl\/index.php?rest_route=\/wp\/v2\/types\/post"}],"author":[{"embeddable":true,"href":"https:\/\/radiorevelacionfm.cl\/index.php?rest_route=\/wp\/v2\/users\/1"}],"replies":[{"embeddable":true,"href":"https:\/\/radiorevelacionfm.cl\/index.php?rest_route=%2Fwp%2Fv2%2Fcomments&post=22840"}],"version-history":[{"count":2,"href":"https:\/\/radiorevelacionfm.cl\/index.php?rest_route=\/wp\/v2\/posts\/22840\/revisions"}],"predecessor-version":[{"id":22843,"href":"https:\/\/radiorevelacionfm.cl\/index.php?rest_route=\/wp\/v2\/posts\/22840\/revisions\/22843"}],"wp:featuredmedia":[{"embeddable":true,"href":"https:\/\/radiorevelacionfm.cl\/index.php?rest_route=\/wp\/v2\/media\/22841"}],"wp:attachment":[{"href":"https:\/\/radiorevelacionfm.cl\/index.php?rest_route=%2Fwp%2Fv2%2Fmedia&parent=22840"}],"wp:term":[{"taxonomy":"category","embeddable":true,"href":"https:\/\/radiorevelacionfm.cl\/index.php?rest_route=%2Fwp%2Fv2%2Fcategories&post=22840"},{"taxonomy":"post_tag","embeddable":true,"href":"https:\/\/radiorevelacionfm.cl\/index.php?rest_route=%2Fwp%2Fv2%2Ftags&post=22840"}],"curies":[{"name":"wp","href":"https:\/\/api.w.org\/{rel}","templated":true}]}}