{"id":22837,"date":"2022-10-11T10:23:51","date_gmt":"2022-10-11T13:23:51","guid":{"rendered":"https:\/\/radiorevelacionfm.cl\/?p=22837"},"modified":"2022-10-11T10:23:51","modified_gmt":"2022-10-11T13:23:51","slug":"seremi-de-la-mujer-y-equidad-de-genero-alista-agenda-regional-de-genero-2022-2026","status":"publish","type":"post","link":"https:\/\/radiorevelacionfm.cl\/?p=22837","title":{"rendered":"Seremi de la Mujer y Equidad de G\u00e9nero alista Agenda Regional de G\u00e9nero 2022-2026"},"content":{"rendered":"<div class=\"flex_column av_one_full  flex_column_div av-zero-column-padding first  avia-builder-el-0  el_before_av_one_full  avia-builder-el-first  \" style='border-radius:0px; '><div  class='avia-image-container  av-styling-    avia-builder-el-1  avia-builder-el-no-sibling  avia-align-center '  itemprop=\"image\" itemscope=\"itemscope\" itemtype=\"https:\/\/schema.org\/ImageObject\"  ><div class='avia-image-container-inner'><div class='avia-image-overlay-wrap'><img decoding=\"async\" class='wp-image-22838 avia-img-lazy-loading-not-22838 avia_image' src=\"https:\/\/radiorevelacionfm.cl\/wp-content\/uploads\/2022\/10\/img_3191-1_optimized.jpg\" alt='' title='img_3191-(1)_optimized' height=\"600\" width=\"1163\"  itemprop=\"thumbnailUrl\" srcset=\"https:\/\/radiorevelacionfm.cl\/wp-content\/uploads\/2022\/10\/img_3191-1_optimized.jpg 1163w, https:\/\/radiorevelacionfm.cl\/wp-content\/uploads\/2022\/10\/img_3191-1_optimized-300x155.jpg 300w, https:\/\/radiorevelacionfm.cl\/wp-content\/uploads\/2022\/10\/img_3191-1_optimized-1030x531.jpg 1030w, https:\/\/radiorevelacionfm.cl\/wp-content\/uploads\/2022\/10\/img_3191-1_optimized-768x396.jpg 768w, https:\/\/radiorevelacionfm.cl\/wp-content\/uploads\/2022\/10\/img_3191-1_optimized-705x364.jpg 705w, https:\/\/radiorevelacionfm.cl\/wp-content\/uploads\/2022\/10\/img_3191-1_optimized-600x310.jpg 600w\" sizes=\"(max-width: 1163px) 100vw, 1163px\" \/><\/div><\/div><\/div><\/div><div class=\"flex_column av_one_full  flex_column_div av-zero-column-padding first  avia-builder-el-2  el_after_av_one_full  el_before_av_one_full  column-top-margin\" style='border-radius:0px; '><section class=\"av_textblock_section \"  itemscope=\"itemscope\" itemtype=\"https:\/\/schema.org\/BlogPosting\" itemprop=\"blogPost\" ><div class='avia_textblock  '   itemprop=\"text\" ><p style=\"font-weight: 400; text-align: center;\"><span style=\"font-size: 18pt;\"><strong>Seremi de la Mujer y Equidad de G\u00e9nero <\/strong><strong>alista Agenda Regional de G\u00e9nero 2022-2026<\/strong><\/span><\/p>\n<div id=\"gtx-trans\" style=\"position: absolute; left: -50px; top: 4.31534px;\">\n<div class=\"gtx-trans-icon\"><\/div>\n<\/div>\n<\/div><\/section><\/div><div class=\"flex_column av_one_full  flex_column_div av-zero-column-padding first  avia-builder-el-4  el_after_av_one_full  el_before_av_hr  column-top-margin\" style='border-radius:0px; '><section class=\"av_textblock_section \"  itemscope=\"itemscope\" itemtype=\"https:\/\/schema.org\/BlogPosting\" itemprop=\"blogPost\" ><div class='avia_textblock  '   itemprop=\"text\" ><p style=\"font-weight: 400; text-align: justify;\">Con jornadas formativas y acompa\u00f1amiento t\u00e9cnico a las encargaturas de g\u00e9nero del sector p\u00fablico, avanza la elaboraci\u00f3n de la Agenda Regional de G\u00e9nero 2022-2026, que prepara la Secretar\u00eda Regional Ministerial de la Mujer y Equidad de G\u00e9nero en la Regi\u00f3n de Ays\u00e9n.<\/p>\n<p style=\"font-weight: 400; text-align: justify;\">El proceso se encuentra en su segunda etapa. En la primera de ellas, participaron cuatro Ministerios y sus servicios asociados y luego todos los restantes, con el objetivo de entregar a fin de a\u00f1o, al Delegado Presidencial Regional, Rodrigo Araya, a la Gobernadora Andrea Mac\u00edas y a la ciudadan\u00eda de Ays\u00e9n una robusta Agenda Regional de G\u00e9nero.<\/p>\n<p style=\"font-weight: 400; text-align: justify;\">As\u00ed lo dio a conocer la Seremi Andrea M\u00e9ndez tras el proceso formativo que procura dotar de competencias asociadas a feminismos, transversalizaci\u00f3n de g\u00e9nero, violencia de g\u00e9nero, masculinidades y diversidades sexo gen\u00e9ricas a todas las encargaturas de g\u00e9nero de la administraci\u00f3n p\u00fablica.<\/p>\n<p style=\"font-weight: 400; text-align: justify;\">\u00abFortalecer la transversalizaci\u00f3n de g\u00e9nero y la perspectiva feminista en la administraci\u00f3n del Estado, est\u00e1 consagrado dentro de nuestro programa de Gobierno. Por ello, hemos asumido esta importante tarea con responsabilidad y rigurosidad. Prueba de ello ha sido la participaci\u00f3n, en las instancias formativas, de expertas y expertos regionales en materia g\u00e9nero. As\u00ed como tambi\u00e9n el acompa\u00f1amiento inicial con cada servicio para que puedan identificar brechas, barreras e inequidades de g\u00e9nero, las cuales han de ser subsanadas con las agendas de g\u00e9nero de cada sector\u00bb, detall\u00f3.<\/p>\n<p style=\"font-weight: 400; text-align: justify;\">Entre los asistentes, Rodrigo Bustos, encargado de g\u00e9nero de la Seremi del Deporte valor\u00f3 la instancia, donde expuso la profesional de la Unidad de Equidad de G\u00e9nero de la Universidad de Ays\u00e9n, Hayley Dur\u00e1n.<\/p>\n<p style=\"font-weight: 400; text-align: justify;\">\u201cMe parece una instancia muy, muy potente que convoca a todos los servicios p\u00fablicos de la regi\u00f3n. Es una instancia que nos invita a pensar y a rearmar nuestra agenda de g\u00e9nero en nuestras instituciones. Nosotros como Seremi del Deporte y junto al Instituto Regional de Deporte (IND) estamos trabajando y estamos comprometidos fuertemente en armar una agenda que nos permita establecer equilibrios dentro de nuestro quehacer institucional\u201d, se\u00f1al\u00f3.<\/p>\n<p style=\"font-weight: 400; text-align: justify;\">Por su parte, Fernanda Soto, encargada de g\u00e9nero de la Seremi de Econom\u00eda, destac\u00f3 la importancia de este enfoque para el trabajo del sector p\u00fablico en la regi\u00f3n.<\/p>\n<p style=\"font-weight: 400; text-align: justify;\">\u201cEs s\u00faper importante no solamente comunicarnos de manera efectiva, sino que nuestras pr\u00e1cticas y nuestra misma instituci\u00f3n, tengan perspectiva de g\u00e9nero. Tambi\u00e9n algo s\u00faper importante que aprendimos en la sesi\u00f3n de hoy, es que la perspectiva de g\u00e9nero va mucho m\u00e1s all\u00e1 de considerar solamente c\u00f3mo podemos mejorar el sistema y las cosas para las mujeres, sino de c\u00f3mo podemos hacer que todos los ambientes en el sistema p\u00fablico, sean mucho m\u00e1s amenos para hombres, mujeres, ni\u00f1os, usuarias, usuarios y todas las personas que formamos parte de \u00e9l\u201d, concluy\u00f3.<\/p>\n<p style=\"font-weight: 400; text-align: justify;\">En t\u00e9rminos generales la Agenda Regional de G\u00e9nero 2022-2026 que se presentar\u00e1 a fin de este a\u00f1o considerar\u00e1 un compilado de los compromisos de todos los servicios p\u00fablicos con ni\u00f1as, mujeres y disidencias de la Regi\u00f3n de Ays\u00e9n.<\/p>\n<\/div><\/section><\/div><div  style='height:50px' class='hr hr-invisible   avia-builder-el-6  el_after_av_one_full  el_before_av_social_share '><span class='hr-inner ' ><span class='hr-inner-style'><\/span><\/span><\/div><\/p>\n<div  class='av-social-sharing-box  avia-builder-el-7  el_after_av_hr  el_before_av_hr  '><div class='av-share-box'><h5 class='av-share-link-description av-no-toc '>Compartir esta noticia<\/h5><ul class='av-share-box-list noLightbox'><li class='av-share-link av-social-link-facebook' ><a target=\"_blank\" aria-label=\"Compartir en Facebook\" href='https:\/\/www.facebook.com\/sharer.php?u=https:\/\/radiorevelacionfm.cl\/?p=22837&#038;t=Seremi%20de%20la%20Mujer%20y%20Equidad%20de%20G%C3%A9nero%20alista%20Agenda%20Regional%20de%20G%C3%A9nero%202022-2026' aria-hidden='false' data-av_icon='\ue8f3' data-av_iconfont='entypo-fontello' title='' data-avia-related-tooltip='Compartir en Facebook' rel=\"noopener\"><span class='avia_hidden_link_text'>Compartir en Facebook<\/span><\/a><\/li><li class='av-share-link av-social-link-twitter' ><a target=\"_blank\" aria-label=\"Compartir en Twitter\" href='https:\/\/twitter.com\/share?text=Seremi%20de%20la%20Mujer%20y%20Equidad%20de%20G%C3%A9nero%20alista%20Agenda%20Regional%20de%20G%C3%A9nero%202022-2026&#038;url=https:\/\/radiorevelacionfm.cl\/?p=22837' aria-hidden='false' data-av_icon='\ue8f1' data-av_iconfont='entypo-fontello' title='' data-avia-related-tooltip='Compartir en Twitter' rel=\"noopener\"><span class='avia_hidden_link_text'>Compartir en Twitter<\/span><\/a><\/li><li class='av-share-link av-social-link-whatsapp' ><a target=\"_blank\" aria-label=\"Compartir en Whatsapp\" href='https:\/\/api.whatsapp.com\/send?text=https:\/\/radiorevelacionfm.cl\/?p=22837' aria-hidden='false' data-av_icon='\uf232' data-av_iconfont='entypo-fontello' title='' data-avia-related-tooltip='Compartir en Whatsapp' rel=\"noopener\"><span class='avia_hidden_link_text'>Compartir en Whatsapp<\/span><\/a><\/li><li class='av-share-link av-social-link-linkedin' ><a target=\"_blank\" aria-label=\"Compartir en LinkedIn\" href='https:\/\/linkedin.com\/shareArticle?mini=true&#038;title=Seremi%20de%20la%20Mujer%20y%20Equidad%20de%20G%C3%A9nero%20alista%20Agenda%20Regional%20de%20G%C3%A9nero%202022-2026&#038;url=https:\/\/radiorevelacionfm.cl\/?p=22837' aria-hidden='false' data-av_icon='\ue8fc' data-av_iconfont='entypo-fontello' title='' data-avia-related-tooltip='Compartir en LinkedIn' rel=\"noopener\"><span class='avia_hidden_link_text'>Compartir en LinkedIn<\/span><\/a><\/li><li class='av-share-link av-social-link-mail' ><a  aria-label=\"Compartir por correo\" href='mailto:?subject=Seremi%20de%20la%20Mujer%20y%20Equidad%20de%20G%C3%A9nero%20alista%20Agenda%20Regional%20de%20G%C3%A9nero%202022-2026&#038;body=https:\/\/radiorevelacionfm.cl\/?p=22837' aria-hidden='false' data-av_icon='\ue805' data-av_iconfont='entypo-fontello' title='' data-avia-related-tooltip='Compartir por correo'><span class='avia_hidden_link_text'>Compartir por correo<\/span><\/a><\/li><\/ul><\/div><\/div>\n<div  style='height:50px' class='hr hr-invisible   avia-builder-el-8  el_after_av_social_share  el_before_av_comments_list '><span class='hr-inner ' ><span class='hr-inner-style'><\/span><\/span><\/div>\n<div  class='av-buildercomment  av-blog-meta-html-info-disabled av-blog-meta-tag-disabled  '><\/div>\n","protected":false},"excerpt":{"rendered":"","protected":false},"author":1,"featured_media":22838,"comment_status":"open","ping_status":"open","sticky":false,"template":"","format":"standard","meta":{"footnotes":""},"categories":[38],"tags":[],"class_list":["post-22837","post","type-post","status-publish","format-standard","has-post-thumbnail","hentry","category-regional"],"jetpack_featured_media_url":"https:\/\/radiorevelacionfm.cl\/wp-content\/uploads\/2022\/10\/img_3191-1_optimized.jpg","_links":{"self":[{"href":"https:\/\/radiorevelacionfm.cl\/index.php?rest_route=\/wp\/v2\/posts\/22837","targetHints":{"allow":["GET"]}}],"collection":[{"href":"https:\/\/radiorevelacionfm.cl\/index.php?rest_route=\/wp\/v2\/posts"}],"about":[{"href":"https:\/\/radiorevelacionfm.cl\/index.php?rest_route=\/wp\/v2\/types\/post"}],"author":[{"embeddable":true,"href":"https:\/\/radiorevelacionfm.cl\/index.php?rest_route=\/wp\/v2\/users\/1"}],"replies":[{"embeddable":true,"href":"https:\/\/radiorevelacionfm.cl\/index.php?rest_route=%2Fwp%2Fv2%2Fcomments&post=22837"}],"version-history":[{"count":2,"href":"https:\/\/radiorevelacionfm.cl\/index.php?rest_route=\/wp\/v2\/posts\/22837\/revisions"}],"predecessor-version":[{"id":22849,"href":"https:\/\/radiorevelacionfm.cl\/index.php?rest_route=\/wp\/v2\/posts\/22837\/revisions\/22849"}],"wp:featuredmedia":[{"embeddable":true,"href":"https:\/\/radiorevelacionfm.cl\/index.php?rest_route=\/wp\/v2\/media\/22838"}],"wp:attachment":[{"href":"https:\/\/radiorevelacionfm.cl\/index.php?rest_route=%2Fwp%2Fv2%2Fmedia&parent=22837"}],"wp:term":[{"taxonomy":"category","embeddable":true,"href":"https:\/\/radiorevelacionfm.cl\/index.php?rest_route=%2Fwp%2Fv2%2Fcategories&post=22837"},{"taxonomy":"post_tag","embeddable":true,"href":"https:\/\/radiorevelacionfm.cl\/index.php?rest_route=%2Fwp%2Fv2%2Ftags&post=22837"}],"curies":[{"name":"wp","href":"https:\/\/api.w.org\/{rel}","templated":true}]}}