{"id":22829,"date":"2022-10-10T15:52:10","date_gmt":"2022-10-10T18:52:10","guid":{"rendered":"https:\/\/radiorevelacionfm.cl\/?p=22829"},"modified":"2022-10-10T15:52:10","modified_gmt":"2022-10-10T18:52:10","slug":"mas-de-20-productores-as-reciben-alimentos-e-insumos-agropecuarios-en-bahia-murta","status":"publish","type":"post","link":"https:\/\/radiorevelacionfm.cl\/?p=22829","title":{"rendered":"M\u00e1s de 20 productores\/as reciben alimentos e insumos agropecuarios en Bah\u00eda Murta"},"content":{"rendered":"<div class=\"flex_column av_one_full  flex_column_div av-zero-column-padding first  avia-builder-el-0  el_before_av_one_full  avia-builder-el-first  \" style='border-radius:0px; '><div  class='avia-image-container  av-styling-    avia-builder-el-1  avia-builder-el-no-sibling  avia-align-center '  itemprop=\"image\" itemscope=\"itemscope\" itemtype=\"https:\/\/schema.org\/ImageObject\"  ><div class='avia-image-container-inner'><div class='avia-image-overlay-wrap'><img decoding=\"async\" class='wp-image-22830 avia-img-lazy-loading-not-22830 avia_image' src=\"https:\/\/radiorevelacionfm.cl\/wp-content\/uploads\/2022\/10\/foto-entrega-murta-01-1_optimized.jpg\" alt='' title='foto-entrega-murta-01-(1)_optimized' height=\"600\" width=\"862\"  itemprop=\"thumbnailUrl\" srcset=\"https:\/\/radiorevelacionfm.cl\/wp-content\/uploads\/2022\/10\/foto-entrega-murta-01-1_optimized.jpg 862w, https:\/\/radiorevelacionfm.cl\/wp-content\/uploads\/2022\/10\/foto-entrega-murta-01-1_optimized-300x209.jpg 300w, https:\/\/radiorevelacionfm.cl\/wp-content\/uploads\/2022\/10\/foto-entrega-murta-01-1_optimized-768x535.jpg 768w, https:\/\/radiorevelacionfm.cl\/wp-content\/uploads\/2022\/10\/foto-entrega-murta-01-1_optimized-705x491.jpg 705w, https:\/\/radiorevelacionfm.cl\/wp-content\/uploads\/2022\/10\/foto-entrega-murta-01-1_optimized-600x418.jpg 600w\" sizes=\"(max-width: 862px) 100vw, 862px\" \/><\/div><\/div><\/div><\/div>\n<div class=\"flex_column av_one_full  flex_column_div av-zero-column-padding first  avia-builder-el-2  el_after_av_one_full  el_before_av_one_full  column-top-margin\" style='border-radius:0px; '><section class=\"av_textblock_section \"  itemscope=\"itemscope\" itemtype=\"https:\/\/schema.org\/BlogPosting\" itemprop=\"blogPost\" ><div class='avia_textblock  '   itemprop=\"text\" ><p style=\"text-align: center;\"><strong><span style=\"font-size: 18pt;\">M\u00e1s de 20 productores\/as reciben alimentos e insumos agropecuarios en Bah\u00eda Murta<\/span><\/strong><\/p>\n<div id=\"gtx-trans\" style=\"position: absolute; left: -50px; top: 4.31534px;\">\n<div class=\"gtx-trans-icon\"><\/div>\n<\/div>\n<\/div><\/section><\/div><div class=\"flex_column av_one_full  flex_column_div av-zero-column-padding first  avia-builder-el-4  el_after_av_one_full  el_before_av_hr  column-top-margin\" style='border-radius:0px; '><section class=\"av_textblock_section \"  itemscope=\"itemscope\" itemtype=\"https:\/\/schema.org\/BlogPosting\" itemprop=\"blogPost\" ><div class='avia_textblock  '   itemprop=\"text\" ><p style=\"text-align: justify;\">M\u00e1s de cien productores\/as agropecuarios de la comuna de R\u00edo Ib\u00e1\u00f1ez accedieron a alimentaci\u00f3n para el ganado e insumos agropecuarios, a trav\u00e9s del Programa Siembra Por Chile del Ministerio de Agricultura.<\/p>\n<p style=\"text-align: justify;\">El seremi Alan Espinoza Ortiz se\u00f1al\u00f3 que la inversi\u00f3n en la comuna alcanza los 30 millones de pesos de la Subsecretar\u00eda de Agricultura, en un proceso que culmin\u00f3 en la localidad de Bah\u00eda Murta con la entrega a 22 productores.<\/p>\n<p style=\"text-align: justify;\">\u00ab\u00c9ste es un trabajo colaborativo en conjunto con los municipios y quiero destacar el apoyo que hemos recibido por parte de cada uno de ellos. As\u00ed que seguimos trabajando juntos por una mejor agricultura para nuestra regi\u00f3n de Ays\u00e9n\u00bb, se\u00f1al\u00f3 Alan Espinoza Ortiz.<\/p>\n<p style=\"text-align: justify;\">La entrega de apoyo en concentrado animal, realizado en forma conjunta con la Municipalidad, permiti\u00f3 llegar a 103 productores que no trabajan al alero del Instituto Nacional de Desarrollo Agropecuario (Indap).<\/p>\n<p style=\"text-align: justify;\">\u00abEstamos cerrando hoy d\u00eda en Bah\u00eda Murta este programa Siembra por Chile, que nos permiti\u00f3 llegar a 103 vecinos, peque\u00f1os campesinos de nuestra comuna de R\u00edo Ib\u00e1\u00f1ez, que no son usuarios de INDAP, con apoyo en forraje para sus animales. Estuvimos en Cerro Castillo, Ib\u00e1\u00f1ez entregando, tambi\u00e9n en Puerto S\u00e1nchez, Puerto Tranquilo y hoy cerrando ac\u00e1 en Bah\u00eda Murta\u00bb, precis\u00f3 el alcalde de R\u00edo Ib\u00e1\u00f1ez, Marcelo Santana Vargas.<\/p>\n<p style=\"text-align: justify;\">Cabe se\u00f1alar que a los 103 productores apoyados a trav\u00e9s de la declaratoria de D\u00e9ficit H\u00eddrico (09 de marzo) se suma el apoyo ya realizado a 135 campesinos\/as usuarios de Indap de la comuna.<\/p>\n<p style=\"text-align: justify;\"><strong>Fertilizantes para Chile<\/strong><\/p>\n<p style=\"text-align: justify;\">En el marco de esta entrega, el seremi Alan Espinoza destac\u00f3 el apoyo a campesinos\/as, a trav\u00e9s del programa Siembra Por Chile.<\/p>\n<p style=\"text-align: justify;\">\u00abEl objeto de la medida es estimular la siembra de la temporada y contribuir a la seguridad y soberan\u00eda alimentaria del pa\u00eds. Como Gobierno del presidente Gabriel Boric estamos comprometidos con impulsar la sostenibilidad y la agroecolog\u00eda. Este incentivo de emergencia incluye usuarios\/as de INDAP y no INDAP que llegar\u00e1 a m\u00e1s de 600 agricultores y agricultoras de nuestra regi\u00f3n\u00bb, sostuvo Alan Espinoza Ortiz.<\/p>\n<p style=\"text-align: justify;\">En este sentido, el titular de agricultura se\u00f1al\u00f3 que el trabajo de selecci\u00f3n y entrega de este nuevo apoyo, en el caso de no usuarios de Indap, se coordina con los municipios con quienes ya existe un trabajo previo, mientras que para los productores que trabajan al alero del servicio se trabajar\u00e1 a trav\u00e9s de las agencias de \u00e1reas locales.<\/p>\n<\/div><\/section><\/div><\/p>\n<div  style='height:50px' class='hr hr-invisible   avia-builder-el-6  el_after_av_one_full  el_before_av_social_share '><span class='hr-inner ' ><span class='hr-inner-style'><\/span><\/span><\/div>\n<div  class='av-social-sharing-box  avia-builder-el-7  el_after_av_hr  el_before_av_hr  '><div class='av-share-box'><h5 class='av-share-link-description av-no-toc '>Compartir esta noticia<\/h5><ul class='av-share-box-list noLightbox'><li class='av-share-link av-social-link-facebook' ><a target=\"_blank\" aria-label=\"Compartir en Facebook\" href='https:\/\/www.facebook.com\/sharer.php?u=https:\/\/radiorevelacionfm.cl\/?p=22829&#038;t=M%C3%A1s%20de%2020%20productores%2Fas%20reciben%20alimentos%20e%20insumos%20agropecuarios%20en%20Bah%C3%ADa%20Murta' aria-hidden='false' data-av_icon='\ue8f3' data-av_iconfont='entypo-fontello' title='' data-avia-related-tooltip='Compartir en Facebook' rel=\"noopener\"><span class='avia_hidden_link_text'>Compartir en Facebook<\/span><\/a><\/li><li class='av-share-link av-social-link-twitter' ><a target=\"_blank\" aria-label=\"Compartir en Twitter\" href='https:\/\/twitter.com\/share?text=M%C3%A1s%20de%2020%20productores%2Fas%20reciben%20alimentos%20e%20insumos%20agropecuarios%20en%20Bah%C3%ADa%20Murta&#038;url=https:\/\/radiorevelacionfm.cl\/?p=22829' aria-hidden='false' data-av_icon='\ue8f1' data-av_iconfont='entypo-fontello' title='' data-avia-related-tooltip='Compartir en Twitter' rel=\"noopener\"><span class='avia_hidden_link_text'>Compartir en Twitter<\/span><\/a><\/li><li class='av-share-link av-social-link-whatsapp' ><a target=\"_blank\" aria-label=\"Compartir en Whatsapp\" href='https:\/\/api.whatsapp.com\/send?text=https:\/\/radiorevelacionfm.cl\/?p=22829' aria-hidden='false' data-av_icon='\uf232' data-av_iconfont='entypo-fontello' title='' data-avia-related-tooltip='Compartir en Whatsapp' rel=\"noopener\"><span class='avia_hidden_link_text'>Compartir en Whatsapp<\/span><\/a><\/li><li class='av-share-link av-social-link-linkedin' ><a target=\"_blank\" aria-label=\"Compartir en LinkedIn\" href='https:\/\/linkedin.com\/shareArticle?mini=true&#038;title=M%C3%A1s%20de%2020%20productores%2Fas%20reciben%20alimentos%20e%20insumos%20agropecuarios%20en%20Bah%C3%ADa%20Murta&#038;url=https:\/\/radiorevelacionfm.cl\/?p=22829' aria-hidden='false' data-av_icon='\ue8fc' data-av_iconfont='entypo-fontello' title='' data-avia-related-tooltip='Compartir en LinkedIn' rel=\"noopener\"><span class='avia_hidden_link_text'>Compartir en LinkedIn<\/span><\/a><\/li><li class='av-share-link av-social-link-mail' ><a  aria-label=\"Compartir por correo\" href='mailto:?subject=M%C3%A1s%20de%2020%20productores%2Fas%20reciben%20alimentos%20e%20insumos%20agropecuarios%20en%20Bah%C3%ADa%20Murta&#038;body=https:\/\/radiorevelacionfm.cl\/?p=22829' aria-hidden='false' data-av_icon='\ue805' data-av_iconfont='entypo-fontello' title='' data-avia-related-tooltip='Compartir por correo'><span class='avia_hidden_link_text'>Compartir por correo<\/span><\/a><\/li><\/ul><\/div><\/div>\n<div  style='height:50px' class='hr hr-invisible   avia-builder-el-8  el_after_av_social_share  el_before_av_comments_list '><span class='hr-inner ' ><span class='hr-inner-style'><\/span><\/span><\/div>\n<div  class='av-buildercomment  av-blog-meta-html-info-disabled av-blog-meta-tag-disabled  '><\/div>\n","protected":false},"excerpt":{"rendered":"","protected":false},"author":1,"featured_media":22830,"comment_status":"open","ping_status":"open","sticky":false,"template":"","format":"standard","meta":{"footnotes":""},"categories":[58],"tags":[],"class_list":["post-22829","post","type-post","status-publish","format-standard","has-post-thumbnail","hentry","category-agricultura"],"jetpack_featured_media_url":"https:\/\/radiorevelacionfm.cl\/wp-content\/uploads\/2022\/10\/foto-entrega-murta-01-1_optimized.jpg","_links":{"self":[{"href":"https:\/\/radiorevelacionfm.cl\/index.php?rest_route=\/wp\/v2\/posts\/22829","targetHints":{"allow":["GET"]}}],"collection":[{"href":"https:\/\/radiorevelacionfm.cl\/index.php?rest_route=\/wp\/v2\/posts"}],"about":[{"href":"https:\/\/radiorevelacionfm.cl\/index.php?rest_route=\/wp\/v2\/types\/post"}],"author":[{"embeddable":true,"href":"https:\/\/radiorevelacionfm.cl\/index.php?rest_route=\/wp\/v2\/users\/1"}],"replies":[{"embeddable":true,"href":"https:\/\/radiorevelacionfm.cl\/index.php?rest_route=%2Fwp%2Fv2%2Fcomments&post=22829"}],"version-history":[{"count":3,"href":"https:\/\/radiorevelacionfm.cl\/index.php?rest_route=\/wp\/v2\/posts\/22829\/revisions"}],"predecessor-version":[{"id":22834,"href":"https:\/\/radiorevelacionfm.cl\/index.php?rest_route=\/wp\/v2\/posts\/22829\/revisions\/22834"}],"wp:featuredmedia":[{"embeddable":true,"href":"https:\/\/radiorevelacionfm.cl\/index.php?rest_route=\/wp\/v2\/media\/22830"}],"wp:attachment":[{"href":"https:\/\/radiorevelacionfm.cl\/index.php?rest_route=%2Fwp%2Fv2%2Fmedia&parent=22829"}],"wp:term":[{"taxonomy":"category","embeddable":true,"href":"https:\/\/radiorevelacionfm.cl\/index.php?rest_route=%2Fwp%2Fv2%2Fcategories&post=22829"},{"taxonomy":"post_tag","embeddable":true,"href":"https:\/\/radiorevelacionfm.cl\/index.php?rest_route=%2Fwp%2Fv2%2Ftags&post=22829"}],"curies":[{"name":"wp","href":"https:\/\/api.w.org\/{rel}","templated":true}]}}