{"id":22826,"date":"2022-10-10T17:05:51","date_gmt":"2022-10-10T20:05:51","guid":{"rendered":"https:\/\/radiorevelacionfm.cl\/?p=22826"},"modified":"2022-10-10T17:05:51","modified_gmt":"2022-10-10T20:05:51","slug":"mineduc-realizo-encuentro-de-apropiacion-curricular-para-profesores-de-matematica","status":"publish","type":"post","link":"https:\/\/radiorevelacionfm.cl\/?p=22826","title":{"rendered":"Mineduc realiz\u00f3 Encuentro de Apropiaci\u00f3n Curricular para profesores de Matem\u00e1tica"},"content":{"rendered":"<div class=\"flex_column av_one_full  flex_column_div av-zero-column-padding first  avia-builder-el-0  el_before_av_one_full  avia-builder-el-first  \" style='border-radius:0px; '><div  class='avia-image-container  av-styling-    avia-builder-el-1  avia-builder-el-no-sibling  avia-align-center '  itemprop=\"image\" itemscope=\"itemscope\" itemtype=\"https:\/\/schema.org\/ImageObject\"  ><div class='avia-image-container-inner'><div class='avia-image-overlay-wrap'><img decoding=\"async\" class='wp-image-22827 avia-img-lazy-loading-not-22827 avia_image' src=\"https:\/\/radiorevelacionfm.cl\/wp-content\/uploads\/2022\/10\/matematica2-1-1.jpg\" alt='' title='matematica2 (1) (1)' height=\"600\" width=\"801\"  itemprop=\"thumbnailUrl\" srcset=\"https:\/\/radiorevelacionfm.cl\/wp-content\/uploads\/2022\/10\/matematica2-1-1.jpg 801w, https:\/\/radiorevelacionfm.cl\/wp-content\/uploads\/2022\/10\/matematica2-1-1-300x225.jpg 300w, https:\/\/radiorevelacionfm.cl\/wp-content\/uploads\/2022\/10\/matematica2-1-1-768x575.jpg 768w, https:\/\/radiorevelacionfm.cl\/wp-content\/uploads\/2022\/10\/matematica2-1-1-705x528.jpg 705w, https:\/\/radiorevelacionfm.cl\/wp-content\/uploads\/2022\/10\/matematica2-1-1-600x449.jpg 600w\" sizes=\"(max-width: 801px) 100vw, 801px\" \/><\/div><\/div><\/div><\/div><div class=\"flex_column av_one_full  flex_column_div av-zero-column-padding first  avia-builder-el-2  el_after_av_one_full  el_before_av_one_full  column-top-margin\" style='border-radius:0px; '><section class=\"av_textblock_section \"  itemscope=\"itemscope\" itemtype=\"https:\/\/schema.org\/BlogPosting\" itemprop=\"blogPost\" ><div class='avia_textblock  '   itemprop=\"text\" ><p style=\"text-align: center;\"><strong><span style=\"font-size: 18pt;\">Mineduc realiz\u00f3 Encuentro de Apropiaci\u00f3n Curricular para profesores de Matem\u00e1tica<\/span><\/strong><\/p>\n<div id=\"gtx-trans\" style=\"position: absolute; left: -50px; top: 4.31534px;\">\n<div class=\"gtx-trans-icon\"><\/div>\n<\/div>\n<\/div><\/section><\/div><div class=\"flex_column av_one_full  flex_column_div av-zero-column-padding first  avia-builder-el-4  el_after_av_one_full  el_before_av_hr  column-top-margin\" style='border-radius:0px; '><section class=\"av_textblock_section \"  itemscope=\"itemscope\" itemtype=\"https:\/\/schema.org\/BlogPosting\" itemprop=\"blogPost\" ><div class='avia_textblock  '   itemprop=\"text\" ><p class=\"v1MsoNormal\" style=\"text-align: justify;\">En el marco de la Pol\u00edtica de Reactivaci\u00f3n Educativa Integral \u00abSeamos Comunidad\u00bb y el Plan Regional de Educaci\u00f3n de la Secretar\u00eda Ministerial de Educaci\u00f3n de Ays\u00e9n la instituci\u00f3n\u00a0 realiz\u00f3 el jueves pasado \u00a0una Jornada Regional de Actualizaci\u00f3n de las Bases Curriculares de Educaci\u00f3n Media con el fin de fortalecer procesos de ense\u00f1anza-aprendizaje en lo relativo a estrategias metodol\u00f3gicas, desarrollo de habilidades, did\u00e1ctica y evaluaci\u00f3n de la ense\u00f1anza.<\/p>\n<p class=\"v1MsoNormal\" style=\"text-align: justify;\">En esta oportunidad el encuentro de capacitaci\u00f3n reuni\u00f3 a<b>\u00a0<\/b>m\u00e1s de 70 personas; jefes de Unidad T\u00e9cnico Pedag\u00f3gica y docentes de Matem\u00e1tica de establecimientos educacionales de toda la regi\u00f3n. El prop\u00f3sito principal fue la apropiaci\u00f3n del curr\u00edculum mediante an\u00e1lisis curricular y did\u00e1ctico de la asignatura de Matem\u00e1tica como una forma de descubrir en conjunto con los docentes, diversas actividades did\u00e1cticas que permitan motivar e incentivar el aprendizaje de la asignatura como una competencia b\u00e1sica transversal y m\u00e1s integral de la ense\u00f1anza.<\/p>\n<p class=\"v1MsoNormal\" style=\"text-align: justify;\">El relator de la jornada fue el acad\u00e9mico especialista de la asignatura Alejandro Pedreros Matta, quien fue parte del dise\u00f1o y elaboraci\u00f3n de las Bases Curriculares de Ense\u00f1anza B\u00e1sica y Media en la Unidad de Curr\u00edculum y Evaluaci\u00f3n del Ministerio de Educaci\u00f3n, y quien en la actualidad se desempe\u00f1a como docente y acad\u00e9mico de establecimientos educacionales y de instituciones de educaci\u00f3n superior.<\/p>\n<p class=\"v1MsoNormal\" style=\"text-align: justify;\"><b>Retorno a las capacitaciones docentes presenciales<\/b><\/p>\n<p class=\"v1MsoNormal\" style=\"text-align: justify;\">La Seremi de Educaci\u00f3n de Ays\u00e9n Isabel Garrido Casassa destac\u00f3 la importancia de esta actualizaci\u00f3n docente gestionada por el Mineduc.<\/p>\n<p class=\"v1MsoNormal\" style=\"text-align: justify;\">\u00abEsta jornada de capacitaci\u00f3n a las y los profesores Matem\u00e1tica en las nuevas Bases Curriculares nos tiene muy contentos ya que despu\u00e9s de m\u00e1s de dos a\u00f1os se desarrolla cien por ciento presencial y los docentes pueden interactuar con sus pares cara a cara. La formaci\u00f3n continua es indispensable para que los profesores realicen mejores clases y generen aprendizajes relevantes en los estudiantes. Es el deber de nuestra institucionalidad brindar estos espacios de formaci\u00f3n continua y por ello estamos felices de que se haya concretado esta jornada\u00bb.<\/p>\n<p class=\"v1MsoNormal\" style=\"text-align: justify;\">El relator de la jornada profesor Alejandro Pedreros Matta se refiri\u00f3 a objetivos de esta jornada. \u00abEn esta oportunidad hemos abordado toda la actualizaci\u00f3n curricular y su implementaci\u00f3n en toda la trayectoria educativa, desde la Educaci\u00f3n Parvularia hasta IV Medio y hemos reflexionado y visualizado los impactos y desaf\u00edos que se generan\u00a0 en educaci\u00f3n b\u00e1sica y en educaci\u00f3n media hasta segundo a\u00f1o medio lo que en t\u00e9rminos de ciclo es muy importante y despu\u00e9s abordamos todo el plan com\u00fan y diferenciado en tercero y cuarto medio. Tener la oportunidad de reflexionar con los profesores, con los jefes de UTP y directores es una oportunidad \u00fanica en t\u00e9rminos de abordar la trayectoria curricular de los ni\u00f1os, ni\u00f1as y adolescentes dentro del sistema escolar\u00bb.<\/p>\n<p class=\"v1MsoNormal\" style=\"text-align: justify;\">Marila G\u00f3mez, Jefa UTP del Liceo Bicentenario Luisa Rabanal Palma de Chile Chico valor\u00f3 positivamente el encuentro. \u00abHa sido muy positivo este encuentro porque ha sido presencial y es mucho mejor que los encuentros virtuales. Es importante la interacci\u00f3n con los colegas y pares y as\u00ed se potencia el aprendizaje y tambi\u00e9n en este encuentro en particular hemos recibido herramientas que son fundamentales para nuestra labor pedag\u00f3gica\u00bb.<\/p>\n<p class=\"v1MsoNormal\" style=\"text-align: justify;\">Romina Esc\u00e1rate del Liceo Eusebio Ibar Schepeler de La Junta comuna de Cisnes afirm\u00f3\u00a0 que. \u00abEstos encuentros con los pares\u00a0 enriquecen nuestra labor y con ello logramos impactar en nuestra labor diaria en el aula. En esta oportunidad hemos mirado la asignatura de Matem\u00e1tica en forma lineal, de una trayectoria desde el nivel parvulario hasta cuarto medio y eso nos da un horizonte para desarrollar la labor docente como un continuo. Lo que hoy estamos aprendiendo en esta jornada ir\u00e1 en directo beneficio de nuestros estudiantes\u00bb.<\/p>\n<\/div><\/section><\/div><div  style='height:50px' class='hr hr-invisible   avia-builder-el-6  el_after_av_one_full  el_before_av_social_share '><span class='hr-inner ' ><span class='hr-inner-style'><\/span><\/span><\/div><\/p>\n<div  class='av-social-sharing-box  avia-builder-el-7  el_after_av_hr  el_before_av_hr  '><div class='av-share-box'><h5 class='av-share-link-description av-no-toc '>Compartir esta noticia<\/h5><ul class='av-share-box-list noLightbox'><li class='av-share-link av-social-link-facebook' ><a target=\"_blank\" aria-label=\"Compartir en Facebook\" href='https:\/\/www.facebook.com\/sharer.php?u=https:\/\/radiorevelacionfm.cl\/?p=22826&#038;t=Mineduc%20realiz%C3%B3%20Encuentro%20de%20Apropiaci%C3%B3n%20Curricular%20para%20profesores%20de%20Matem%C3%A1tica' aria-hidden='false' data-av_icon='\ue8f3' data-av_iconfont='entypo-fontello' title='' data-avia-related-tooltip='Compartir en Facebook' rel=\"noopener\"><span class='avia_hidden_link_text'>Compartir en Facebook<\/span><\/a><\/li><li class='av-share-link av-social-link-twitter' ><a target=\"_blank\" aria-label=\"Compartir en Twitter\" href='https:\/\/twitter.com\/share?text=Mineduc%20realiz%C3%B3%20Encuentro%20de%20Apropiaci%C3%B3n%20Curricular%20para%20profesores%20de%20Matem%C3%A1tica&#038;url=https:\/\/radiorevelacionfm.cl\/?p=22826' aria-hidden='false' data-av_icon='\ue8f1' data-av_iconfont='entypo-fontello' title='' data-avia-related-tooltip='Compartir en Twitter' rel=\"noopener\"><span class='avia_hidden_link_text'>Compartir en Twitter<\/span><\/a><\/li><li class='av-share-link av-social-link-whatsapp' ><a target=\"_blank\" aria-label=\"Compartir en Whatsapp\" href='https:\/\/api.whatsapp.com\/send?text=https:\/\/radiorevelacionfm.cl\/?p=22826' aria-hidden='false' data-av_icon='\uf232' data-av_iconfont='entypo-fontello' title='' data-avia-related-tooltip='Compartir en Whatsapp' rel=\"noopener\"><span class='avia_hidden_link_text'>Compartir en Whatsapp<\/span><\/a><\/li><li class='av-share-link av-social-link-linkedin' ><a target=\"_blank\" aria-label=\"Compartir en LinkedIn\" href='https:\/\/linkedin.com\/shareArticle?mini=true&#038;title=Mineduc%20realiz%C3%B3%20Encuentro%20de%20Apropiaci%C3%B3n%20Curricular%20para%20profesores%20de%20Matem%C3%A1tica&#038;url=https:\/\/radiorevelacionfm.cl\/?p=22826' aria-hidden='false' data-av_icon='\ue8fc' data-av_iconfont='entypo-fontello' title='' data-avia-related-tooltip='Compartir en LinkedIn' rel=\"noopener\"><span class='avia_hidden_link_text'>Compartir en LinkedIn<\/span><\/a><\/li><li class='av-share-link av-social-link-mail' ><a  aria-label=\"Compartir por correo\" href='mailto:?subject=Mineduc%20realiz%C3%B3%20Encuentro%20de%20Apropiaci%C3%B3n%20Curricular%20para%20profesores%20de%20Matem%C3%A1tica&#038;body=https:\/\/radiorevelacionfm.cl\/?p=22826' aria-hidden='false' data-av_icon='\ue805' data-av_iconfont='entypo-fontello' title='' data-avia-related-tooltip='Compartir por correo'><span class='avia_hidden_link_text'>Compartir por correo<\/span><\/a><\/li><\/ul><\/div><\/div>\n<div  style='height:50px' class='hr hr-invisible   avia-builder-el-8  el_after_av_social_share  el_before_av_comments_list '><span class='hr-inner ' ><span class='hr-inner-style'><\/span><\/span><\/div>\n<div  class='av-buildercomment  av-blog-meta-html-info-disabled av-blog-meta-tag-disabled  '><\/div>\n","protected":false},"excerpt":{"rendered":"","protected":false},"author":1,"featured_media":22827,"comment_status":"open","ping_status":"open","sticky":false,"template":"","format":"standard","meta":{"footnotes":""},"categories":[49],"tags":[],"class_list":["post-22826","post","type-post","status-publish","format-standard","has-post-thumbnail","hentry","category-educacion"],"jetpack_featured_media_url":"https:\/\/radiorevelacionfm.cl\/wp-content\/uploads\/2022\/10\/matematica2-1-1.jpg","_links":{"self":[{"href":"https:\/\/radiorevelacionfm.cl\/index.php?rest_route=\/wp\/v2\/posts\/22826","targetHints":{"allow":["GET"]}}],"collection":[{"href":"https:\/\/radiorevelacionfm.cl\/index.php?rest_route=\/wp\/v2\/posts"}],"about":[{"href":"https:\/\/radiorevelacionfm.cl\/index.php?rest_route=\/wp\/v2\/types\/post"}],"author":[{"embeddable":true,"href":"https:\/\/radiorevelacionfm.cl\/index.php?rest_route=\/wp\/v2\/users\/1"}],"replies":[{"embeddable":true,"href":"https:\/\/radiorevelacionfm.cl\/index.php?rest_route=%2Fwp%2Fv2%2Fcomments&post=22826"}],"version-history":[{"count":2,"href":"https:\/\/radiorevelacionfm.cl\/index.php?rest_route=\/wp\/v2\/posts\/22826\/revisions"}],"predecessor-version":[{"id":22835,"href":"https:\/\/radiorevelacionfm.cl\/index.php?rest_route=\/wp\/v2\/posts\/22826\/revisions\/22835"}],"wp:featuredmedia":[{"embeddable":true,"href":"https:\/\/radiorevelacionfm.cl\/index.php?rest_route=\/wp\/v2\/media\/22827"}],"wp:attachment":[{"href":"https:\/\/radiorevelacionfm.cl\/index.php?rest_route=%2Fwp%2Fv2%2Fmedia&parent=22826"}],"wp:term":[{"taxonomy":"category","embeddable":true,"href":"https:\/\/radiorevelacionfm.cl\/index.php?rest_route=%2Fwp%2Fv2%2Fcategories&post=22826"},{"taxonomy":"post_tag","embeddable":true,"href":"https:\/\/radiorevelacionfm.cl\/index.php?rest_route=%2Fwp%2Fv2%2Ftags&post=22826"}],"curies":[{"name":"wp","href":"https:\/\/api.w.org\/{rel}","templated":true}]}}