{"id":22810,"date":"2022-10-11T11:43:26","date_gmt":"2022-10-11T14:43:26","guid":{"rendered":"https:\/\/radiorevelacionfm.cl\/?p=22810"},"modified":"2022-10-11T11:43:26","modified_gmt":"2022-10-11T14:43:26","slug":"llegan-a-chile-las-primeras-dosis-de-vacuna-contra-la-viruela-del-mono","status":"publish","type":"post","link":"https:\/\/radiorevelacionfm.cl\/?p=22810","title":{"rendered":"Llegan a Chile las primeras dosis de vacuna contra la viruela del mono"},"content":{"rendered":"<div class=\"flex_column av_one_full  flex_column_div av-zero-column-padding first  avia-builder-el-0  el_before_av_one_full  avia-builder-el-first  \" style='border-radius:0px; '><div  class='avia-image-container  av-styling-    avia-builder-el-1  avia-builder-el-no-sibling  avia-align-center '  itemprop=\"image\" itemscope=\"itemscope\" itemtype=\"https:\/\/schema.org\/ImageObject\"  ><div class='avia-image-container-inner'><div class='avia-image-overlay-wrap'><img decoding=\"async\" class='wp-image-22811 avia-img-lazy-loading-not-22811 avia_image' src=\"https:\/\/radiorevelacionfm.cl\/wp-content\/uploads\/2022\/10\/vacuna-viruela-del-mono-1-1.jpg\" alt='' title='vacuna-viruela del mono (1) (1)' height=\"600\" width=\"965\"  itemprop=\"thumbnailUrl\" srcset=\"https:\/\/radiorevelacionfm.cl\/wp-content\/uploads\/2022\/10\/vacuna-viruela-del-mono-1-1.jpg 965w, https:\/\/radiorevelacionfm.cl\/wp-content\/uploads\/2022\/10\/vacuna-viruela-del-mono-1-1-300x187.jpg 300w, https:\/\/radiorevelacionfm.cl\/wp-content\/uploads\/2022\/10\/vacuna-viruela-del-mono-1-1-768x478.jpg 768w, https:\/\/radiorevelacionfm.cl\/wp-content\/uploads\/2022\/10\/vacuna-viruela-del-mono-1-1-705x438.jpg 705w, https:\/\/radiorevelacionfm.cl\/wp-content\/uploads\/2022\/10\/vacuna-viruela-del-mono-1-1-600x373.jpg 600w\" sizes=\"(max-width: 965px) 100vw, 965px\" \/><\/div><\/div><\/div><\/div><div class=\"flex_column av_one_full  flex_column_div av-zero-column-padding first  avia-builder-el-2  el_after_av_one_full  el_before_av_one_full  column-top-margin\" style='border-radius:0px; '><section class=\"av_textblock_section \"  itemscope=\"itemscope\" itemtype=\"https:\/\/schema.org\/BlogPosting\" itemprop=\"blogPost\" ><div class='avia_textblock  '   itemprop=\"text\" ><p style=\"text-align: center;\"><strong><span style=\"font-size: 18pt;\">Llegan a Chile las primeras dosis de vacuna contra la viruela del mono<\/span><\/strong><\/p>\n<div id=\"gtx-trans\" style=\"position: absolute; left: -50px; top: 4.31534px;\">\n<div class=\"gtx-trans-icon\"><\/div>\n<\/div>\n<\/div><\/section><\/div><div class=\"flex_column av_one_full  flex_column_div av-zero-column-padding first  avia-builder-el-4  el_after_av_one_full  el_before_av_hr  column-top-margin\" style='border-radius:0px; '><section class=\"av_textblock_section \"  itemscope=\"itemscope\" itemtype=\"https:\/\/schema.org\/BlogPosting\" itemprop=\"blogPost\" ><div class='avia_textblock  '   itemprop=\"text\" ><p style=\"text-align: justify;\">Chile, cuenta con la primera remesa de vacunas \u201cJynneos\u201d contra la viruela s\u00edmica, del laboratorio dan\u00e9s Bavarian Nordic, que consiste en el virus vivo y modificado de la viruela vacunoide de Ankara de tercera generaci\u00f3n y que ya ha demostrado ser segura y eficaz.<\/p>\n<p>\u201cSe trata de una gran noticia, porque esta es la primera de tres remesas que llegar\u00e1n a nuestro pa\u00eds durante el a\u00f1o, con ello podremos vacunar y asegurar la protecci\u00f3n de los grupos que hemos definido como prioritarios, siguiendo la recomendaci\u00f3n de los expertos de nuestro Comit\u00e9 Asesor en Vacunas e Inmunizaciones (CAVEI)\u201d, valor\u00f3 la ministra de Salud, Ximena Aguilera.<\/p>\n<p>Respecto al futuro proceso de vacunaci\u00f3n, el subsecretario de Salud P\u00fablica, Crist\u00f3bal Cuadrado record\u00f3 que \u201cprimero se inocular\u00e1 a los contactos estrechos de casos confirmados con la viruela s\u00edmica que tienen riesgo de desarrollar gravemente la enfermedad al ser personas inmunosuprimidas, embarazadas en cualquier etapa de gestaci\u00f3n y pacientes con VIH\u201d.<\/p>\n<p>A pesar del contexto internacional en que se registr\u00f3 un aumento de demanda por la vacuna contra la Viruela del Mono, la adquisici\u00f3n y llegada de estas dosis a nuestro pa\u00eds fue posible gracias a la coordinaci\u00f3n con el Fondo Rotatorio de la Organizaci\u00f3n Panamericana de la Salud (OPS).<\/p>\n<p>El Subsecretario de Relaciones Econ\u00f3micas Internacionales, Jos\u00e9 Miguel Ahumada, recalc\u00f3 que \u201cestamos muy satisfechos del \u00e9xito de las gestiones que nos encomend\u00f3 el PresidenteBoric para buscar abastecimiento de vacunas contra la Viruela del Mono. Luego de abrir una negociaci\u00f3n bilateral con el laboratorio Bavarian Nordic, se est\u00e1 trabajando en un contrato de largo plazo para que Chile acceda a vacunas. Es una buena noticia para los chilenos y chilenas que complementa el trabajo del Ministerio de Salud a trav\u00e9s del Fondo Rotatorio de Organizaci\u00f3n Panamericana de la Salud que gestion\u00f3 las primeras dosis\u201d.<\/p>\n<p>Las pr\u00f3ximas remesas de vacuna contra la Viruela S\u00edmica llegar\u00e1n en noviembre y diciembre, lo que permitir\u00e1 llevar adelante el plan de vacunaci\u00f3n que ser\u00e1 anunciado por las autoridades del Ministerio de Salud.<\/p>\n<\/div><\/section><\/div><div  style='height:50px' class='hr hr-invisible   avia-builder-el-6  el_after_av_one_full  el_before_av_social_share '><span class='hr-inner ' ><span class='hr-inner-style'><\/span><\/span><\/div><\/p>\n<div  class='av-social-sharing-box  avia-builder-el-7  el_after_av_hr  el_before_av_hr  '><div class='av-share-box'><h5 class='av-share-link-description av-no-toc '>Compartir esta noticia<\/h5><ul class='av-share-box-list noLightbox'><li class='av-share-link av-social-link-facebook' ><a target=\"_blank\" aria-label=\"Compartir en Facebook\" href='https:\/\/www.facebook.com\/sharer.php?u=https:\/\/radiorevelacionfm.cl\/?p=22810&#038;t=Llegan%20a%20Chile%20las%20primeras%20dosis%20de%20vacuna%20contra%20la%20viruela%20del%20mono' aria-hidden='false' data-av_icon='\ue8f3' data-av_iconfont='entypo-fontello' title='' data-avia-related-tooltip='Compartir en Facebook' rel=\"noopener\"><span class='avia_hidden_link_text'>Compartir en Facebook<\/span><\/a><\/li><li class='av-share-link av-social-link-twitter' ><a target=\"_blank\" aria-label=\"Compartir en Twitter\" href='https:\/\/twitter.com\/share?text=Llegan%20a%20Chile%20las%20primeras%20dosis%20de%20vacuna%20contra%20la%20viruela%20del%20mono&#038;url=https:\/\/radiorevelacionfm.cl\/?p=22810' aria-hidden='false' data-av_icon='\ue8f1' data-av_iconfont='entypo-fontello' title='' data-avia-related-tooltip='Compartir en Twitter' rel=\"noopener\"><span class='avia_hidden_link_text'>Compartir en Twitter<\/span><\/a><\/li><li class='av-share-link av-social-link-whatsapp' ><a target=\"_blank\" aria-label=\"Compartir en Whatsapp\" href='https:\/\/api.whatsapp.com\/send?text=https:\/\/radiorevelacionfm.cl\/?p=22810' aria-hidden='false' data-av_icon='\uf232' data-av_iconfont='entypo-fontello' title='' data-avia-related-tooltip='Compartir en Whatsapp' rel=\"noopener\"><span class='avia_hidden_link_text'>Compartir en Whatsapp<\/span><\/a><\/li><li class='av-share-link av-social-link-linkedin' ><a target=\"_blank\" aria-label=\"Compartir en LinkedIn\" href='https:\/\/linkedin.com\/shareArticle?mini=true&#038;title=Llegan%20a%20Chile%20las%20primeras%20dosis%20de%20vacuna%20contra%20la%20viruela%20del%20mono&#038;url=https:\/\/radiorevelacionfm.cl\/?p=22810' aria-hidden='false' data-av_icon='\ue8fc' data-av_iconfont='entypo-fontello' title='' data-avia-related-tooltip='Compartir en LinkedIn' rel=\"noopener\"><span class='avia_hidden_link_text'>Compartir en LinkedIn<\/span><\/a><\/li><li class='av-share-link av-social-link-mail' ><a  aria-label=\"Compartir por correo\" href='mailto:?subject=Llegan%20a%20Chile%20las%20primeras%20dosis%20de%20vacuna%20contra%20la%20viruela%20del%20mono&#038;body=https:\/\/radiorevelacionfm.cl\/?p=22810' aria-hidden='false' data-av_icon='\ue805' data-av_iconfont='entypo-fontello' title='' data-avia-related-tooltip='Compartir por correo'><span class='avia_hidden_link_text'>Compartir por correo<\/span><\/a><\/li><\/ul><\/div><\/div>\n<div  style='height:50px' class='hr hr-invisible   avia-builder-el-8  el_after_av_social_share  el_before_av_comments_list '><span class='hr-inner ' ><span class='hr-inner-style'><\/span><\/span><\/div>\n<div  class='av-buildercomment  av-blog-meta-html-info-disabled av-blog-meta-tag-disabled  '><\/div>\n","protected":false},"excerpt":{"rendered":"","protected":false},"author":1,"featured_media":22811,"comment_status":"open","ping_status":"open","sticky":false,"template":"","format":"standard","meta":{"footnotes":""},"categories":[46],"tags":[],"class_list":["post-22810","post","type-post","status-publish","format-standard","has-post-thumbnail","hentry","category-salud"],"jetpack_featured_media_url":"https:\/\/radiorevelacionfm.cl\/wp-content\/uploads\/2022\/10\/vacuna-viruela-del-mono-1-1.jpg","_links":{"self":[{"href":"https:\/\/radiorevelacionfm.cl\/index.php?rest_route=\/wp\/v2\/posts\/22810","targetHints":{"allow":["GET"]}}],"collection":[{"href":"https:\/\/radiorevelacionfm.cl\/index.php?rest_route=\/wp\/v2\/posts"}],"about":[{"href":"https:\/\/radiorevelacionfm.cl\/index.php?rest_route=\/wp\/v2\/types\/post"}],"author":[{"embeddable":true,"href":"https:\/\/radiorevelacionfm.cl\/index.php?rest_route=\/wp\/v2\/users\/1"}],"replies":[{"embeddable":true,"href":"https:\/\/radiorevelacionfm.cl\/index.php?rest_route=%2Fwp%2Fv2%2Fcomments&post=22810"}],"version-history":[{"count":2,"href":"https:\/\/radiorevelacionfm.cl\/index.php?rest_route=\/wp\/v2\/posts\/22810\/revisions"}],"predecessor-version":[{"id":22850,"href":"https:\/\/radiorevelacionfm.cl\/index.php?rest_route=\/wp\/v2\/posts\/22810\/revisions\/22850"}],"wp:featuredmedia":[{"embeddable":true,"href":"https:\/\/radiorevelacionfm.cl\/index.php?rest_route=\/wp\/v2\/media\/22811"}],"wp:attachment":[{"href":"https:\/\/radiorevelacionfm.cl\/index.php?rest_route=%2Fwp%2Fv2%2Fmedia&parent=22810"}],"wp:term":[{"taxonomy":"category","embeddable":true,"href":"https:\/\/radiorevelacionfm.cl\/index.php?rest_route=%2Fwp%2Fv2%2Fcategories&post=22810"},{"taxonomy":"post_tag","embeddable":true,"href":"https:\/\/radiorevelacionfm.cl\/index.php?rest_route=%2Fwp%2Fv2%2Ftags&post=22810"}],"curies":[{"name":"wp","href":"https:\/\/api.w.org\/{rel}","templated":true}]}}