{"id":22806,"date":"2022-10-09T20:25:01","date_gmt":"2022-10-09T23:25:01","guid":{"rendered":"https:\/\/radiorevelacionfm.cl\/?p=22806"},"modified":"2022-10-09T20:25:01","modified_gmt":"2022-10-09T23:25:01","slug":"realizan-charla-sobre-tipos-y-modalidades-de-pension-a-sindicato-de-vialidad","status":"publish","type":"post","link":"https:\/\/radiorevelacionfm.cl\/?p=22806","title":{"rendered":"Realizan charla sobre tipos y modalidades de pensi\u00f3n a Sindicato de Vialidad"},"content":{"rendered":"<div class=\"flex_column av_one_full  flex_column_div av-zero-column-padding first  avia-builder-el-0  el_before_av_one_full  avia-builder-el-first  \" style='border-radius:0px; '><div  class='avia-image-container  av-styling-    avia-builder-el-1  avia-builder-el-no-sibling  avia-align-center '  itemprop=\"image\" itemscope=\"itemscope\" itemtype=\"https:\/\/schema.org\/ImageObject\"  ><div class='avia-image-container-inner'><div class='avia-image-overlay-wrap'><img decoding=\"async\" class='wp-image-22807 avia-img-lazy-loading-not-22807 avia_image' src=\"https:\/\/radiorevelacionfm.cl\/wp-content\/uploads\/2022\/10\/Charla_ANFAVIAL_ProxAPensionarse-4-b-1-1.jpg\" alt='' title='Charla_ANFAVIAL_ProxAPensionarse (4) b (1) (1)' height=\"600\" width=\"1096\"  itemprop=\"thumbnailUrl\" srcset=\"https:\/\/radiorevelacionfm.cl\/wp-content\/uploads\/2022\/10\/Charla_ANFAVIAL_ProxAPensionarse-4-b-1-1.jpg 1096w, https:\/\/radiorevelacionfm.cl\/wp-content\/uploads\/2022\/10\/Charla_ANFAVIAL_ProxAPensionarse-4-b-1-1-300x164.jpg 300w, https:\/\/radiorevelacionfm.cl\/wp-content\/uploads\/2022\/10\/Charla_ANFAVIAL_ProxAPensionarse-4-b-1-1-1030x564.jpg 1030w, https:\/\/radiorevelacionfm.cl\/wp-content\/uploads\/2022\/10\/Charla_ANFAVIAL_ProxAPensionarse-4-b-1-1-768x420.jpg 768w, https:\/\/radiorevelacionfm.cl\/wp-content\/uploads\/2022\/10\/Charla_ANFAVIAL_ProxAPensionarse-4-b-1-1-705x386.jpg 705w, https:\/\/radiorevelacionfm.cl\/wp-content\/uploads\/2022\/10\/Charla_ANFAVIAL_ProxAPensionarse-4-b-1-1-600x328.jpg 600w\" sizes=\"(max-width: 1096px) 100vw, 1096px\" \/><\/div><\/div><\/div><\/div><div class=\"flex_column av_one_full  flex_column_div av-zero-column-padding first  avia-builder-el-2  el_after_av_one_full  el_before_av_one_full  column-top-margin\" style='border-radius:0px; '><section class=\"av_textblock_section \"  itemscope=\"itemscope\" itemtype=\"https:\/\/schema.org\/BlogPosting\" itemprop=\"blogPost\" ><div class='avia_textblock  '   itemprop=\"text\" ><p style=\"text-align: center;\"><strong><span style=\"font-size: 18pt;\">Realizan charla sobre tipos y modalidades de pensi\u00f3n a Sindicato de Vialidad<\/span><\/strong><\/p>\n<div id=\"gtx-trans\" style=\"position: absolute; left: -50px; top: 4.31534px;\">\n<div class=\"gtx-trans-icon\"><\/div>\n<\/div>\n<\/div><\/section><\/div><div class=\"flex_column av_one_full  flex_column_div av-zero-column-padding first  avia-builder-el-4  el_after_av_one_full  el_before_av_hr  column-top-margin\" style='border-radius:0px; '><section class=\"av_textblock_section \"  itemscope=\"itemscope\" itemtype=\"https:\/\/schema.org\/BlogPosting\" itemprop=\"blogPost\" ><div class='avia_textblock  '   itemprop=\"text\" ><p class=\"v1MsoNormal\" style=\"text-align: justify;\">Diversas reuniones han sostenido la directiva de Funcionarios de Vialidad en la Regi\u00f3n de Ays\u00e9n, ANFAVIAL con el Seremi de Trabajo y Previsi\u00f3n Social, Rodrigo D\u00edaz Cordaro, para abordar temas laborales y previsionales, coordinando en una primera instancia una charla de informaci\u00f3n sobre los tipos y modalidad de pensi\u00f3n, dirigida a los socios\/as pr\u00f3ximos a jubilar, la cual fue dictada por la Unidad de Educaci\u00f3n Previsional de la Subsecretar\u00eda de Previsi\u00f3n Social.<\/p>\n<p class=\"v1MsoNormal\" style=\"text-align: justify;\">Elvis Godoy, presidente del sindicato, coment\u00f3 el prop\u00f3sito de solicitar esta capacitaci\u00f3n, \u00abNos hemos dado cuenta, hemos detectado, con el resto de los dirigentes que hay una necesidad de conocimiento por parte del trabajador y nos dimos cuenta que esta etapa es sensible, un cambio de vida, por lo tanto, creemos que es necesario que la gente cuando jubile, jubile informado, adem\u00e1s hemos consensuado con el resto de la directiva, tambi\u00e9n solicitar algunas capacitaciones relacionadas con los derechos laborales, Estatuto Administrativo, C\u00f3digo del Trabajo, etc.\u00bb<\/p>\n<p class=\"v1MsoNormal\" style=\"text-align: justify;\">\u00abHemos tenido varias reuniones con distintos sindicatos, comenzando a realizar articulaciones para apoyarlos como Ministerio de Trabajo y Previsi\u00f3n Social, por ejemplo, en temas de capacitaci\u00f3n y acceso a la informaci\u00f3n, que es muy importante para las y los trabajadores para ejercer sus derechos laborales. En este caso, junto a los dirigentes de ANFAVIAL comenzamos con esta instancia de capacitaci\u00f3n dirigida a sus socios y socias que pronto jubilar\u00e1n, pidiendo apoyo a nuestra Unidad de Educaci\u00f3n Previsional de la Subsecretar\u00eda de Previsi\u00f3n Social. Esta charla fue semipresencial, se entregaron detalles sobre la Seguridad social, el sistema de previsi\u00f3n chileno y sus coberturas, tipos de pensi\u00f3n, brechas de g\u00e9nero, adem\u00e1s de lo que implica pensionarse en Chile, haciendo un paso a paso y el acceso a postular la Pensi\u00f3n Garantizada Universal (PGU) y sus beneficios\u00bb, afirm\u00f3 el Seremi de Trabajo y Previsi\u00f3n Social de Ays\u00e9n, Rodrigo D\u00edaz.<\/p>\n<p class=\"v1MsoNormal\" style=\"text-align: justify;\">Uno de los asistentes fue Rolando Sanhueza, quien coment\u00f3, \u00abMe pareci\u00f3 bastante agradable y lo otro es que me sac\u00f3 de varias dudas que ten\u00eda, as\u00ed que en ese sentido me voy bastante agradecido, porque, aunque me faltan hartos a\u00f1os todav\u00eda para jubilar, pero es que hay que irse con adelantando en el tiempo porque hay muchas cosas que uno llega el minuto y no sabe qu\u00e9 hacer, entonces a m\u00ed me sirvi\u00f3 bastante, y espero que haya otra por ah\u00ed de repente porque siempre van apareciendo cosas en el tintero\u00bb.<\/p>\n<p class=\"v1MsoNormal\" style=\"text-align: justify;\">De los participantes, se conectaron algunos trabajadores\/as en Coyhaique y otros desde Cochrane. En las pr\u00f3ximas semanas se coordinar\u00e1n otras charlas dirigidas a diversos sindicatos, de manera presencial, otras h\u00edbridas y algunas netamente online, seg\u00fan los requerimientos.<\/p>\n<\/div><\/section><\/div><div  style='height:50px' class='hr hr-invisible   avia-builder-el-6  el_after_av_one_full  el_before_av_social_share '><span class='hr-inner ' ><span class='hr-inner-style'><\/span><\/span><\/div><\/p>\n<div  class='av-social-sharing-box  avia-builder-el-7  el_after_av_hr  el_before_av_hr  '><div class='av-share-box'><h5 class='av-share-link-description av-no-toc '>Compartir esta noticia<\/h5><ul class='av-share-box-list noLightbox'><li class='av-share-link av-social-link-facebook' ><a target=\"_blank\" aria-label=\"Compartir en Facebook\" href='https:\/\/www.facebook.com\/sharer.php?u=https:\/\/radiorevelacionfm.cl\/?p=22806&#038;t=Realizan%20charla%20sobre%20tipos%20y%20modalidades%20de%20pensi%C3%B3n%20a%20Sindicato%20de%20Vialidad' aria-hidden='false' data-av_icon='\ue8f3' data-av_iconfont='entypo-fontello' title='' data-avia-related-tooltip='Compartir en Facebook' rel=\"noopener\"><span class='avia_hidden_link_text'>Compartir en Facebook<\/span><\/a><\/li><li class='av-share-link av-social-link-twitter' ><a target=\"_blank\" aria-label=\"Compartir en Twitter\" href='https:\/\/twitter.com\/share?text=Realizan%20charla%20sobre%20tipos%20y%20modalidades%20de%20pensi%C3%B3n%20a%20Sindicato%20de%20Vialidad&#038;url=https:\/\/radiorevelacionfm.cl\/?p=22806' aria-hidden='false' data-av_icon='\ue8f1' data-av_iconfont='entypo-fontello' title='' data-avia-related-tooltip='Compartir en Twitter' rel=\"noopener\"><span class='avia_hidden_link_text'>Compartir en Twitter<\/span><\/a><\/li><li class='av-share-link av-social-link-whatsapp' ><a target=\"_blank\" aria-label=\"Compartir en Whatsapp\" href='https:\/\/api.whatsapp.com\/send?text=https:\/\/radiorevelacionfm.cl\/?p=22806' aria-hidden='false' data-av_icon='\uf232' data-av_iconfont='entypo-fontello' title='' data-avia-related-tooltip='Compartir en Whatsapp' rel=\"noopener\"><span class='avia_hidden_link_text'>Compartir en Whatsapp<\/span><\/a><\/li><li class='av-share-link av-social-link-linkedin' ><a target=\"_blank\" aria-label=\"Compartir en LinkedIn\" href='https:\/\/linkedin.com\/shareArticle?mini=true&#038;title=Realizan%20charla%20sobre%20tipos%20y%20modalidades%20de%20pensi%C3%B3n%20a%20Sindicato%20de%20Vialidad&#038;url=https:\/\/radiorevelacionfm.cl\/?p=22806' aria-hidden='false' data-av_icon='\ue8fc' data-av_iconfont='entypo-fontello' title='' data-avia-related-tooltip='Compartir en LinkedIn' rel=\"noopener\"><span class='avia_hidden_link_text'>Compartir en LinkedIn<\/span><\/a><\/li><li class='av-share-link av-social-link-mail' ><a  aria-label=\"Compartir por correo\" href='mailto:?subject=Realizan%20charla%20sobre%20tipos%20y%20modalidades%20de%20pensi%C3%B3n%20a%20Sindicato%20de%20Vialidad&#038;body=https:\/\/radiorevelacionfm.cl\/?p=22806' aria-hidden='false' data-av_icon='\ue805' data-av_iconfont='entypo-fontello' title='' data-avia-related-tooltip='Compartir por correo'><span class='avia_hidden_link_text'>Compartir por correo<\/span><\/a><\/li><\/ul><\/div><\/div>\n<div  style='height:50px' class='hr hr-invisible   avia-builder-el-8  el_after_av_social_share  el_before_av_comments_list '><span class='hr-inner ' ><span class='hr-inner-style'><\/span><\/span><\/div>\n<div  class='av-buildercomment  av-blog-meta-html-info-disabled av-blog-meta-tag-disabled  '><\/div>\n","protected":false},"excerpt":{"rendered":"","protected":false},"author":1,"featured_media":22807,"comment_status":"open","ping_status":"open","sticky":false,"template":"","format":"standard","meta":{"footnotes":""},"categories":[56],"tags":[],"class_list":["post-22806","post","type-post","status-publish","format-standard","has-post-thumbnail","hentry","category-trabajo"],"jetpack_featured_media_url":"https:\/\/radiorevelacionfm.cl\/wp-content\/uploads\/2022\/10\/Charla_ANFAVIAL_ProxAPensionarse-4-b-1-1.jpg","_links":{"self":[{"href":"https:\/\/radiorevelacionfm.cl\/index.php?rest_route=\/wp\/v2\/posts\/22806","targetHints":{"allow":["GET"]}}],"collection":[{"href":"https:\/\/radiorevelacionfm.cl\/index.php?rest_route=\/wp\/v2\/posts"}],"about":[{"href":"https:\/\/radiorevelacionfm.cl\/index.php?rest_route=\/wp\/v2\/types\/post"}],"author":[{"embeddable":true,"href":"https:\/\/radiorevelacionfm.cl\/index.php?rest_route=\/wp\/v2\/users\/1"}],"replies":[{"embeddable":true,"href":"https:\/\/radiorevelacionfm.cl\/index.php?rest_route=%2Fwp%2Fv2%2Fcomments&post=22806"}],"version-history":[{"count":2,"href":"https:\/\/radiorevelacionfm.cl\/index.php?rest_route=\/wp\/v2\/posts\/22806\/revisions"}],"predecessor-version":[{"id":22809,"href":"https:\/\/radiorevelacionfm.cl\/index.php?rest_route=\/wp\/v2\/posts\/22806\/revisions\/22809"}],"wp:featuredmedia":[{"embeddable":true,"href":"https:\/\/radiorevelacionfm.cl\/index.php?rest_route=\/wp\/v2\/media\/22807"}],"wp:attachment":[{"href":"https:\/\/radiorevelacionfm.cl\/index.php?rest_route=%2Fwp%2Fv2%2Fmedia&parent=22806"}],"wp:term":[{"taxonomy":"category","embeddable":true,"href":"https:\/\/radiorevelacionfm.cl\/index.php?rest_route=%2Fwp%2Fv2%2Fcategories&post=22806"},{"taxonomy":"post_tag","embeddable":true,"href":"https:\/\/radiorevelacionfm.cl\/index.php?rest_route=%2Fwp%2Fv2%2Ftags&post=22806"}],"curies":[{"name":"wp","href":"https:\/\/api.w.org\/{rel}","templated":true}]}}