{"id":22796,"date":"2022-10-07T19:07:03","date_gmt":"2022-10-07T22:07:03","guid":{"rendered":"https:\/\/radiorevelacionfm.cl\/?p=22796"},"modified":"2022-10-07T19:07:03","modified_gmt":"2022-10-07T22:07:03","slug":"aysen-carabineros-refuerza-servicios-y-fiscalizaciones-por-fin-de-semana-largo","status":"publish","type":"post","link":"https:\/\/radiorevelacionfm.cl\/?p=22796","title":{"rendered":"Ays\u00e9n: Carabineros refuerza servicios y fiscalizaciones por fin de semana largo"},"content":{"rendered":"<div class=\"flex_column av_one_full  flex_column_div av-zero-column-padding first  avia-builder-el-0  el_before_av_one_full  avia-builder-el-first  \" style='border-radius:0px; '><div  class='avia-image-container  av-styling-    avia-builder-el-1  avia-builder-el-no-sibling  avia-align-center '  itemprop=\"image\" itemscope=\"itemscope\" itemtype=\"https:\/\/schema.org\/ImageObject\"  ><div class='avia-image-container-inner'><div class='avia-image-overlay-wrap'><img decoding=\"async\" class='wp-image-22797 avia-img-lazy-loading-not-22797 avia_image' src=\"https:\/\/radiorevelacionfm.cl\/wp-content\/uploads\/2022\/10\/5b50608c-da89-4521-98cf-6d99454c5f01-1_optimized-1.jpg\" alt='' title='5b50608c-da89-4521-98cf-6d99454c5f01-(1)_optimized (1)' height=\"600\" width=\"1060\"  itemprop=\"thumbnailUrl\" srcset=\"https:\/\/radiorevelacionfm.cl\/wp-content\/uploads\/2022\/10\/5b50608c-da89-4521-98cf-6d99454c5f01-1_optimized-1.jpg 1060w, https:\/\/radiorevelacionfm.cl\/wp-content\/uploads\/2022\/10\/5b50608c-da89-4521-98cf-6d99454c5f01-1_optimized-1-300x170.jpg 300w, https:\/\/radiorevelacionfm.cl\/wp-content\/uploads\/2022\/10\/5b50608c-da89-4521-98cf-6d99454c5f01-1_optimized-1-1030x583.jpg 1030w, https:\/\/radiorevelacionfm.cl\/wp-content\/uploads\/2022\/10\/5b50608c-da89-4521-98cf-6d99454c5f01-1_optimized-1-768x435.jpg 768w, https:\/\/radiorevelacionfm.cl\/wp-content\/uploads\/2022\/10\/5b50608c-da89-4521-98cf-6d99454c5f01-1_optimized-1-705x399.jpg 705w, https:\/\/radiorevelacionfm.cl\/wp-content\/uploads\/2022\/10\/5b50608c-da89-4521-98cf-6d99454c5f01-1_optimized-1-600x340.jpg 600w\" sizes=\"(max-width: 1060px) 100vw, 1060px\" \/><\/div><\/div><\/div><\/div><div class=\"flex_column av_one_full  flex_column_div av-zero-column-padding first  avia-builder-el-2  el_after_av_one_full  el_before_av_one_full  column-top-margin\" style='border-radius:0px; '><section class=\"av_textblock_section \"  itemscope=\"itemscope\" itemtype=\"https:\/\/schema.org\/BlogPosting\" itemprop=\"blogPost\" ><div class='avia_textblock  '   itemprop=\"text\" ><p style=\"text-align: center;\"><span style=\"font-size: 18pt;\"><b>Ays\u00e9n: Carabineros refuerza servicios y fiscalizaciones por fin de semana largo<\/b><\/span><\/p>\n<div id=\"gtx-trans\" style=\"position: absolute; left: -50px; top: 4.31534px;\">\n<div class=\"gtx-trans-icon\"><\/div>\n<\/div>\n<\/div><\/section><\/div><div class=\"flex_column av_one_full  flex_column_div av-zero-column-padding first  avia-builder-el-4  el_after_av_one_full  el_before_av_hr  column-top-margin\" style='border-radius:0px; '><section class=\"av_textblock_section \"  itemscope=\"itemscope\" itemtype=\"https:\/\/schema.org\/BlogPosting\" itemprop=\"blogPost\" ><div class='avia_textblock  '   itemprop=\"text\" ><p class=\"v1MsoNormal\" style=\"text-align: justify;\">Un amplio despliegue tanto en zonas urbanas como en las rutas de la regi\u00f3n de Ays\u00e9n realiza Carabineros como parte de un plan de servicios orientado a reforzar la seguridad durante el fin de semana largo.<\/p>\n<p class=\"v1MsoNormal\" style=\"text-align: justify;\">Carabineros a trav\u00e9s de sus unidades territoriales y con apoyo de servicios especializados inici\u00f3 un despliegue preventivo, aumentando los niveles de vigilancia as\u00ed como los controles y fiscalizaciones a trav\u00e9s de equipos de alcotest y narcotest, sumado al uso del cintur\u00f3n de seguridad, no hablar por celular ni revisar dispositivos m\u00f3viles durante la conducci\u00f3n, con la finalidad de prevenir siniestros viales o hechos lamentables durante esta fecha.<\/p>\n<p class=\"v1MsoNormal\" style=\"text-align: justify;\">La Instituci\u00f3n inst\u00f3 a los conductores y la ciudadan\u00eda a planificar sus salidas, revisar el estado mec\u00e1nico y documentaci\u00f3n del veh\u00edculo, previniendo as\u00ed situaciones an\u00f3malas en los desplazamientos.<\/p>\n<p class=\"v1MsoNormal\" style=\"text-align: justify;\">En tal sentido, Carabineros apel\u00f3 a la responsabilidad y al autocuidado en este fecha, especialmente por parte de conductores, formulando un llamado a no conducir si se ha ingerido alcohol o sustancias prohibidas, respetar el l\u00edmite de velocidad establecido, no adelantar en zonas prohibidas evitando de este modo poner en riesgo tanto la propia vida, como la de familiares o de otros usuarios de las v\u00edas.<\/p>\n<p class=\"v1MsoNormal\" style=\"text-align: justify;\">Si tienes contemplado realizar actividades de monta\u00f1a o senderismo, planifica la salida, considera la distancia, el factor clim\u00e1tico, abrigo, indumentaria, alimentos e hidrataci\u00f3n. Lleva linterna, tel\u00e9fono celular, br\u00fajula, un espejo de se\u00f1ales o un puntero l\u00e1ser. Comunica su salida y la hora o fecha de retorno a Carabineros o guardaparques de Conaf.<\/p>\n<\/div><\/section><\/div><div  style='height:50px' class='hr hr-invisible   avia-builder-el-6  el_after_av_one_full  el_before_av_social_share '><span class='hr-inner ' ><span class='hr-inner-style'><\/span><\/span><\/div><\/p>\n<div  class='av-social-sharing-box  avia-builder-el-7  el_after_av_hr  el_before_av_hr  '><div class='av-share-box'><h5 class='av-share-link-description av-no-toc '>Compartir esta noticia<\/h5><ul class='av-share-box-list noLightbox'><li class='av-share-link av-social-link-facebook' ><a target=\"_blank\" aria-label=\"Compartir en Facebook\" href='https:\/\/www.facebook.com\/sharer.php?u=https:\/\/radiorevelacionfm.cl\/?p=22796&#038;t=Ays%C3%A9n%3A%20Carabineros%20refuerza%20servicios%20y%20fiscalizaciones%20por%20fin%20de%20semana%20largo' aria-hidden='false' data-av_icon='\ue8f3' data-av_iconfont='entypo-fontello' title='' data-avia-related-tooltip='Compartir en Facebook' rel=\"noopener\"><span class='avia_hidden_link_text'>Compartir en Facebook<\/span><\/a><\/li><li class='av-share-link av-social-link-twitter' ><a target=\"_blank\" aria-label=\"Compartir en Twitter\" href='https:\/\/twitter.com\/share?text=Ays%C3%A9n%3A%20Carabineros%20refuerza%20servicios%20y%20fiscalizaciones%20por%20fin%20de%20semana%20largo&#038;url=https:\/\/radiorevelacionfm.cl\/?p=22796' aria-hidden='false' data-av_icon='\ue8f1' data-av_iconfont='entypo-fontello' title='' data-avia-related-tooltip='Compartir en Twitter' rel=\"noopener\"><span class='avia_hidden_link_text'>Compartir en Twitter<\/span><\/a><\/li><li class='av-share-link av-social-link-whatsapp' ><a target=\"_blank\" aria-label=\"Compartir en Whatsapp\" href='https:\/\/api.whatsapp.com\/send?text=https:\/\/radiorevelacionfm.cl\/?p=22796' aria-hidden='false' data-av_icon='\uf232' data-av_iconfont='entypo-fontello' title='' data-avia-related-tooltip='Compartir en Whatsapp' rel=\"noopener\"><span class='avia_hidden_link_text'>Compartir en Whatsapp<\/span><\/a><\/li><li class='av-share-link av-social-link-linkedin' ><a target=\"_blank\" aria-label=\"Compartir en LinkedIn\" href='https:\/\/linkedin.com\/shareArticle?mini=true&#038;title=Ays%C3%A9n%3A%20Carabineros%20refuerza%20servicios%20y%20fiscalizaciones%20por%20fin%20de%20semana%20largo&#038;url=https:\/\/radiorevelacionfm.cl\/?p=22796' aria-hidden='false' data-av_icon='\ue8fc' data-av_iconfont='entypo-fontello' title='' data-avia-related-tooltip='Compartir en LinkedIn' rel=\"noopener\"><span class='avia_hidden_link_text'>Compartir en LinkedIn<\/span><\/a><\/li><li class='av-share-link av-social-link-mail' ><a  aria-label=\"Compartir por correo\" href='mailto:?subject=Ays%C3%A9n%3A%20Carabineros%20refuerza%20servicios%20y%20fiscalizaciones%20por%20fin%20de%20semana%20largo&#038;body=https:\/\/radiorevelacionfm.cl\/?p=22796' aria-hidden='false' data-av_icon='\ue805' data-av_iconfont='entypo-fontello' title='' data-avia-related-tooltip='Compartir por correo'><span class='avia_hidden_link_text'>Compartir por correo<\/span><\/a><\/li><\/ul><\/div><\/div>\n<div  style='height:50px' class='hr hr-invisible   avia-builder-el-8  el_after_av_social_share  el_before_av_comments_list '><span class='hr-inner ' ><span class='hr-inner-style'><\/span><\/span><\/div>\n<div  class='av-buildercomment  av-blog-meta-html-info-disabled av-blog-meta-tag-disabled  '><\/div>\n","protected":false},"excerpt":{"rendered":"","protected":false},"author":1,"featured_media":22797,"comment_status":"open","ping_status":"open","sticky":false,"template":"","format":"standard","meta":{"footnotes":""},"categories":[36],"tags":[],"class_list":["post-22796","post","type-post","status-publish","format-standard","has-post-thumbnail","hentry","category-policial"],"jetpack_featured_media_url":"https:\/\/radiorevelacionfm.cl\/wp-content\/uploads\/2022\/10\/5b50608c-da89-4521-98cf-6d99454c5f01-1_optimized-1.jpg","_links":{"self":[{"href":"https:\/\/radiorevelacionfm.cl\/index.php?rest_route=\/wp\/v2\/posts\/22796","targetHints":{"allow":["GET"]}}],"collection":[{"href":"https:\/\/radiorevelacionfm.cl\/index.php?rest_route=\/wp\/v2\/posts"}],"about":[{"href":"https:\/\/radiorevelacionfm.cl\/index.php?rest_route=\/wp\/v2\/types\/post"}],"author":[{"embeddable":true,"href":"https:\/\/radiorevelacionfm.cl\/index.php?rest_route=\/wp\/v2\/users\/1"}],"replies":[{"embeddable":true,"href":"https:\/\/radiorevelacionfm.cl\/index.php?rest_route=%2Fwp%2Fv2%2Fcomments&post=22796"}],"version-history":[{"count":2,"href":"https:\/\/radiorevelacionfm.cl\/index.php?rest_route=\/wp\/v2\/posts\/22796\/revisions"}],"predecessor-version":[{"id":22799,"href":"https:\/\/radiorevelacionfm.cl\/index.php?rest_route=\/wp\/v2\/posts\/22796\/revisions\/22799"}],"wp:featuredmedia":[{"embeddable":true,"href":"https:\/\/radiorevelacionfm.cl\/index.php?rest_route=\/wp\/v2\/media\/22797"}],"wp:attachment":[{"href":"https:\/\/radiorevelacionfm.cl\/index.php?rest_route=%2Fwp%2Fv2%2Fmedia&parent=22796"}],"wp:term":[{"taxonomy":"category","embeddable":true,"href":"https:\/\/radiorevelacionfm.cl\/index.php?rest_route=%2Fwp%2Fv2%2Fcategories&post=22796"},{"taxonomy":"post_tag","embeddable":true,"href":"https:\/\/radiorevelacionfm.cl\/index.php?rest_route=%2Fwp%2Fv2%2Ftags&post=22796"}],"curies":[{"name":"wp","href":"https:\/\/api.w.org\/{rel}","templated":true}]}}