{"id":22793,"date":"2022-10-07T21:20:29","date_gmt":"2022-10-08T00:20:29","guid":{"rendered":"https:\/\/radiorevelacionfm.cl\/?p=22793"},"modified":"2022-10-07T21:20:29","modified_gmt":"2022-10-08T00:20:29","slug":"ninos-y-ninas-del-jardin-infantil-gabriela-mistral-reciben-su-primera-cedula-de-identidad","status":"publish","type":"post","link":"https:\/\/radiorevelacionfm.cl\/?p=22793","title":{"rendered":"Ni\u00f1os y Ni\u00f1as del Jard\u00edn Infantil Gabriela Mistral reciben su Primera C\u00e9dula de Identidad"},"content":{"rendered":"<div class=\"flex_column av_one_full  flex_column_div av-zero-column-padding first  avia-builder-el-0  el_before_av_one_full  avia-builder-el-first  \" style='border-radius:0px; '><div  class='avia-image-container  av-styling-    avia-builder-el-1  avia-builder-el-no-sibling  avia-align-center '  itemprop=\"image\" itemscope=\"itemscope\" itemtype=\"https:\/\/schema.org\/ImageObject\"  ><div class='avia-image-container-inner'><div class='avia-image-overlay-wrap'><img decoding=\"async\" class='wp-image-22794 avia-img-lazy-loading-not-22794 avia_image' src=\"https:\/\/radiorevelacionfm.cl\/wp-content\/uploads\/2022\/10\/Mi-primera-cedula-Gabriela-Mistral-2-1-1.jpg\" alt='' title='Mi primera c\u00e9dula Gabriela Mistral 2 (1) (1)' height=\"600\" width=\"800\"  itemprop=\"thumbnailUrl\" srcset=\"https:\/\/radiorevelacionfm.cl\/wp-content\/uploads\/2022\/10\/Mi-primera-cedula-Gabriela-Mistral-2-1-1.jpg 800w, https:\/\/radiorevelacionfm.cl\/wp-content\/uploads\/2022\/10\/Mi-primera-cedula-Gabriela-Mistral-2-1-1-300x225.jpg 300w, https:\/\/radiorevelacionfm.cl\/wp-content\/uploads\/2022\/10\/Mi-primera-cedula-Gabriela-Mistral-2-1-1-768x576.jpg 768w, https:\/\/radiorevelacionfm.cl\/wp-content\/uploads\/2022\/10\/Mi-primera-cedula-Gabriela-Mistral-2-1-1-705x529.jpg 705w, https:\/\/radiorevelacionfm.cl\/wp-content\/uploads\/2022\/10\/Mi-primera-cedula-Gabriela-Mistral-2-1-1-600x450.jpg 600w\" sizes=\"(max-width: 800px) 100vw, 800px\" \/><\/div><\/div><\/div><\/div><div class=\"flex_column av_one_full  flex_column_div av-zero-column-padding first  avia-builder-el-2  el_after_av_one_full  el_before_av_one_full  column-top-margin\" style='border-radius:0px; '><section class=\"av_textblock_section \"  itemscope=\"itemscope\" itemtype=\"https:\/\/schema.org\/BlogPosting\" itemprop=\"blogPost\" ><div class='avia_textblock  '   itemprop=\"text\" ><p style=\"text-align: center;\"><span style=\"font-size: 18pt;\"><strong>Ni\u00f1os y Ni\u00f1as del Jard\u00edn Infantil Gabriela Mistral reciben su Primera C\u00e9dula de Identidad<\/strong><\/span><\/p>\n<div id=\"gtx-trans\" style=\"position: absolute; left: -50px; top: 4.31534px;\">\n<div class=\"gtx-trans-icon\"><\/div>\n<\/div>\n<\/div><\/section><\/div><div class=\"flex_column av_one_full  flex_column_div av-zero-column-padding first  avia-builder-el-4  el_after_av_one_full  el_before_av_hr  column-top-margin\" style='border-radius:0px; '><section class=\"av_textblock_section \"  itemscope=\"itemscope\" itemtype=\"https:\/\/schema.org\/BlogPosting\" itemprop=\"blogPost\" ><div class='avia_textblock  '   itemprop=\"text\" ><p style=\"text-align: justify;\">Una emotiva ceremonia se llev\u00f3 a cabo recientemente en el Jard\u00edn Infantil Gabriela Mistral de Coyhaique, cuando ocho ni\u00f1os y ni\u00f1as de este establecimiento recibieron su Primera C\u00e9dula de Identidad, esto en el marco de los Derechos de los Ni\u00f1os y Ni\u00f1as, y que nace de una alianza entre la JUNJI y el Registro Civil.<\/p>\n<p style=\"text-align: justify;\">Cabe mencionar que este tipo de actividades cada vez es m\u00e1s frecuente, dado que permite a los ni\u00f1os y ni\u00f1as de los distintos jardines infantiles poder acceder a sus c\u00e9dulas de identidad a trav\u00e9s de los mismos establecimientos, previa coordinaci\u00f3n con el Servicio de Registro Civil e Identificaci\u00f3n, quienes a trav\u00e9s de su equipo en terreno acuden a los Jardines Infantiles para la realizaci\u00f3n del tr\u00e1mite, evitando con ello que los padres tengan que llevarlos hasta las oficinas del servicio.<\/p>\n<p style=\"text-align: justify;\">As\u00ed lo dio a conocer el Director Regional del Servicio de Registro Civil e Identificaci\u00f3n Rodrigo Aguilera quien indic\u00f3 que \u201cmuy importante para nosotros, porque esto nos ayuda contribuir a los Derechos de los Ni\u00f1os y Ni\u00f1as a trav\u00e9s de la identificaci\u00f3n de todos los menores que se encuentran en los jardines JUNJI y tambi\u00e9n otro tipo de jardines, es una labor que estamos haciendo permanentemente como Registro Civil, de poder concurrir a los distintos jardines de la regi\u00f3n para poder entregarles cedula de identidad a los ni\u00f1os y as\u00ed ellos cumplan con el derecho que les asiste y que es tener una identificaci\u00f3n\u201d.<\/p>\n<p style=\"text-align: justify;\">Por su parte, la Directora del Jard\u00edn Infantil Gabriela Mistral, Francisca Rojas manifest\u00f3 que \u201cesto va dentro de las actividades del a\u00f1o, y tiene que ver con los derechos del Ni\u00f1o, su primer derecho que es derecho a un nombre, fueron varios los ni\u00f1os que recibieron su c\u00e9dula, los apoderados accedieron a sacar su c\u00e9dula de identidad y las funcionarias tambi\u00e9n a hacer todas las acciones que se realizan con el Registro Civil, as\u00ed que felices de que se haya concretado y poder seguir teniendo estas alianzas con los distintos servicios a nivel regional\u201d.<\/p>\n<p style=\"text-align: justify;\">Mientras que el Seremi de Justicia y Derechos Humanos, Samuel Navarro \u00a0qui\u00e9n en la oportunidad tambi\u00e9n particip\u00f3 en calidad de Delegado Presidencial Regional (s) se\u00f1al\u00f3 que \u201c la importancia es fundamental, desde el momento que reconocemos a los ni\u00f1os y ni\u00f1as como sujetos de derecho, y como sujetos de derechos tienen entre otras cosas el derecho a la identidad y por eso es particularmente importante esta alianza que se ha hecho entre JUNJI y el Registro Civil para poder concurrir a los jardines para que los ni\u00f1os y ni\u00f1as puedan obtener su c\u00e9dula de identidad, este es un esfuerzo del Registro Civil pero tambi\u00e9n es a requerimiento de las educadoras de los distintos jardines de la JUNJI \u00a0y que hoy se concreta\u00a0 con la obtenci\u00f3n de su primera c\u00e9dula de identidad, as\u00ed que estamos muy contentos queremos reforzar ese trabajo y esperamos que en el futuro que los ni\u00f1os y ni\u00f1as de los jardines infantiles desde Guaitecas a Villa O&#8217;Higgins puedan contar con su c\u00e9dula de identidad\u201d.<\/p>\n<p style=\"text-align: justify;\">Finalmente, el Director Regional de la Junta Nacional de Jardines Infantiles (JUNJI) Sergio Herrera se\u00f1al\u00f3 que \u201ces importante la actividad que tuvimos hoy con los ni\u00f1os y ni\u00f1as del Jard\u00edn Infantil Gabriela Mistral, con su directora y el equipo educativo, pero tambi\u00e9n contar con la presencia del Delegado Presidencial Regional (s) y Seremi de Justicia y Derechos Humanos don Samuel Navarro y el Director del Servicio de Registro Civil, instancia en la que hemos entregado c\u00e9dulas de identidad para ni\u00f1os, ni\u00f1as y funcionarias, sobre todo haciendo valor los derechos de los ni\u00f1os y ni\u00f1as de poder contar con una identidad, agradecer a las familias que participaron de esta actividad que es importante y que nos permite entregar este beneficio a todos los ni\u00f1os y ni\u00f1as de este jard\u00edn infantil\u201d.<\/p>\n<\/div><\/section><\/div><div  style='height:50px' class='hr hr-invisible   avia-builder-el-6  el_after_av_one_full  el_before_av_social_share '><span class='hr-inner ' ><span class='hr-inner-style'><\/span><\/span><\/div><\/p>\n<div  class='av-social-sharing-box  avia-builder-el-7  el_after_av_hr  el_before_av_hr  '><div class='av-share-box'><h5 class='av-share-link-description av-no-toc '>Compartir esta noticia<\/h5><ul class='av-share-box-list noLightbox'><li class='av-share-link av-social-link-facebook' ><a target=\"_blank\" aria-label=\"Compartir en Facebook\" href='https:\/\/www.facebook.com\/sharer.php?u=https:\/\/radiorevelacionfm.cl\/?p=22793&#038;t=Ni%C3%B1os%20y%20Ni%C3%B1as%20del%20Jard%C3%ADn%20Infantil%20Gabriela%20Mistral%20reciben%20su%20Primera%20C%C3%A9dula%20de%20Identidad' aria-hidden='false' data-av_icon='\ue8f3' data-av_iconfont='entypo-fontello' title='' data-avia-related-tooltip='Compartir en Facebook' rel=\"noopener\"><span class='avia_hidden_link_text'>Compartir en Facebook<\/span><\/a><\/li><li class='av-share-link av-social-link-twitter' ><a target=\"_blank\" aria-label=\"Compartir en Twitter\" href='https:\/\/twitter.com\/share?text=Ni%C3%B1os%20y%20Ni%C3%B1as%20del%20Jard%C3%ADn%20Infantil%20Gabriela%20Mistral%20reciben%20su%20Primera%20C%C3%A9dula%20de%20Identidad&#038;url=https:\/\/radiorevelacionfm.cl\/?p=22793' aria-hidden='false' data-av_icon='\ue8f1' data-av_iconfont='entypo-fontello' title='' data-avia-related-tooltip='Compartir en Twitter' rel=\"noopener\"><span class='avia_hidden_link_text'>Compartir en Twitter<\/span><\/a><\/li><li class='av-share-link av-social-link-whatsapp' ><a target=\"_blank\" aria-label=\"Compartir en Whatsapp\" href='https:\/\/api.whatsapp.com\/send?text=https:\/\/radiorevelacionfm.cl\/?p=22793' aria-hidden='false' data-av_icon='\uf232' data-av_iconfont='entypo-fontello' title='' data-avia-related-tooltip='Compartir en Whatsapp' rel=\"noopener\"><span class='avia_hidden_link_text'>Compartir en Whatsapp<\/span><\/a><\/li><li class='av-share-link av-social-link-linkedin' ><a target=\"_blank\" aria-label=\"Compartir en LinkedIn\" href='https:\/\/linkedin.com\/shareArticle?mini=true&#038;title=Ni%C3%B1os%20y%20Ni%C3%B1as%20del%20Jard%C3%ADn%20Infantil%20Gabriela%20Mistral%20reciben%20su%20Primera%20C%C3%A9dula%20de%20Identidad&#038;url=https:\/\/radiorevelacionfm.cl\/?p=22793' aria-hidden='false' data-av_icon='\ue8fc' data-av_iconfont='entypo-fontello' title='' data-avia-related-tooltip='Compartir en LinkedIn' rel=\"noopener\"><span class='avia_hidden_link_text'>Compartir en LinkedIn<\/span><\/a><\/li><li class='av-share-link av-social-link-mail' ><a  aria-label=\"Compartir por correo\" href='mailto:?subject=Ni%C3%B1os%20y%20Ni%C3%B1as%20del%20Jard%C3%ADn%20Infantil%20Gabriela%20Mistral%20reciben%20su%20Primera%20C%C3%A9dula%20de%20Identidad&#038;body=https:\/\/radiorevelacionfm.cl\/?p=22793' aria-hidden='false' data-av_icon='\ue805' data-av_iconfont='entypo-fontello' title='' data-avia-related-tooltip='Compartir por correo'><span class='avia_hidden_link_text'>Compartir por correo<\/span><\/a><\/li><\/ul><\/div><\/div>\n<div  style='height:50px' class='hr hr-invisible   avia-builder-el-8  el_after_av_social_share  el_before_av_comments_list '><span class='hr-inner ' ><span class='hr-inner-style'><\/span><\/span><\/div>\n<div  class='av-buildercomment  av-blog-meta-html-info-disabled av-blog-meta-tag-disabled  '><\/div>\n","protected":false},"excerpt":{"rendered":"","protected":false},"author":1,"featured_media":22794,"comment_status":"open","ping_status":"open","sticky":false,"template":"","format":"standard","meta":{"footnotes":""},"categories":[38],"tags":[],"class_list":["post-22793","post","type-post","status-publish","format-standard","has-post-thumbnail","hentry","category-regional"],"jetpack_featured_media_url":"https:\/\/radiorevelacionfm.cl\/wp-content\/uploads\/2022\/10\/Mi-primera-cedula-Gabriela-Mistral-2-1-1.jpg","_links":{"self":[{"href":"https:\/\/radiorevelacionfm.cl\/index.php?rest_route=\/wp\/v2\/posts\/22793","targetHints":{"allow":["GET"]}}],"collection":[{"href":"https:\/\/radiorevelacionfm.cl\/index.php?rest_route=\/wp\/v2\/posts"}],"about":[{"href":"https:\/\/radiorevelacionfm.cl\/index.php?rest_route=\/wp\/v2\/types\/post"}],"author":[{"embeddable":true,"href":"https:\/\/radiorevelacionfm.cl\/index.php?rest_route=\/wp\/v2\/users\/1"}],"replies":[{"embeddable":true,"href":"https:\/\/radiorevelacionfm.cl\/index.php?rest_route=%2Fwp%2Fv2%2Fcomments&post=22793"}],"version-history":[{"count":2,"href":"https:\/\/radiorevelacionfm.cl\/index.php?rest_route=\/wp\/v2\/posts\/22793\/revisions"}],"predecessor-version":[{"id":22801,"href":"https:\/\/radiorevelacionfm.cl\/index.php?rest_route=\/wp\/v2\/posts\/22793\/revisions\/22801"}],"wp:featuredmedia":[{"embeddable":true,"href":"https:\/\/radiorevelacionfm.cl\/index.php?rest_route=\/wp\/v2\/media\/22794"}],"wp:attachment":[{"href":"https:\/\/radiorevelacionfm.cl\/index.php?rest_route=%2Fwp%2Fv2%2Fmedia&parent=22793"}],"wp:term":[{"taxonomy":"category","embeddable":true,"href":"https:\/\/radiorevelacionfm.cl\/index.php?rest_route=%2Fwp%2Fv2%2Fcategories&post=22793"},{"taxonomy":"post_tag","embeddable":true,"href":"https:\/\/radiorevelacionfm.cl\/index.php?rest_route=%2Fwp%2Fv2%2Ftags&post=22793"}],"curies":[{"name":"wp","href":"https:\/\/api.w.org\/{rel}","templated":true}]}}