{"id":22789,"date":"2022-10-08T10:57:05","date_gmt":"2022-10-08T13:57:05","guid":{"rendered":"https:\/\/radiorevelacionfm.cl\/?p=22789"},"modified":"2022-10-08T10:57:05","modified_gmt":"2022-10-08T13:57:05","slug":"exitosamente-se-desarrollo-xv-version-de-la-feria-de-educacion-superior-del-liceo-raul-broussain","status":"publish","type":"post","link":"https:\/\/radiorevelacionfm.cl\/?p=22789","title":{"rendered":"Exitosamente se desarroll\u00f3 XV versi\u00f3n de la Feria de Educaci\u00f3n Superior del liceo Ra\u00fal Broussain"},"content":{"rendered":"<div class=\"flex_column av_one_full  flex_column_div av-zero-column-padding first  avia-builder-el-0  el_before_av_one_full  avia-builder-el-first  \" style='border-radius:0px; '><div  class='avia-image-container  av-styling-    avia-builder-el-1  avia-builder-el-no-sibling  avia-align-center '  itemprop=\"image\" itemscope=\"itemscope\" itemtype=\"https:\/\/schema.org\/ImageObject\"  ><div class='avia-image-container-inner'><div class='avia-image-overlay-wrap'><img decoding=\"async\" class='wp-image-22791 avia-img-lazy-loading-not-22791 avia_image' src=\"https:\/\/radiorevelacionfm.cl\/wp-content\/uploads\/2022\/10\/309259543_1985424128513922_2746000142321536086_n-1-1_optimized.jpg\" alt='' title='309259543_1985424128513922_2746000142321536086_n-(1)-(1)_optimized' height=\"600\" width=\"900\"  itemprop=\"thumbnailUrl\" srcset=\"https:\/\/radiorevelacionfm.cl\/wp-content\/uploads\/2022\/10\/309259543_1985424128513922_2746000142321536086_n-1-1_optimized.jpg 900w, https:\/\/radiorevelacionfm.cl\/wp-content\/uploads\/2022\/10\/309259543_1985424128513922_2746000142321536086_n-1-1_optimized-300x200.jpg 300w, https:\/\/radiorevelacionfm.cl\/wp-content\/uploads\/2022\/10\/309259543_1985424128513922_2746000142321536086_n-1-1_optimized-768x512.jpg 768w, https:\/\/radiorevelacionfm.cl\/wp-content\/uploads\/2022\/10\/309259543_1985424128513922_2746000142321536086_n-1-1_optimized-705x470.jpg 705w, https:\/\/radiorevelacionfm.cl\/wp-content\/uploads\/2022\/10\/309259543_1985424128513922_2746000142321536086_n-1-1_optimized-600x400.jpg 600w\" sizes=\"(max-width: 900px) 100vw, 900px\" \/><\/div><\/div><\/div><\/div><div class=\"flex_column av_one_full  flex_column_div av-zero-column-padding first  avia-builder-el-2  el_after_av_one_full  el_before_av_one_full  column-top-margin\" style='border-radius:0px; '><section class=\"av_textblock_section \"  itemscope=\"itemscope\" itemtype=\"https:\/\/schema.org\/BlogPosting\" itemprop=\"blogPost\" ><div class='avia_textblock  '   itemprop=\"text\" ><p style=\"text-align: center;\"><span style=\"font-size: 18pt;\"><strong>Exitosamente se desarroll\u00f3 XV versi\u00f3n de la Feria de Educaci\u00f3n Superior del liceo Ra\u00fal Broussain<\/strong><\/span><\/p>\n<div id=\"gtx-trans\" style=\"position: absolute; left: -50px; top: 4.31534px;\">\n<div class=\"gtx-trans-icon\"><\/div>\n<\/div>\n<\/div><\/section><\/div><div class=\"flex_column av_one_full  flex_column_div av-zero-column-padding first  avia-builder-el-4  el_after_av_one_full  el_before_av_hr  column-top-margin\" style='border-radius:0px; '><section class=\"av_textblock_section \"  itemscope=\"itemscope\" itemtype=\"https:\/\/schema.org\/BlogPosting\" itemprop=\"blogPost\" ><div class='avia_textblock  '   itemprop=\"text\" ><p style=\"text-align: justify;\">14 casas de estudios superiores pertenecientes a diversos puntos del pa\u00eds, as\u00ed como representantes de las instituciones de Fuerzas Armadas y Seguridad P\u00fablica, entre otros, se hicieron presente en una nueva edici\u00f3n de la tradicional Feria de Educaci\u00f3n Superior, organizada por el liceo Ra\u00fal Broussain Campino, en Puerto Ays\u00e9n.<\/p>\n<p style=\"text-align: justify;\">Una cita que se reanuda tras dos a\u00f1os de suspensi\u00f3n producto de la pandemia, y que en esta 15 versi\u00f3n congreg\u00f3, no s\u00f3lo a estudiantes raulinos, sino adem\u00e1s a alumnas y alumnos de diversos establecimientos educacionales de la comuna.<\/p>\n<p style=\"text-align: justify;\">\u201cEl objetivo de esta feria es poder mostrar de primera fuente las alternativas de todo el espectro de educaci\u00f3n superior existente en el pa\u00eds, a lo que hemos tenido una muy buena respuesta, ya que han venido instituciones de la regi\u00f3n y de Chile. Esto, ha permitido que los alumnos puedan conocer el abanico de posibilidades, ya sea en universidades, centro de formaci\u00f3n t\u00e9cnicas o instituciones como son Carabineros, Gendarmer\u00eda, Armada, PDI y Ej\u00e9rcito, entre otros. Compartir informaci\u00f3n, hacer sus preguntas, resolver dudas\u201d, indic\u00f3 el director del establecimiento municipalizado, Eduardo Obando.<\/p>\n<p style=\"text-align: justify;\">\u201cMuchas veces la informaci\u00f3n existente es bien escueta, entonces hay varias preguntas que los estudiantes e, inclusive, los pap\u00e1s quieren hacer y no tienen respuesta con la difusi\u00f3n tradicional que existe, es por eso que estamos muy satisfechos porque, sin duda, esta feria es un aporte para la educaci\u00f3n aysenina\u201d, agreg\u00f3.<\/p>\n<p style=\"text-align: justify;\">\u201cMe parece muy bien, la verdad es una ayuda gigante para los de cuarto y para los cursos m\u00e1s chicos tambi\u00e9n, es una gran instancia para conocer de antemano qu\u00e9 opciones tengo para ya tener un plan a futuro. Por ejemplo, yo me inscrib\u00ed al servicio militar, me dieron una polera, unos amigos tambi\u00e9n se van a inscribir ahora, y es una oportunidad para tener claro qu\u00e9 voy a hacer despu\u00e9s de salir de cuarto medio\u201d, asegur\u00f3 Alejandro Cort\u00e9s, alumno de cuarto a\u00f1o medio del liceo aysenino.<\/p>\n<p style=\"text-align: justify;\">Entre los stands participantes, estuvo presente el Centro de Formaci\u00f3n T\u00e9cnica CFT Estatal de Ays\u00e9n, quienes iniciaron sus clases en 2022, y que hoy cuentan con gran aceptaci\u00f3n por parte de la poblaci\u00f3n local. \u201cEsta es una tremenda iniciativa. Agradecemos la invitaci\u00f3n y, por supuesto, relevemos lo local. A menos de un a\u00f1o de funcionamiento, estamos aperturando una tercera carrera, que es Mantenimiento industrial, que fue co-construida con la industria local. Por tanto, esta es una carrera realmente esperada por los y las trabajadoras del litoral. As\u00ed que la invitaci\u00f3n es a estudiar, iniciamos nuestro periodo de postulaci\u00f3n el d\u00eda 12 de octubre. Elijamos lo local\u201d, se\u00f1al\u00f3 el rector de la instituci\u00f3n, V\u00edctor Hugo \u00c1lvarez.<\/p>\n<p style=\"text-align: justify;\">La actividad cont\u00f3 con la participaci\u00f3n, adem\u00e1s, de JUNAEB, quienes arribaron hasta esta Feria con el fin de informar y orientar a los j\u00f3venes ayseninos respecto a los beneficios estatales existentes en pos del ingreso y permanencia de los estudiantes en el sistema educativo.<\/p>\n<p style=\"text-align: justify;\">Felicitar el trabajo que realiza el liceo Ra\u00fal Broussain Campino, ellos est\u00e1n trabajando desde hace alg\u00fan tiempo tambi\u00e9n con la Escuela de Talentos, de la Universidad de Chile, por tanto, es un camino que est\u00e1n recorriendo, y tener esta feria donde los alumnos pueden ver diferentes alternativas en educaci\u00f3n superior, es para nosotros muy importante porque significa apoyar a la juventud de forma directa. Felicitar a su director, al equipo que organiza estos eventos, que realzan la educaci\u00f3n en nuestros ni\u00f1os\u201d, relev\u00f3 la primera autoridad comunal, Julio Uribe.<\/p>\n<p style=\"text-align: justify;\">Dicha iniciativa -que inici\u00f3 con un acto inaugural, del que fueron parte autoridades locales, comunales y provinciales-, es posible a trav\u00e9s del trabajo mancomunado entre el departamento de Orientaci\u00f3n e Inspector\u00eda general del liceo Ra\u00fal Broussain Campino.<\/p>\n<\/div><\/section><\/div><div  style='height:50px' class='hr hr-invisible   avia-builder-el-6  el_after_av_one_full  el_before_av_social_share '><span class='hr-inner ' ><span class='hr-inner-style'><\/span><\/span><\/div><\/p>\n<div  class='av-social-sharing-box  avia-builder-el-7  el_after_av_hr  el_before_av_hr  '><div class='av-share-box'><h5 class='av-share-link-description av-no-toc '>Compartir esta noticia<\/h5><ul class='av-share-box-list noLightbox'><li class='av-share-link av-social-link-facebook' ><a target=\"_blank\" aria-label=\"Compartir en Facebook\" href='https:\/\/www.facebook.com\/sharer.php?u=https:\/\/radiorevelacionfm.cl\/?p=22789&#038;t=Exitosamente%20se%20desarroll%C3%B3%20XV%20versi%C3%B3n%20de%20la%20Feria%20de%20Educaci%C3%B3n%20Superior%20del%20liceo%20Ra%C3%BAl%20Broussain' aria-hidden='false' data-av_icon='\ue8f3' data-av_iconfont='entypo-fontello' title='' data-avia-related-tooltip='Compartir en Facebook' rel=\"noopener\"><span class='avia_hidden_link_text'>Compartir en Facebook<\/span><\/a><\/li><li class='av-share-link av-social-link-twitter' ><a target=\"_blank\" aria-label=\"Compartir en Twitter\" href='https:\/\/twitter.com\/share?text=Exitosamente%20se%20desarroll%C3%B3%20XV%20versi%C3%B3n%20de%20la%20Feria%20de%20Educaci%C3%B3n%20Superior%20del%20liceo%20Ra%C3%BAl%20Broussain&#038;url=https:\/\/radiorevelacionfm.cl\/?p=22789' aria-hidden='false' data-av_icon='\ue8f1' data-av_iconfont='entypo-fontello' title='' data-avia-related-tooltip='Compartir en Twitter' rel=\"noopener\"><span class='avia_hidden_link_text'>Compartir en Twitter<\/span><\/a><\/li><li class='av-share-link av-social-link-whatsapp' ><a target=\"_blank\" aria-label=\"Compartir en Whatsapp\" href='https:\/\/api.whatsapp.com\/send?text=https:\/\/radiorevelacionfm.cl\/?p=22789' aria-hidden='false' data-av_icon='\uf232' data-av_iconfont='entypo-fontello' title='' data-avia-related-tooltip='Compartir en Whatsapp' rel=\"noopener\"><span class='avia_hidden_link_text'>Compartir en Whatsapp<\/span><\/a><\/li><li class='av-share-link av-social-link-linkedin' ><a target=\"_blank\" aria-label=\"Compartir en LinkedIn\" href='https:\/\/linkedin.com\/shareArticle?mini=true&#038;title=Exitosamente%20se%20desarroll%C3%B3%20XV%20versi%C3%B3n%20de%20la%20Feria%20de%20Educaci%C3%B3n%20Superior%20del%20liceo%20Ra%C3%BAl%20Broussain&#038;url=https:\/\/radiorevelacionfm.cl\/?p=22789' aria-hidden='false' data-av_icon='\ue8fc' data-av_iconfont='entypo-fontello' title='' data-avia-related-tooltip='Compartir en LinkedIn' rel=\"noopener\"><span class='avia_hidden_link_text'>Compartir en LinkedIn<\/span><\/a><\/li><li class='av-share-link av-social-link-mail' ><a  aria-label=\"Compartir por correo\" href='mailto:?subject=Exitosamente%20se%20desarroll%C3%B3%20XV%20versi%C3%B3n%20de%20la%20Feria%20de%20Educaci%C3%B3n%20Superior%20del%20liceo%20Ra%C3%BAl%20Broussain&#038;body=https:\/\/radiorevelacionfm.cl\/?p=22789' aria-hidden='false' data-av_icon='\ue805' data-av_iconfont='entypo-fontello' title='' data-avia-related-tooltip='Compartir por correo'><span class='avia_hidden_link_text'>Compartir por correo<\/span><\/a><\/li><\/ul><\/div><\/div>\n<div  style='height:50px' class='hr hr-invisible   avia-builder-el-8  el_after_av_social_share  el_before_av_comments_list '><span class='hr-inner ' ><span class='hr-inner-style'><\/span><\/span><\/div>\n<div  class='av-buildercomment  av-blog-meta-html-info-disabled av-blog-meta-tag-disabled  '><\/div>\n","protected":false},"excerpt":{"rendered":"","protected":false},"author":1,"featured_media":22791,"comment_status":"open","ping_status":"open","sticky":false,"template":"","format":"standard","meta":{"footnotes":""},"categories":[38],"tags":[],"class_list":["post-22789","post","type-post","status-publish","format-standard","has-post-thumbnail","hentry","category-regional"],"jetpack_featured_media_url":"https:\/\/radiorevelacionfm.cl\/wp-content\/uploads\/2022\/10\/309259543_1985424128513922_2746000142321536086_n-1-1_optimized.jpg","_links":{"self":[{"href":"https:\/\/radiorevelacionfm.cl\/index.php?rest_route=\/wp\/v2\/posts\/22789","targetHints":{"allow":["GET"]}}],"collection":[{"href":"https:\/\/radiorevelacionfm.cl\/index.php?rest_route=\/wp\/v2\/posts"}],"about":[{"href":"https:\/\/radiorevelacionfm.cl\/index.php?rest_route=\/wp\/v2\/types\/post"}],"author":[{"embeddable":true,"href":"https:\/\/radiorevelacionfm.cl\/index.php?rest_route=\/wp\/v2\/users\/1"}],"replies":[{"embeddable":true,"href":"https:\/\/radiorevelacionfm.cl\/index.php?rest_route=%2Fwp%2Fv2%2Fcomments&post=22789"}],"version-history":[{"count":2,"href":"https:\/\/radiorevelacionfm.cl\/index.php?rest_route=\/wp\/v2\/posts\/22789\/revisions"}],"predecessor-version":[{"id":22802,"href":"https:\/\/radiorevelacionfm.cl\/index.php?rest_route=\/wp\/v2\/posts\/22789\/revisions\/22802"}],"wp:featuredmedia":[{"embeddable":true,"href":"https:\/\/radiorevelacionfm.cl\/index.php?rest_route=\/wp\/v2\/media\/22791"}],"wp:attachment":[{"href":"https:\/\/radiorevelacionfm.cl\/index.php?rest_route=%2Fwp%2Fv2%2Fmedia&parent=22789"}],"wp:term":[{"taxonomy":"category","embeddable":true,"href":"https:\/\/radiorevelacionfm.cl\/index.php?rest_route=%2Fwp%2Fv2%2Fcategories&post=22789"},{"taxonomy":"post_tag","embeddable":true,"href":"https:\/\/radiorevelacionfm.cl\/index.php?rest_route=%2Fwp%2Fv2%2Ftags&post=22789"}],"curies":[{"name":"wp","href":"https:\/\/api.w.org\/{rel}","templated":true}]}}