{"id":22783,"date":"2022-10-07T18:27:39","date_gmt":"2022-10-07T21:27:39","guid":{"rendered":"https:\/\/radiorevelacionfm.cl\/?p=22783"},"modified":"2022-10-07T18:27:39","modified_gmt":"2022-10-07T21:27:39","slug":"familias-de-villa-cerro-cordon-y-villa-patagonia-financian-iniciativa-de-emergencia-gracias-al-fosis","status":"publish","type":"post","link":"https:\/\/radiorevelacionfm.cl\/?p=22783","title":{"rendered":"Familias de Villa Cerro Cord\u00f3n y Villa Patagonia financian iniciativa de emergencia gracias al FOSIS"},"content":{"rendered":"<div class=\"flex_column av_one_full  flex_column_div av-zero-column-padding first  avia-builder-el-0  el_before_av_one_full  avia-builder-el-first  \" style='border-radius:0px; '><div  class='avia-image-container  av-styling-    avia-builder-el-1  avia-builder-el-no-sibling  avia-align-center '  itemprop=\"image\" itemscope=\"itemscope\" itemtype=\"https:\/\/schema.org\/ImageObject\"  ><div class='avia-image-container-inner'><div class='avia-image-overlay-wrap'><img decoding=\"async\" class='wp-image-22784 avia-img-lazy-loading-not-22784 avia_image' src=\"https:\/\/radiorevelacionfm.cl\/wp-content\/uploads\/2022\/10\/1-Accion-Local-1-1.jpeg\" alt='' title='1 Acci\u00f3n Local (1) (1)' height=\"600\" width=\"1067\"  itemprop=\"thumbnailUrl\" srcset=\"https:\/\/radiorevelacionfm.cl\/wp-content\/uploads\/2022\/10\/1-Accion-Local-1-1.jpeg 1067w, https:\/\/radiorevelacionfm.cl\/wp-content\/uploads\/2022\/10\/1-Accion-Local-1-1-300x169.jpeg 300w, https:\/\/radiorevelacionfm.cl\/wp-content\/uploads\/2022\/10\/1-Accion-Local-1-1-1030x579.jpeg 1030w, https:\/\/radiorevelacionfm.cl\/wp-content\/uploads\/2022\/10\/1-Accion-Local-1-1-768x432.jpeg 768w, https:\/\/radiorevelacionfm.cl\/wp-content\/uploads\/2022\/10\/1-Accion-Local-1-1-705x396.jpeg 705w, https:\/\/radiorevelacionfm.cl\/wp-content\/uploads\/2022\/10\/1-Accion-Local-1-1-600x337.jpeg 600w\" sizes=\"(max-width: 1067px) 100vw, 1067px\" \/><\/div><\/div><\/div><\/div><div class=\"flex_column av_one_full  flex_column_div av-zero-column-padding first  avia-builder-el-2  el_after_av_one_full  el_before_av_one_full  column-top-margin\" style='border-radius:0px; '><section class=\"av_textblock_section \"  itemscope=\"itemscope\" itemtype=\"https:\/\/schema.org\/BlogPosting\" itemprop=\"blogPost\" ><div class='avia_textblock  '   itemprop=\"text\" ><p style=\"text-align: center;\"><span style=\"font-size: 18pt;\"><strong>Familias de Villa Cerro Cord\u00f3n y Villa Patagonia financian iniciativa de emergencia gracias al FOSIS<\/strong><\/span><\/p>\n<div id=\"gtx-trans\" style=\"position: absolute; left: -50px; top: 4.31534px;\">\n<div class=\"gtx-trans-icon\"><\/div>\n<\/div>\n<\/div><\/section><\/div><div class=\"flex_column av_one_full  flex_column_div av-zero-column-padding first  avia-builder-el-4  el_after_av_one_full  el_before_av_hr  column-top-margin\" style='border-radius:0px; '><section class=\"av_textblock_section \"  itemscope=\"itemscope\" itemtype=\"https:\/\/schema.org\/BlogPosting\" itemprop=\"blogPost\" ><div class='avia_textblock  '   itemprop=\"text\" ><p style=\"text-align: justify;\">Hasta la Sede de la JJ.VV de Villa Patagonia lleg\u00f3 la Directora Regional del FOSIS, Fernanda Leiva, para reunirse con vecinos y vecinas de esa poblaci\u00f3n y de la Villa Cerro Cord\u00f3n, con la finalidad de hacer entrega de canastas con alimentos, que fuero priorizadas por la comunidad al financiamiento que entrega el programa Acci\u00f3n Local del Fondo de Solidaridad e Inversi\u00f3n Social, FOSIS.<\/p>\n<p style=\"text-align: justify;\">El programa Acci\u00f3n Local busca fortalecer lazos socio comunitarios, enfoc\u00e1ndose en el establecimiento de sanas relaciones entre las familias que conforman una comunidad y territorio, promoviendo el fortalecimiento del capital social comunitario, la participaci\u00f3n ciudadana y la gobernanza local.<\/p>\n<p style=\"text-align: justify;\">Fernanda Leiva, Directora Regional del FOSIS en Ays\u00e9n, asegur\u00f3 que \u201cestamos muy contentos de poder venir a hacer esta entrega a los vecinos y vecinas de Villa Patagonia y Villa Cerro Cord\u00f3n en el marco del programa Acci\u00f3n Local de FOSIS, donde lo importante de esta instancia es que son los propios vecinos y vecinas quienes priorizan esta acci\u00f3n y adem\u00e1s contribuyen a su comunidad, a las familias que est\u00e1n pasado por una situaci\u00f3n m\u00e1s complicada, entregando este apoyo, esta ayuda social de alimentos para que ellos puedan estar m\u00e1s tranquilos y adem\u00e1s tener el respaldo de sus vecinos y vecinas. Esto genera comunidad, genera buenas relaciones, la ayuda entre unos y otros y es lo que venimos a destacar este d\u00eda.\u201d<\/p>\n<p style=\"text-align: justify;\">La Presidenta de la JJ.VV. Villa Cerro Cord\u00f3n, Luz B\u00f3rquez, recalc\u00f3 que \u201cha sido una bendici\u00f3n primeramente, porque la situaci\u00f3n no est\u00e1 muy buena, entonces es una forma de ayuda y da tranquilidad para las familias. Se agradece la gesti\u00f3n del FOSIS y estamos contentos de poder colaborar de una u otra forma y de ser canal para la gente, esa es nuestra labor, independiente de lo que se haga, siempre estamos cooperando y gestionando ayudas para llegar a aquellos que a veces no son visibles.\u201d<\/p>\n<p style=\"text-align: justify;\">M\u00f3nica Navarrete, Presidenta de la JJ.VV. Villa Patagonia, destac\u00f3 la intervenci\u00f3n de Acci\u00f3n Local. \u201cAgradezco a FOSIS porque nos dieron la oportunidad de participar en este programa, se nos dio la opci\u00f3n para elegir entre calefacci\u00f3n y alimentaci\u00f3n y nosotros elegimos alimentaci\u00f3n, que es algo parejo para todos, ya que hoy en d\u00eda hay muchas formas de calefaccionares. La gente se fue muy feliz, contenta y agradecida. Fueron 25 vecinos beneficiados que se fueron con el coraz\u00f3n llenito y eso se agradece, ver que con una gesti\u00f3n se puede ayudar a familias que lo necesitan es reconfortante.\u201d<\/p>\n<p style=\"text-align: justify;\">La ejecuci\u00f3n del programa Acci\u00f3n Local permite financiar iniciativas de emergencia, pero su fin \u00faltimo es poder financiar iniciativas que sean planteadas y priorizadas a trav\u00e9s de votaci\u00f3n y que permitan resolver alg\u00fan problema o necesidad de la comunidad intervenida. Actualmente se est\u00e1 trabajando con ambas poblaciones en la etapa de diagn\u00f3stico.<\/p>\n<p style=\"text-align: justify;\"><strong><u>\u00a0<\/u><\/strong><\/p>\n<p style=\"text-align: justify;\"><strong><u>\u00a0<\/u><\/strong><\/p>\n<\/div><\/section><\/div><div  style='height:50px' class='hr hr-invisible   avia-builder-el-6  el_after_av_one_full  el_before_av_social_share '><span class='hr-inner ' ><span class='hr-inner-style'><\/span><\/span><\/div><\/p>\n<div  class='av-social-sharing-box  avia-builder-el-7  el_after_av_hr  el_before_av_hr  '><div class='av-share-box'><h5 class='av-share-link-description av-no-toc '>Compartir esta noticia<\/h5><ul class='av-share-box-list noLightbox'><li class='av-share-link av-social-link-facebook' ><a target=\"_blank\" aria-label=\"Compartir en Facebook\" href='https:\/\/www.facebook.com\/sharer.php?u=https:\/\/radiorevelacionfm.cl\/?p=22783&#038;t=Familias%20de%20Villa%20Cerro%20Cord%C3%B3n%20y%20Villa%20Patagonia%20financian%20iniciativa%20de%20emergencia%20gracias%20al%20FOSIS' aria-hidden='false' data-av_icon='\ue8f3' data-av_iconfont='entypo-fontello' title='' data-avia-related-tooltip='Compartir en Facebook' rel=\"noopener\"><span class='avia_hidden_link_text'>Compartir en Facebook<\/span><\/a><\/li><li class='av-share-link av-social-link-twitter' ><a target=\"_blank\" aria-label=\"Compartir en Twitter\" href='https:\/\/twitter.com\/share?text=Familias%20de%20Villa%20Cerro%20Cord%C3%B3n%20y%20Villa%20Patagonia%20financian%20iniciativa%20de%20emergencia%20gracias%20al%20FOSIS&#038;url=https:\/\/radiorevelacionfm.cl\/?p=22783' aria-hidden='false' data-av_icon='\ue8f1' data-av_iconfont='entypo-fontello' title='' data-avia-related-tooltip='Compartir en Twitter' rel=\"noopener\"><span class='avia_hidden_link_text'>Compartir en Twitter<\/span><\/a><\/li><li class='av-share-link av-social-link-whatsapp' ><a target=\"_blank\" aria-label=\"Compartir en Whatsapp\" href='https:\/\/api.whatsapp.com\/send?text=https:\/\/radiorevelacionfm.cl\/?p=22783' aria-hidden='false' data-av_icon='\uf232' data-av_iconfont='entypo-fontello' title='' data-avia-related-tooltip='Compartir en Whatsapp' rel=\"noopener\"><span class='avia_hidden_link_text'>Compartir en Whatsapp<\/span><\/a><\/li><li class='av-share-link av-social-link-linkedin' ><a target=\"_blank\" aria-label=\"Compartir en LinkedIn\" href='https:\/\/linkedin.com\/shareArticle?mini=true&#038;title=Familias%20de%20Villa%20Cerro%20Cord%C3%B3n%20y%20Villa%20Patagonia%20financian%20iniciativa%20de%20emergencia%20gracias%20al%20FOSIS&#038;url=https:\/\/radiorevelacionfm.cl\/?p=22783' aria-hidden='false' data-av_icon='\ue8fc' data-av_iconfont='entypo-fontello' title='' data-avia-related-tooltip='Compartir en LinkedIn' rel=\"noopener\"><span class='avia_hidden_link_text'>Compartir en LinkedIn<\/span><\/a><\/li><li class='av-share-link av-social-link-mail' ><a  aria-label=\"Compartir por correo\" href='mailto:?subject=Familias%20de%20Villa%20Cerro%20Cord%C3%B3n%20y%20Villa%20Patagonia%20financian%20iniciativa%20de%20emergencia%20gracias%20al%20FOSIS&#038;body=https:\/\/radiorevelacionfm.cl\/?p=22783' aria-hidden='false' data-av_icon='\ue805' data-av_iconfont='entypo-fontello' title='' data-avia-related-tooltip='Compartir por correo'><span class='avia_hidden_link_text'>Compartir por correo<\/span><\/a><\/li><\/ul><\/div><\/div>\n<div  style='height:50px' class='hr hr-invisible   avia-builder-el-8  el_after_av_social_share  el_before_av_comments_list '><span class='hr-inner ' ><span class='hr-inner-style'><\/span><\/span><\/div>\n<div  class='av-buildercomment  av-blog-meta-html-info-disabled av-blog-meta-tag-disabled  '><\/div>\n","protected":false},"excerpt":{"rendered":"","protected":false},"author":1,"featured_media":22784,"comment_status":"open","ping_status":"open","sticky":false,"template":"","format":"standard","meta":{"footnotes":""},"categories":[38],"tags":[],"class_list":["post-22783","post","type-post","status-publish","format-standard","has-post-thumbnail","hentry","category-regional"],"jetpack_featured_media_url":"https:\/\/radiorevelacionfm.cl\/wp-content\/uploads\/2022\/10\/1-Accion-Local-1-1.jpeg","_links":{"self":[{"href":"https:\/\/radiorevelacionfm.cl\/index.php?rest_route=\/wp\/v2\/posts\/22783","targetHints":{"allow":["GET"]}}],"collection":[{"href":"https:\/\/radiorevelacionfm.cl\/index.php?rest_route=\/wp\/v2\/posts"}],"about":[{"href":"https:\/\/radiorevelacionfm.cl\/index.php?rest_route=\/wp\/v2\/types\/post"}],"author":[{"embeddable":true,"href":"https:\/\/radiorevelacionfm.cl\/index.php?rest_route=\/wp\/v2\/users\/1"}],"replies":[{"embeddable":true,"href":"https:\/\/radiorevelacionfm.cl\/index.php?rest_route=%2Fwp%2Fv2%2Fcomments&post=22783"}],"version-history":[{"count":2,"href":"https:\/\/radiorevelacionfm.cl\/index.php?rest_route=\/wp\/v2\/posts\/22783\/revisions"}],"predecessor-version":[{"id":22788,"href":"https:\/\/radiorevelacionfm.cl\/index.php?rest_route=\/wp\/v2\/posts\/22783\/revisions\/22788"}],"wp:featuredmedia":[{"embeddable":true,"href":"https:\/\/radiorevelacionfm.cl\/index.php?rest_route=\/wp\/v2\/media\/22784"}],"wp:attachment":[{"href":"https:\/\/radiorevelacionfm.cl\/index.php?rest_route=%2Fwp%2Fv2%2Fmedia&parent=22783"}],"wp:term":[{"taxonomy":"category","embeddable":true,"href":"https:\/\/radiorevelacionfm.cl\/index.php?rest_route=%2Fwp%2Fv2%2Fcategories&post=22783"},{"taxonomy":"post_tag","embeddable":true,"href":"https:\/\/radiorevelacionfm.cl\/index.php?rest_route=%2Fwp%2Fv2%2Ftags&post=22783"}],"curies":[{"name":"wp","href":"https:\/\/api.w.org\/{rel}","templated":true}]}}