{"id":22780,"date":"2022-10-08T13:10:30","date_gmt":"2022-10-08T16:10:30","guid":{"rendered":"https:\/\/radiorevelacionfm.cl\/?p=22780"},"modified":"2022-10-08T13:10:30","modified_gmt":"2022-10-08T16:10:30","slug":"director-ejecutivo-de-conaf-sostiene-encuentros-con-docentes-y-alumnos-en-la-region-de-aysen","status":"publish","type":"post","link":"https:\/\/radiorevelacionfm.cl\/?p=22780","title":{"rendered":"Director ejecutivo de Conaf sostiene encuentros con docentes y alumnos en la regi\u00f3n de Ays\u00e9n"},"content":{"rendered":"<div class=\"flex_column av_one_full  flex_column_div av-zero-column-padding first  avia-builder-el-0  el_before_av_one_full  avia-builder-el-first  \" style='border-radius:0px; '><div  class='avia-image-container  av-styling-    avia-builder-el-1  avia-builder-el-no-sibling  avia-align-center '  itemprop=\"image\" itemscope=\"itemscope\" itemtype=\"https:\/\/schema.org\/ImageObject\"  ><div class='avia-image-container-inner'><div class='avia-image-overlay-wrap'><img decoding=\"async\" class='wp-image-22781 avia-img-lazy-loading-not-22781 avia_image' src=\"https:\/\/radiorevelacionfm.cl\/wp-content\/uploads\/2022\/10\/uaysen-2-1-1.jpg\" alt='' title='uaysen 2 (1) (1)' height=\"600\" width=\"699\"  itemprop=\"thumbnailUrl\" srcset=\"https:\/\/radiorevelacionfm.cl\/wp-content\/uploads\/2022\/10\/uaysen-2-1-1.jpg 699w, https:\/\/radiorevelacionfm.cl\/wp-content\/uploads\/2022\/10\/uaysen-2-1-1-300x258.jpg 300w, https:\/\/radiorevelacionfm.cl\/wp-content\/uploads\/2022\/10\/uaysen-2-1-1-600x515.jpg 600w\" sizes=\"(max-width: 699px) 100vw, 699px\" \/><\/div><\/div><\/div><\/div><div class=\"flex_column av_one_full  flex_column_div av-zero-column-padding first  avia-builder-el-2  el_after_av_one_full  el_before_av_one_full  column-top-margin\" style='border-radius:0px; '><section class=\"av_textblock_section \"  itemscope=\"itemscope\" itemtype=\"https:\/\/schema.org\/BlogPosting\" itemprop=\"blogPost\" ><div class='avia_textblock  '   itemprop=\"text\" ><p style=\"text-align: center;\"><strong><span style=\"font-size: 18pt;\">Director ejecutivo de Conaf sostiene encuentros con docentes y alumnos en la regi\u00f3n de Ays\u00e9n<\/span><\/strong><\/p>\n<div id=\"gtx-trans\" style=\"position: absolute; left: -50px; top: 4.31534px;\">\n<div class=\"gtx-trans-icon\"><\/div>\n<\/div>\n<\/div><\/section><\/div><div class=\"flex_column av_one_full  flex_column_div av-zero-column-padding first  avia-builder-el-4  el_after_av_one_full  el_before_av_hr  column-top-margin\" style='border-radius:0px; '><section class=\"av_textblock_section \"  itemscope=\"itemscope\" itemtype=\"https:\/\/schema.org\/BlogPosting\" itemprop=\"blogPost\" ><div class='avia_textblock  '   itemprop=\"text\" ><p style=\"text-align: justify;\">Universidad de Ays\u00e9n y Universidad Austral de Chile con su campus Patagonia son las casas de estudio presentes en la Regi\u00f3n de Ays\u00e9n, donde el director ejecutivo manifest\u00f3 su deseo de apoyar la formaci\u00f3n de los futuros profesionales que se desempe\u00f1ar\u00e1n en el \u00e1rea forestal.<\/p>\n<p style=\"text-align: justify;\">Con una agenda que consider\u00f3 reuniones con autoridades, saludos protocolares a las y los trabajadores de la Corporaci\u00f3n Nacional Forestal, existi\u00f3 el espacio preciso para conocer la realidad actual de las casas de estudios presentes en la regi\u00f3n donde existe un trabajo muy estrecho con la Corporaci\u00f3n Nacional Forestal (CONAF) en sus diversas \u00e1reas<\/p>\n<p style=\"text-align: justify;\">Bajo esta perspectiva, el director ejecutivo de CONAF, Christian Little C\u00e1rdenas, en compa\u00f1\u00eda de la directora regional Claudia Reyes Santelices, expuso lo importante que es para la Corporaci\u00f3n contar con una nueva generaci\u00f3n que aporte y apoye las pol\u00edticas forestales desde la modernizaci\u00f3n y los nuevos conocimientos en el \u00e1rea.<\/p>\n<p style=\"text-align: justify;\">Uno de los aspectos que m\u00e1s destac\u00f3 es que \u00e9l viene desde el mundo de la academia, por lo cual \u201cvaloro profundamente la relaci\u00f3n con las universidades y todo tipo de investigaci\u00f3n que se pueda dar, especialmente hacia nuevas tem\u00e1ticas, como son cambio clim\u00e1tico, desarrollo sustentable, bosque nativo y la relaci\u00f3n con las comunidades, entre otras. Est\u00e1 nuestro compromiso de trabajar con las universidades y hacer investigaci\u00f3n\u201d.<\/p>\n<p style=\"text-align: justify;\">El primer encuentro fue con el equipo del campus Patagonia de la Universidad Austral de Chile (UACh), donde la prorrectora Sandra Bucarey Arriagada ve con buenos ojos este acercamiento, considerando todo lo que la UACh tiene que brindar dentro de la oferta acad\u00e9mica.<\/p>\n<p style=\"text-align: justify;\">\u201cVemos con gran inter\u00e9s mantener un di\u00e1logo directo y fluido con el director de CONAF, ya que la UACh cuenta con miles de hect\u00e1reas de bosque nativo, variada investigaci\u00f3n en \u00e1reas silvestres y manejo forestal, los que nos deja muchos temas en com\u00fan con los que resolver e innovar en conjunto, raz\u00f3n por lo que es necesaria la colaboraci\u00f3n entre ambas entidades. Por otra parte, la formaci\u00f3n de profesionales en el \u00e1rea nos hace ver con inter\u00e9s los requerimientos actuales del sector\u201d, se\u00f1al\u00f3<\/p>\n<p style=\"text-align: justify;\">Posteriormente, fue el turno de la Universidad de Ays\u00e9n, espec\u00edficamente, estudiantes y acad\u00e9micos de la carrera de ingenier\u00eda forestal, quienes valoraron conocer desde la propia autoridad de la Corporaci\u00f3n la misi\u00f3n actual y los desaf\u00edos a desarrollar en su administraci\u00f3n ligados a educaci\u00f3n e investigaciones.<\/p>\n<p style=\"text-align: justify;\">Marcelo Sanhueza Ulloa, jefe de carrera catalog\u00f3 como agradable y ameno este encuentro, precisando que \u201cfue relevante y significativo poder estar con el director, porque motiva mucho a nuestros estudiantes el poder conocer una autoridad en la materia y plantear sus inquietudes, preferencias en temas de investigaci\u00f3n, docencia, academia e intereses. As\u00ed que fue relevante, tambi\u00e9n de parte del equipo t\u00e9cnico, mostrar cu\u00e1les son los pilares fundamentales de nuestra carrera, los \u00e9nfasis y que todos se agrupen en torno al bosque nativo, cambio clim\u00e1tico, restauraci\u00f3n, silvicultura, proyectos e industrias. Adem\u00e1s, se generan y se validan compromisos ya adquiridos como el acceso de las \u00e1reas silvestres a trav\u00e9s de investigaciones acad\u00e9micas\u201d.<\/p>\n<p style=\"text-align: justify;\">En este \u00faltimo encuentro, se cont\u00f3 con la presencia del seremi de Agricultura, Alan Espinoza Ortiz, quien se mostr\u00f3 satisfecho y calific\u00f3 de vitales este tipo de encuentros para la formaci\u00f3n de los futuros profesionales en el mundo del agro.<\/p>\n<p style=\"text-align: justify;\">\u201cEncuentros como estos son vitales para apoyar el desarrollo de la agricultura familiar campesina de nuestra regi\u00f3n, la cual se expresa en una diversidad de rubros que se complementa y generan ingresos en la familia. En este sentido, fortalecer y entrelazar miradas con el mundo de la academia, sabemos que genera impactos positivos y nos permite avanzar en torno a los lineamientos del Ministerio de Agricultura por el desarrollo integral y el buen vivir de nuestros campesinos y campesinas\u201d, manifest\u00f3 el seremi.<\/p>\n<\/div><\/section><\/div><div  style='height:50px' class='hr hr-invisible   avia-builder-el-6  el_after_av_one_full  el_before_av_social_share '><span class='hr-inner ' ><span class='hr-inner-style'><\/span><\/span><\/div><\/p>\n<div  class='av-social-sharing-box  avia-builder-el-7  el_after_av_hr  el_before_av_hr  '><div class='av-share-box'><h5 class='av-share-link-description av-no-toc '>Compartir esta noticia<\/h5><ul class='av-share-box-list noLightbox'><li class='av-share-link av-social-link-facebook' ><a target=\"_blank\" aria-label=\"Compartir en Facebook\" href='https:\/\/www.facebook.com\/sharer.php?u=https:\/\/radiorevelacionfm.cl\/?p=22780&#038;t=Director%20ejecutivo%20de%20Conaf%20sostiene%20encuentros%20con%20docentes%20y%20alumnos%20en%20la%20regi%C3%B3n%20de%20Ays%C3%A9n' aria-hidden='false' data-av_icon='\ue8f3' data-av_iconfont='entypo-fontello' title='' data-avia-related-tooltip='Compartir en Facebook' rel=\"noopener\"><span class='avia_hidden_link_text'>Compartir en Facebook<\/span><\/a><\/li><li class='av-share-link av-social-link-twitter' ><a target=\"_blank\" aria-label=\"Compartir en Twitter\" href='https:\/\/twitter.com\/share?text=Director%20ejecutivo%20de%20Conaf%20sostiene%20encuentros%20con%20docentes%20y%20alumnos%20en%20la%20regi%C3%B3n%20de%20Ays%C3%A9n&#038;url=https:\/\/radiorevelacionfm.cl\/?p=22780' aria-hidden='false' data-av_icon='\ue8f1' data-av_iconfont='entypo-fontello' title='' data-avia-related-tooltip='Compartir en Twitter' rel=\"noopener\"><span class='avia_hidden_link_text'>Compartir en Twitter<\/span><\/a><\/li><li class='av-share-link av-social-link-whatsapp' ><a target=\"_blank\" aria-label=\"Compartir en Whatsapp\" href='https:\/\/api.whatsapp.com\/send?text=https:\/\/radiorevelacionfm.cl\/?p=22780' aria-hidden='false' data-av_icon='\uf232' data-av_iconfont='entypo-fontello' title='' data-avia-related-tooltip='Compartir en Whatsapp' rel=\"noopener\"><span class='avia_hidden_link_text'>Compartir en Whatsapp<\/span><\/a><\/li><li class='av-share-link av-social-link-linkedin' ><a target=\"_blank\" aria-label=\"Compartir en LinkedIn\" href='https:\/\/linkedin.com\/shareArticle?mini=true&#038;title=Director%20ejecutivo%20de%20Conaf%20sostiene%20encuentros%20con%20docentes%20y%20alumnos%20en%20la%20regi%C3%B3n%20de%20Ays%C3%A9n&#038;url=https:\/\/radiorevelacionfm.cl\/?p=22780' aria-hidden='false' data-av_icon='\ue8fc' data-av_iconfont='entypo-fontello' title='' data-avia-related-tooltip='Compartir en LinkedIn' rel=\"noopener\"><span class='avia_hidden_link_text'>Compartir en LinkedIn<\/span><\/a><\/li><li class='av-share-link av-social-link-mail' ><a  aria-label=\"Compartir por correo\" href='mailto:?subject=Director%20ejecutivo%20de%20Conaf%20sostiene%20encuentros%20con%20docentes%20y%20alumnos%20en%20la%20regi%C3%B3n%20de%20Ays%C3%A9n&#038;body=https:\/\/radiorevelacionfm.cl\/?p=22780' aria-hidden='false' data-av_icon='\ue805' data-av_iconfont='entypo-fontello' title='' data-avia-related-tooltip='Compartir por correo'><span class='avia_hidden_link_text'>Compartir por correo<\/span><\/a><\/li><\/ul><\/div><\/div>\n<div  style='height:50px' class='hr hr-invisible   avia-builder-el-8  el_after_av_social_share  el_before_av_comments_list '><span class='hr-inner ' ><span class='hr-inner-style'><\/span><\/span><\/div>\n<div  class='av-buildercomment  av-blog-meta-html-info-disabled av-blog-meta-tag-disabled  '><\/div>\n","protected":false},"excerpt":{"rendered":"","protected":false},"author":1,"featured_media":22781,"comment_status":"open","ping_status":"open","sticky":false,"template":"","format":"standard","meta":{"footnotes":""},"categories":[38],"tags":[],"class_list":["post-22780","post","type-post","status-publish","format-standard","has-post-thumbnail","hentry","category-regional"],"jetpack_featured_media_url":"https:\/\/radiorevelacionfm.cl\/wp-content\/uploads\/2022\/10\/uaysen-2-1-1.jpg","_links":{"self":[{"href":"https:\/\/radiorevelacionfm.cl\/index.php?rest_route=\/wp\/v2\/posts\/22780","targetHints":{"allow":["GET"]}}],"collection":[{"href":"https:\/\/radiorevelacionfm.cl\/index.php?rest_route=\/wp\/v2\/posts"}],"about":[{"href":"https:\/\/radiorevelacionfm.cl\/index.php?rest_route=\/wp\/v2\/types\/post"}],"author":[{"embeddable":true,"href":"https:\/\/radiorevelacionfm.cl\/index.php?rest_route=\/wp\/v2\/users\/1"}],"replies":[{"embeddable":true,"href":"https:\/\/radiorevelacionfm.cl\/index.php?rest_route=%2Fwp%2Fv2%2Fcomments&post=22780"}],"version-history":[{"count":2,"href":"https:\/\/radiorevelacionfm.cl\/index.php?rest_route=\/wp\/v2\/posts\/22780\/revisions"}],"predecessor-version":[{"id":22805,"href":"https:\/\/radiorevelacionfm.cl\/index.php?rest_route=\/wp\/v2\/posts\/22780\/revisions\/22805"}],"wp:featuredmedia":[{"embeddable":true,"href":"https:\/\/radiorevelacionfm.cl\/index.php?rest_route=\/wp\/v2\/media\/22781"}],"wp:attachment":[{"href":"https:\/\/radiorevelacionfm.cl\/index.php?rest_route=%2Fwp%2Fv2%2Fmedia&parent=22780"}],"wp:term":[{"taxonomy":"category","embeddable":true,"href":"https:\/\/radiorevelacionfm.cl\/index.php?rest_route=%2Fwp%2Fv2%2Fcategories&post=22780"},{"taxonomy":"post_tag","embeddable":true,"href":"https:\/\/radiorevelacionfm.cl\/index.php?rest_route=%2Fwp%2Fv2%2Ftags&post=22780"}],"curies":[{"name":"wp","href":"https:\/\/api.w.org\/{rel}","templated":true}]}}