{"id":22777,"date":"2022-10-08T11:47:10","date_gmt":"2022-10-08T14:47:10","guid":{"rendered":"https:\/\/radiorevelacionfm.cl\/?p=22777"},"modified":"2022-10-08T11:47:10","modified_gmt":"2022-10-08T14:47:10","slug":"avanzan-iniciativas-de-mejoramiento-del-centro-de-salud-familiar-de-aysen","status":"publish","type":"post","link":"https:\/\/radiorevelacionfm.cl\/?p=22777","title":{"rendered":"Avanzan iniciativas de mejoramiento del Centro de Salud Familiar de Ays\u00e9n"},"content":{"rendered":"<div class=\"flex_column av_one_full  flex_column_div av-zero-column-padding first  avia-builder-el-0  el_before_av_one_full  avia-builder-el-first  \" style='border-radius:0px; '><div  class='avia-image-container  av-styling-    avia-builder-el-1  avia-builder-el-no-sibling  avia-align-center '  itemprop=\"image\" itemscope=\"itemscope\" itemtype=\"https:\/\/schema.org\/ImageObject\"  ><div class='avia-image-container-inner'><div class='avia-image-overlay-wrap'><img decoding=\"async\" class='wp-image-22778 avia-img-lazy-loading-not-22778 avia_image' src=\"https:\/\/radiorevelacionfm.cl\/wp-content\/uploads\/2022\/10\/whatsapp-image-2022-10-06-at-12_optimized.13.11-pm-1-1.jpeg\" alt='' title='whatsapp-image-2022-10-06-at-12_optimized.13.11-pm-(1)-(1)' height=\"600\" width=\"800\"  itemprop=\"thumbnailUrl\" srcset=\"https:\/\/radiorevelacionfm.cl\/wp-content\/uploads\/2022\/10\/whatsapp-image-2022-10-06-at-12_optimized.13.11-pm-1-1.jpeg 800w, https:\/\/radiorevelacionfm.cl\/wp-content\/uploads\/2022\/10\/whatsapp-image-2022-10-06-at-12_optimized.13.11-pm-1-1-300x225.jpeg 300w, https:\/\/radiorevelacionfm.cl\/wp-content\/uploads\/2022\/10\/whatsapp-image-2022-10-06-at-12_optimized.13.11-pm-1-1-768x576.jpeg 768w, https:\/\/radiorevelacionfm.cl\/wp-content\/uploads\/2022\/10\/whatsapp-image-2022-10-06-at-12_optimized.13.11-pm-1-1-705x529.jpeg 705w, https:\/\/radiorevelacionfm.cl\/wp-content\/uploads\/2022\/10\/whatsapp-image-2022-10-06-at-12_optimized.13.11-pm-1-1-600x450.jpeg 600w\" sizes=\"(max-width: 800px) 100vw, 800px\" \/><\/div><\/div><\/div><\/div><div class=\"flex_column av_one_full  flex_column_div av-zero-column-padding first  avia-builder-el-2  el_after_av_one_full  el_before_av_one_full  column-top-margin\" style='border-radius:0px; '><section class=\"av_textblock_section \"  itemscope=\"itemscope\" itemtype=\"https:\/\/schema.org\/BlogPosting\" itemprop=\"blogPost\" ><div class='avia_textblock  '   itemprop=\"text\" ><p style=\"text-align: center;\"><span style=\"font-size: 18pt;\"><b>Avanzan iniciativas de mejoramiento del Centro de Salud Familiar de Ays\u00e9n<\/b><\/span><\/p>\n<div id=\"gtx-trans\" style=\"position: absolute; left: -50px; top: 4.31534px;\">\n<div class=\"gtx-trans-icon\"><\/div>\n<\/div>\n<\/div><\/section><\/div><div class=\"flex_column av_one_full  flex_column_div av-zero-column-padding first  avia-builder-el-4  el_after_av_one_full  el_before_av_hr  column-top-margin\" style='border-radius:0px; '><section class=\"av_textblock_section \"  itemscope=\"itemscope\" itemtype=\"https:\/\/schema.org\/BlogPosting\" itemprop=\"blogPost\" ><div class='avia_textblock  '   itemprop=\"text\" ><p style=\"font-weight: 400; text-align: justify;\">Este jueves se realiz\u00f3 en el CESFAM de Puerto Ays\u00e9n la reuni\u00f3n mensual programada entre el Servicio de Salud y los funcionarios del establecimiento, conversaci\u00f3n cuyo objetivo es dar cuenta del avance de las iniciativas destinadas a mejorar las condiciones del establecimiento y con ello entregar un espacio m\u00e1s digno para las trabajadoras, trabajadores y usuarios.<\/p>\n<p style=\"font-weight: 400; text-align: justify;\">En la instancia se inform\u00f3 respecto a los trabajos desarrollados en la caldera del recinto. Adem\u00e1s, se entregaron plazos de ejecuci\u00f3n de nuevas obras como la planta de agua, envolvente t\u00e9rmica y sistema el\u00e9ctrico. \u201cLa gente se sinti\u00f3 satisfecha, hay muchas obras que ya est\u00e1n en marcha y solamente faltan los tiempos porque son largos, los presupuestos, el proceso de los proyectos, pero por lo menos nos da la tranquilidad de que el Servicio de Salud est\u00e1 preocupado por esta situaci\u00f3n y que ya est\u00e1 poniendo en marcha que se pueda concretar todo a futuro\u201d, se\u00f1al\u00f3 tras la reuni\u00f3n Mabel Olavarr\u00eda, Presidenta de la Fenats Puerto Ays\u00e9n.<\/p>\n<p style=\"font-weight: 400; text-align: justify;\">Las iniciativas que se est\u00e1n desarrollando en el establecimiento implican inversiones del Ministerio de Salud como de recursos propios del Servicio y buscan satisfacer necesidades detectadas por los propios funcionarios y usuarios.<\/p>\n<p style=\"font-weight: 400; text-align: justify;\">\u201cHay buenas noticias, tenemos iniciativas concretas en tema el\u00e9ctrico, planta de agua, envolvente t\u00e9rmica, proyectos que van a beneficiar a este establecimiento a fin de a\u00f1o y primer trimestre del pr\u00f3ximo. Esto va a permitir que el invierno pr\u00f3ximo tengamos las condiciones que merecemos y entregarles a los usuarios con mayor dignidad y un mejor funcionamiento del CESFAM\u201d, agreg\u00f3 Andr\u00e9s Mansilla Chiguay, jefe del Subdepartamento de Recursos F\u00edsicos del SSA.<\/p>\n<p style=\"font-weight: 400; text-align: justify;\">Seg\u00fan lo expuesto en la reuni\u00f3n, los trabajos desarrollados en la caldera del recinto estar\u00edan ad-portas de ser entregados para dar mayor confort a las trabajadoras, trabajadores y a quienes asisten al recinto asistencial.<\/p>\n<p style=\"font-weight: 400; text-align: justify;\">El Director (S) del Servicio de Salud Ays\u00e9n, Mauricio Cort\u00e9s Molina, destac\u00f3 el trabajo colaborativo desarrollado e indic\u00f3 que \u201cfue una reuni\u00f3n muy gratificante ya que pudimos informar de los avances comprometidos con el CESFAM de Ays\u00e9n. Vamos a seguir trabajando con las comunidades y trabajadores porque el desaf\u00edo de la Salud lo tenemos que construir entre todos\u201d.<\/p>\n<p style=\"font-weight: 400; text-align: justify;\">En la conversaci\u00f3n adem\u00e1s se presentaron los avances en el proyecto que permitir\u00e1, en los pr\u00f3ximos a\u00f1os, la construcci\u00f3n de un nuevo recinto que cumplir\u00e1 con los est\u00e1ndares actuales en materia de Salud, siempre pensando en el beneficio de la comunidad aysenina.<\/p>\n<\/div><\/section><\/div><div  style='height:50px' class='hr hr-invisible   avia-builder-el-6  el_after_av_one_full  el_before_av_social_share '><span class='hr-inner ' ><span class='hr-inner-style'><\/span><\/span><\/div><\/p>\n<div  class='av-social-sharing-box  avia-builder-el-7  el_after_av_hr  el_before_av_hr  '><div class='av-share-box'><h5 class='av-share-link-description av-no-toc '>Compartir esta noticia<\/h5><ul class='av-share-box-list noLightbox'><li class='av-share-link av-social-link-facebook' ><a target=\"_blank\" aria-label=\"Compartir en Facebook\" href='https:\/\/www.facebook.com\/sharer.php?u=https:\/\/radiorevelacionfm.cl\/?p=22777&#038;t=Avanzan%20iniciativas%20de%20mejoramiento%20del%20Centro%20de%20Salud%20Familiar%20de%20Ays%C3%A9n' aria-hidden='false' data-av_icon='\ue8f3' data-av_iconfont='entypo-fontello' title='' data-avia-related-tooltip='Compartir en Facebook' rel=\"noopener\"><span class='avia_hidden_link_text'>Compartir en Facebook<\/span><\/a><\/li><li class='av-share-link av-social-link-twitter' ><a target=\"_blank\" aria-label=\"Compartir en Twitter\" href='https:\/\/twitter.com\/share?text=Avanzan%20iniciativas%20de%20mejoramiento%20del%20Centro%20de%20Salud%20Familiar%20de%20Ays%C3%A9n&#038;url=https:\/\/radiorevelacionfm.cl\/?p=22777' aria-hidden='false' data-av_icon='\ue8f1' data-av_iconfont='entypo-fontello' title='' data-avia-related-tooltip='Compartir en Twitter' rel=\"noopener\"><span class='avia_hidden_link_text'>Compartir en Twitter<\/span><\/a><\/li><li class='av-share-link av-social-link-whatsapp' ><a target=\"_blank\" aria-label=\"Compartir en Whatsapp\" href='https:\/\/api.whatsapp.com\/send?text=https:\/\/radiorevelacionfm.cl\/?p=22777' aria-hidden='false' data-av_icon='\uf232' data-av_iconfont='entypo-fontello' title='' data-avia-related-tooltip='Compartir en Whatsapp' rel=\"noopener\"><span class='avia_hidden_link_text'>Compartir en Whatsapp<\/span><\/a><\/li><li class='av-share-link av-social-link-linkedin' ><a target=\"_blank\" aria-label=\"Compartir en LinkedIn\" href='https:\/\/linkedin.com\/shareArticle?mini=true&#038;title=Avanzan%20iniciativas%20de%20mejoramiento%20del%20Centro%20de%20Salud%20Familiar%20de%20Ays%C3%A9n&#038;url=https:\/\/radiorevelacionfm.cl\/?p=22777' aria-hidden='false' data-av_icon='\ue8fc' data-av_iconfont='entypo-fontello' title='' data-avia-related-tooltip='Compartir en LinkedIn' rel=\"noopener\"><span class='avia_hidden_link_text'>Compartir en LinkedIn<\/span><\/a><\/li><li class='av-share-link av-social-link-mail' ><a  aria-label=\"Compartir por correo\" href='mailto:?subject=Avanzan%20iniciativas%20de%20mejoramiento%20del%20Centro%20de%20Salud%20Familiar%20de%20Ays%C3%A9n&#038;body=https:\/\/radiorevelacionfm.cl\/?p=22777' aria-hidden='false' data-av_icon='\ue805' data-av_iconfont='entypo-fontello' title='' data-avia-related-tooltip='Compartir por correo'><span class='avia_hidden_link_text'>Compartir por correo<\/span><\/a><\/li><\/ul><\/div><\/div>\n<div  style='height:50px' class='hr hr-invisible   avia-builder-el-8  el_after_av_social_share  el_before_av_comments_list '><span class='hr-inner ' ><span class='hr-inner-style'><\/span><\/span><\/div>\n<div  class='av-buildercomment  av-blog-meta-html-info-disabled av-blog-meta-tag-disabled  '><\/div>\n","protected":false},"excerpt":{"rendered":"","protected":false},"author":1,"featured_media":22778,"comment_status":"open","ping_status":"open","sticky":false,"template":"","format":"standard","meta":{"footnotes":""},"categories":[46],"tags":[],"class_list":["post-22777","post","type-post","status-publish","format-standard","has-post-thumbnail","hentry","category-salud"],"jetpack_featured_media_url":"https:\/\/radiorevelacionfm.cl\/wp-content\/uploads\/2022\/10\/whatsapp-image-2022-10-06-at-12_optimized.13.11-pm-1-1.jpeg","_links":{"self":[{"href":"https:\/\/radiorevelacionfm.cl\/index.php?rest_route=\/wp\/v2\/posts\/22777","targetHints":{"allow":["GET"]}}],"collection":[{"href":"https:\/\/radiorevelacionfm.cl\/index.php?rest_route=\/wp\/v2\/posts"}],"about":[{"href":"https:\/\/radiorevelacionfm.cl\/index.php?rest_route=\/wp\/v2\/types\/post"}],"author":[{"embeddable":true,"href":"https:\/\/radiorevelacionfm.cl\/index.php?rest_route=\/wp\/v2\/users\/1"}],"replies":[{"embeddable":true,"href":"https:\/\/radiorevelacionfm.cl\/index.php?rest_route=%2Fwp%2Fv2%2Fcomments&post=22777"}],"version-history":[{"count":2,"href":"https:\/\/radiorevelacionfm.cl\/index.php?rest_route=\/wp\/v2\/posts\/22777\/revisions"}],"predecessor-version":[{"id":22804,"href":"https:\/\/radiorevelacionfm.cl\/index.php?rest_route=\/wp\/v2\/posts\/22777\/revisions\/22804"}],"wp:featuredmedia":[{"embeddable":true,"href":"https:\/\/radiorevelacionfm.cl\/index.php?rest_route=\/wp\/v2\/media\/22778"}],"wp:attachment":[{"href":"https:\/\/radiorevelacionfm.cl\/index.php?rest_route=%2Fwp%2Fv2%2Fmedia&parent=22777"}],"wp:term":[{"taxonomy":"category","embeddable":true,"href":"https:\/\/radiorevelacionfm.cl\/index.php?rest_route=%2Fwp%2Fv2%2Fcategories&post=22777"},{"taxonomy":"post_tag","embeddable":true,"href":"https:\/\/radiorevelacionfm.cl\/index.php?rest_route=%2Fwp%2Fv2%2Ftags&post=22777"}],"curies":[{"name":"wp","href":"https:\/\/api.w.org\/{rel}","templated":true}]}}