{"id":22773,"date":"2022-10-07T17:33:11","date_gmt":"2022-10-07T20:33:11","guid":{"rendered":"https:\/\/radiorevelacionfm.cl\/?p=22773"},"modified":"2022-10-07T17:33:11","modified_gmt":"2022-10-07T20:33:11","slug":"anuncian-pronto-inicio-de-temporada-de-pesca-recreativa-para-la-region-de-aysen","status":"publish","type":"post","link":"https:\/\/radiorevelacionfm.cl\/?p=22773","title":{"rendered":"Anuncian pronto inicio de temporada de pesca recreativa para la regi\u00f3n de Ays\u00e9n"},"content":{"rendered":"<div class=\"flex_column av_one_full  flex_column_div av-zero-column-padding first  avia-builder-el-0  el_before_av_one_full  avia-builder-el-first  \" style='border-radius:0px; '><div  class='avia-image-container  av-styling-    avia-builder-el-1  avia-builder-el-no-sibling  avia-align-center '  itemprop=\"image\" itemscope=\"itemscope\" itemtype=\"https:\/\/schema.org\/ImageObject\"  ><div class='avia-image-container-inner'><div class='avia-image-overlay-wrap'><img decoding=\"async\" class='wp-image-22774 avia-img-lazy-loading-not-22774 avia_image' src=\"https:\/\/radiorevelacionfm.cl\/wp-content\/uploads\/2022\/10\/1-2022-10-07T154301.135-1-1.jpg\" alt='' title='1 - 2022-10-07T154301.135 (1) (1)' height=\"600\" width=\"1067\"  itemprop=\"thumbnailUrl\" srcset=\"https:\/\/radiorevelacionfm.cl\/wp-content\/uploads\/2022\/10\/1-2022-10-07T154301.135-1-1.jpg 1067w, https:\/\/radiorevelacionfm.cl\/wp-content\/uploads\/2022\/10\/1-2022-10-07T154301.135-1-1-300x169.jpg 300w, https:\/\/radiorevelacionfm.cl\/wp-content\/uploads\/2022\/10\/1-2022-10-07T154301.135-1-1-1030x579.jpg 1030w, https:\/\/radiorevelacionfm.cl\/wp-content\/uploads\/2022\/10\/1-2022-10-07T154301.135-1-1-768x432.jpg 768w, https:\/\/radiorevelacionfm.cl\/wp-content\/uploads\/2022\/10\/1-2022-10-07T154301.135-1-1-705x396.jpg 705w, https:\/\/radiorevelacionfm.cl\/wp-content\/uploads\/2022\/10\/1-2022-10-07T154301.135-1-1-600x337.jpg 600w\" sizes=\"(max-width: 1067px) 100vw, 1067px\" \/><\/div><\/div><\/div><\/div>\n<div class=\"flex_column av_one_full  flex_column_div av-zero-column-padding first  avia-builder-el-2  el_after_av_one_full  el_before_av_one_full  column-top-margin\" style='border-radius:0px; '><section class=\"av_textblock_section \"  itemscope=\"itemscope\" itemtype=\"https:\/\/schema.org\/BlogPosting\" itemprop=\"blogPost\" ><div class='avia_textblock  '   itemprop=\"text\" ><p style=\"text-align: center;\"><span style=\"font-size: 18pt;\"><b>Anuncian pronto inicio de temporada de pesca recreativa para la regi\u00f3n de Ays\u00e9n<\/b><\/span><\/p>\n<div id=\"gtx-trans\" style=\"position: absolute; left: -50px; top: 4.31534px;\">\n<div class=\"gtx-trans-icon\"><\/div>\n<\/div>\n<\/div><\/section><\/div><div class=\"flex_column av_one_full  flex_column_div av-zero-column-padding first  avia-builder-el-4  el_after_av_one_full  el_before_av_hr  column-top-margin\" style='border-radius:0px; '><section class=\"av_textblock_section \"  itemscope=\"itemscope\" itemtype=\"https:\/\/schema.org\/BlogPosting\" itemprop=\"blogPost\" ><div class='avia_textblock  '   itemprop=\"text\" ><p style=\"font-weight: 400; text-align: justify;\">En el marco del Programa Especial de Aguas Continentales, que busca resguardar la actividad de pesca recreativa, el Servicio Nacional de Pesca y Acuicultura (SERNAPESCA) mantuvo acciones de fiscalizaci\u00f3n en r\u00edos, lagunas y lagos, durante la temporada de veda biol\u00f3gica que proh\u00edbe la captura o extracci\u00f3n de salm\u00f3nidos con el fin de proteger los procesos de reproducci\u00f3n de la especie. Del mismo modo, para esta nueva temporada se mantendr\u00e1n fiscalizaciones con el fin de que se respeten las medidas de administraci\u00f3n y el porte de licencia impresa o digital.<\/p>\n<p style=\"font-weight: 400; text-align: justify;\">La temporada 2022 de pesca recreativa en la regi\u00f3n de Ays\u00e9n se inicia con devoluci\u00f3n en r\u00edos y lagos, a excepci\u00f3n de la especie salm\u00f3n\u00a0chinook, cuya captura se permite desde el\u00a012 de octubre al 15 de enero\u00a0(2 ejemplares por jornada de pesca). A partir del\u00a010 noviembre\u00a0se abre la temporada con captura en los\u00a0lagos\u00a0de la regi\u00f3n y desde el\u00a01\u00b0 de diciembre\u00a0para los\u00a0r\u00edos\u00a0(3 piezas por d\u00eda o un equivalente a 15 kilogramos).<\/p>\n<p style=\"font-weight: 400; text-align: justify;\">Junto con informar el inicio de la temporada, Tom\u00e1s Manriquez, Director Regional (s) de SERNAPESCA Ays\u00e9n, hizo un llamado a la responsabilidad para prevenir malas pr\u00e1cticas que vayan en contra de la actividad de pesca recreativa. \u201cEntendiendo que este es un trabajo que requiere de una corresponsabilidad p\u00fablica y privada, es de gran importancia respetar las medidas de administraci\u00f3n de la pesca recreativa para que sea una actividad sustentable, y asimismo, hacemos un llamado a mantener los cuidados necesarios para evitar la propagaci\u00f3n del Didymo, mediante acciones de desinfecci\u00f3n de los medios utilizados en la pesca,\u201d a\u00f1adi\u00f3.<\/p>\n<p style=\"font-weight: 400; text-align: justify;\">Para evitar la propagaci\u00f3n del Didymo (microalga que afecta paisaj\u00edsticamente y altera el ecosistema), desde SERNAPESCA recuerdan que se debe remover, lavar y secar todos los aparejos de pesca, botes, remos, botas, trajes de agua, ruedas de veh\u00edculos o carros, etc. con una soluci\u00f3n de agua con detergente lavaloza al 5%. Es decir, por cada litro de agua, se debe utilizar 50 ml de lavaloza. La soluci\u00f3n de limpieza no debe ser devuelta al r\u00edo, lago o laguna despu\u00e9s de utilizarlo.<\/p>\n<p style=\"font-weight: 400; text-align: justify;\">Las personas que quieran adquirir la licencia de pesca recreativa deben ingresar al link\u00a0<a href=\"https:\/\/pescarecreativa.sernapesca.cl\/\" data-saferedirecturl=\"https:\/\/www.google.com\/url?q=https:\/\/pescarecreativa.sernapesca.cl&amp;source=gmail&amp;ust=1665252944295000&amp;usg=AOvVaw2EVMue2ojHH9Mnk-g5kVQS\">https:\/\/pescarecreativa.sernapesca.cl<\/a>\u00a0o ir hasta la oficina de SERNAPESCA m\u00e1s cercana. Si la compra fue a trav\u00e9s de la p\u00e1gina web, debe descargar la licencia e imprimirla o tenerla en el celular en caso de ser fiscalizado por funcionarios de SERNAPESCA, personal de la Armada o Carabineros de Chile.<\/p>\n<\/div><\/section><\/div><\/p>\n<div  style='height:50px' class='hr hr-invisible   avia-builder-el-6  el_after_av_one_full  el_before_av_social_share '><span class='hr-inner ' ><span class='hr-inner-style'><\/span><\/span><\/div>\n<div  class='av-social-sharing-box  avia-builder-el-7  el_after_av_hr  el_before_av_hr  '><div class='av-share-box'><h5 class='av-share-link-description av-no-toc '>Compartir esta noticia<\/h5><ul class='av-share-box-list noLightbox'><li class='av-share-link av-social-link-facebook' ><a target=\"_blank\" aria-label=\"Compartir en Facebook\" href='https:\/\/www.facebook.com\/sharer.php?u=https:\/\/radiorevelacionfm.cl\/?p=22773&#038;t=Anuncian%20pronto%20inicio%20de%20temporada%20de%20pesca%20recreativa%20para%20la%20regi%C3%B3n%20de%20Ays%C3%A9n' aria-hidden='false' data-av_icon='\ue8f3' data-av_iconfont='entypo-fontello' title='' data-avia-related-tooltip='Compartir en Facebook' rel=\"noopener\"><span class='avia_hidden_link_text'>Compartir en Facebook<\/span><\/a><\/li><li class='av-share-link av-social-link-twitter' ><a target=\"_blank\" aria-label=\"Compartir en Twitter\" href='https:\/\/twitter.com\/share?text=Anuncian%20pronto%20inicio%20de%20temporada%20de%20pesca%20recreativa%20para%20la%20regi%C3%B3n%20de%20Ays%C3%A9n&#038;url=https:\/\/radiorevelacionfm.cl\/?p=22773' aria-hidden='false' data-av_icon='\ue8f1' data-av_iconfont='entypo-fontello' title='' data-avia-related-tooltip='Compartir en Twitter' rel=\"noopener\"><span class='avia_hidden_link_text'>Compartir en Twitter<\/span><\/a><\/li><li class='av-share-link av-social-link-whatsapp' ><a target=\"_blank\" aria-label=\"Compartir en Whatsapp\" href='https:\/\/api.whatsapp.com\/send?text=https:\/\/radiorevelacionfm.cl\/?p=22773' aria-hidden='false' data-av_icon='\uf232' data-av_iconfont='entypo-fontello' title='' data-avia-related-tooltip='Compartir en Whatsapp' rel=\"noopener\"><span class='avia_hidden_link_text'>Compartir en Whatsapp<\/span><\/a><\/li><li class='av-share-link av-social-link-linkedin' ><a target=\"_blank\" aria-label=\"Compartir en LinkedIn\" href='https:\/\/linkedin.com\/shareArticle?mini=true&#038;title=Anuncian%20pronto%20inicio%20de%20temporada%20de%20pesca%20recreativa%20para%20la%20regi%C3%B3n%20de%20Ays%C3%A9n&#038;url=https:\/\/radiorevelacionfm.cl\/?p=22773' aria-hidden='false' data-av_icon='\ue8fc' data-av_iconfont='entypo-fontello' title='' data-avia-related-tooltip='Compartir en LinkedIn' rel=\"noopener\"><span class='avia_hidden_link_text'>Compartir en LinkedIn<\/span><\/a><\/li><li class='av-share-link av-social-link-mail' ><a  aria-label=\"Compartir por correo\" href='mailto:?subject=Anuncian%20pronto%20inicio%20de%20temporada%20de%20pesca%20recreativa%20para%20la%20regi%C3%B3n%20de%20Ays%C3%A9n&#038;body=https:\/\/radiorevelacionfm.cl\/?p=22773' aria-hidden='false' data-av_icon='\ue805' data-av_iconfont='entypo-fontello' title='' data-avia-related-tooltip='Compartir por correo'><span class='avia_hidden_link_text'>Compartir por correo<\/span><\/a><\/li><\/ul><\/div><\/div>\n<div  style='height:50px' class='hr hr-invisible   avia-builder-el-8  el_after_av_social_share  el_before_av_comments_list '><span class='hr-inner ' ><span class='hr-inner-style'><\/span><\/span><\/div>\n<div  class='av-buildercomment  av-blog-meta-html-info-disabled av-blog-meta-tag-disabled  '><\/div>\n","protected":false},"excerpt":{"rendered":"","protected":false},"author":1,"featured_media":22774,"comment_status":"open","ping_status":"open","sticky":false,"template":"","format":"standard","meta":{"footnotes":""},"categories":[60],"tags":[],"class_list":["post-22773","post","type-post","status-publish","format-standard","has-post-thumbnail","hentry","category-pesca"],"jetpack_featured_media_url":"https:\/\/radiorevelacionfm.cl\/wp-content\/uploads\/2022\/10\/1-2022-10-07T154301.135-1-1.jpg","_links":{"self":[{"href":"https:\/\/radiorevelacionfm.cl\/index.php?rest_route=\/wp\/v2\/posts\/22773","targetHints":{"allow":["GET"]}}],"collection":[{"href":"https:\/\/radiorevelacionfm.cl\/index.php?rest_route=\/wp\/v2\/posts"}],"about":[{"href":"https:\/\/radiorevelacionfm.cl\/index.php?rest_route=\/wp\/v2\/types\/post"}],"author":[{"embeddable":true,"href":"https:\/\/radiorevelacionfm.cl\/index.php?rest_route=\/wp\/v2\/users\/1"}],"replies":[{"embeddable":true,"href":"https:\/\/radiorevelacionfm.cl\/index.php?rest_route=%2Fwp%2Fv2%2Fcomments&post=22773"}],"version-history":[{"count":3,"href":"https:\/\/radiorevelacionfm.cl\/index.php?rest_route=\/wp\/v2\/posts\/22773\/revisions"}],"predecessor-version":[{"id":22787,"href":"https:\/\/radiorevelacionfm.cl\/index.php?rest_route=\/wp\/v2\/posts\/22773\/revisions\/22787"}],"wp:featuredmedia":[{"embeddable":true,"href":"https:\/\/radiorevelacionfm.cl\/index.php?rest_route=\/wp\/v2\/media\/22774"}],"wp:attachment":[{"href":"https:\/\/radiorevelacionfm.cl\/index.php?rest_route=%2Fwp%2Fv2%2Fmedia&parent=22773"}],"wp:term":[{"taxonomy":"category","embeddable":true,"href":"https:\/\/radiorevelacionfm.cl\/index.php?rest_route=%2Fwp%2Fv2%2Fcategories&post=22773"},{"taxonomy":"post_tag","embeddable":true,"href":"https:\/\/radiorevelacionfm.cl\/index.php?rest_route=%2Fwp%2Fv2%2Ftags&post=22773"}],"curies":[{"name":"wp","href":"https:\/\/api.w.org\/{rel}","templated":true}]}}