{"id":22769,"date":"2022-10-07T15:20:24","date_gmt":"2022-10-07T18:20:24","guid":{"rendered":"https:\/\/radiorevelacionfm.cl\/?p=22769"},"modified":"2022-10-07T15:20:24","modified_gmt":"2022-10-07T18:20:24","slug":"gobernadora-macias-realiza-trabajo-territorial-en-la-comuna-de-cochrane","status":"publish","type":"post","link":"https:\/\/radiorevelacionfm.cl\/?p=22769","title":{"rendered":"Gobernadora Mac\u00edas realiza trabajo territorial en la comuna de Cochrane"},"content":{"rendered":"<div class=\"flex_column av_one_full  flex_column_div av-zero-column-padding first  avia-builder-el-0  el_before_av_one_full  avia-builder-el-first  \" style='border-radius:0px; '><div  class='avia-image-container  av-styling-    avia-builder-el-1  avia-builder-el-no-sibling  avia-align-center '  itemprop=\"image\" itemscope=\"itemscope\" itemtype=\"https:\/\/schema.org\/ImageObject\"  ><div class='avia-image-container-inner'><div class='avia-image-overlay-wrap'><img decoding=\"async\" class='wp-image-22770 avia-img-lazy-loading-not-22770 avia_image' src=\"https:\/\/radiorevelacionfm.cl\/wp-content\/uploads\/2022\/10\/WhatsApp-Image-2022-10-04-at-1.06.34-PM-1-1.jpeg\" alt='' title='WhatsApp Image 2022-10-04 at 1.06.34 PM (1) (1)' height=\"600\" width=\"900\"  itemprop=\"thumbnailUrl\" srcset=\"https:\/\/radiorevelacionfm.cl\/wp-content\/uploads\/2022\/10\/WhatsApp-Image-2022-10-04-at-1.06.34-PM-1-1.jpeg 900w, https:\/\/radiorevelacionfm.cl\/wp-content\/uploads\/2022\/10\/WhatsApp-Image-2022-10-04-at-1.06.34-PM-1-1-300x200.jpeg 300w, https:\/\/radiorevelacionfm.cl\/wp-content\/uploads\/2022\/10\/WhatsApp-Image-2022-10-04-at-1.06.34-PM-1-1-768x512.jpeg 768w, https:\/\/radiorevelacionfm.cl\/wp-content\/uploads\/2022\/10\/WhatsApp-Image-2022-10-04-at-1.06.34-PM-1-1-705x470.jpeg 705w, https:\/\/radiorevelacionfm.cl\/wp-content\/uploads\/2022\/10\/WhatsApp-Image-2022-10-04-at-1.06.34-PM-1-1-600x400.jpeg 600w\" sizes=\"(max-width: 900px) 100vw, 900px\" \/><\/div><\/div><\/div><\/div><div class=\"flex_column av_one_full  flex_column_div av-zero-column-padding first  avia-builder-el-2  el_after_av_one_full  el_before_av_one_full  column-top-margin\" style='border-radius:0px; '><section class=\"av_textblock_section \"  itemscope=\"itemscope\" itemtype=\"https:\/\/schema.org\/BlogPosting\" itemprop=\"blogPost\" ><div class='avia_textblock  '   itemprop=\"text\" ><p style=\"text-align: center;\"><strong><span style=\"font-size: 18pt;\">Gobernadora Mac\u00edas realiza trabajo territorial en la comuna de Cochrane<\/span><\/strong><\/p>\n<div id=\"gtx-trans\" style=\"position: absolute; left: -50px; top: 4.31534px;\">\n<div class=\"gtx-trans-icon\"><\/div>\n<\/div>\n<\/div><\/section><\/div><div class=\"flex_column av_one_full  flex_column_div av-zero-column-padding first  avia-builder-el-4  el_after_av_one_full  el_before_av_hr  column-top-margin\" style='border-radius:0px; '><section class=\"av_textblock_section \"  itemscope=\"itemscope\" itemtype=\"https:\/\/schema.org\/BlogPosting\" itemprop=\"blogPost\" ><div class='avia_textblock  '   itemprop=\"text\" ><p dir=\"ltr\" style=\"text-align: justify;\">La Gobernadora Regional, Andrea Mac\u00edas Palma, junto al jefe de la Divisi\u00f3n de Planificaci\u00f3n y Desarrollo Regional (Diplade), Francisco Lara, asistieron a m\u00faltiples actividades junto al alcalde de Cochrane, Jorge Calder\u00f3n, y los Consejeros de la Provincia de Capit\u00e1n Prat, Jorge Abello y V\u00edctor Escobar.<\/p>\n<p dir=\"ltr\" style=\"text-align: justify;\">Dentro de las iniciativas efectuadas, compartieron y dialogaron con distintas organizaciones, fue dictada una charla de educaci\u00f3n c\u00edvica, e hicieron pruebas de internet satelital, continuando con la ruta Starlink, para evaluar una nueva posibilidad de conectividad digital e iluminar zonas.<\/p>\n<p dir=\"ltr\" style=\"text-align: justify;\">Siguiendo el trabajo territorial, durante la primera jornada, la Gobernadora y el jefe de Planificaci\u00f3n y Desarrollo Regional llevaron a cabo una charla de educaci\u00f3n c\u00edvica y de participaci\u00f3n ciudadana en el Liceo Bicentenario Austral Lord Cochrane. En la instancia, donde asistieron estudiantes desde s\u00e9ptimo a cuarto medio, informaron sobre el rol y funcionamiento del Gobierno Regional de Ays\u00e9n. Durante la exposici\u00f3n estuvieron presentes el alcalde Jorge Calder\u00f3n y el Consejero Regional, Jorge Abello.<\/p>\n<p dir=\"ltr\" style=\"text-align: justify;\">\u00abCreo que es algo que se debiese sostenerse en el tiempo, creo que la educaci\u00f3n c\u00edvica es algo que falta en nuestro curr\u00edculum. Si bien hay una normativa vigente en tanto a lo que es la formaci\u00f3n ciudadana, s\u00f3lo se imparte en los niveles de tercero y cuarto medio\u00bb, dijo la directora del establecimiento, Erika Salinas, que agradeci\u00f3 la exposici\u00f3n educativa.<\/p>\n<p dir=\"ltr\" style=\"text-align: justify;\">La Gobernadora detall\u00f3 el funcionamiento del Gobierno Regional, considerando cada una de sus divisiones, la gesti\u00f3n administrativa de recursos y la labor en terreno. Adem\u00e1s, se enfatiz\u00f3 en la participaci\u00f3n c\u00edvica ciudadana y, para ello, desarrollaron una din\u00e1mica grupal donde expusieron las dudas e ideas.<\/p>\n<p dir=\"ltr\" style=\"text-align: justify;\">El alcalde manifest\u00f3 que los colegios o liceos son un espacio de di\u00e1logo importante y que los j\u00f3venes \u00abson el presente y, por lo tanto, escuchar sus opiniones, poder compartir con ellos, estar con ellos, es un proceso tambi\u00e9n para nosotros como autoridades de aprendizaje, y tambi\u00e9n de intercambio\u00bb, indic\u00f3 la autoridad local.<\/p>\n<p dir=\"ltr\" style=\"text-align: justify;\"><strong>Ruta Starlink\u00a0<\/strong><\/p>\n<p dir=\"ltr\" style=\"text-align: justify;\">Las labores siguieron con las pruebas de conectividad de la antena Starlink. La Gobernadora Regional, Andrea Mac\u00edas Palma, el alcalde de Cochrane, Jorge Calder\u00f3n, y el Consejero Regional, V\u00edctor Escobar, se trasladaron hasta el mirador del glaciar Calluqueo. Desde ah\u00ed las autoridades realizaron transmisiones en vivo a trav\u00e9s de redes sociales y videollamadas. \u00abEst\u00e1bamos sin se\u00f1al y gracias a Starlink y al Gobierno Regional y su equipo pudimos tener comunicaci\u00f3n con nuestros familiares, con nuestros amigos (&#8230;) Es un gran sue\u00f1o poder estar tan aislado y poder tener conectividad\u00bb, dijo el Consejero de la Provincia de Capit\u00e1n Prat, V\u00edctor Escobar.<\/p>\n<p dir=\"ltr\" style=\"text-align: justify;\">La Gobernadora, Andrea Mac\u00edas Palma, destac\u00f3 el hito donde relev\u00f3 la importancia que representa el lograr resultados positivos al probar la se\u00f1al satelital, debido a que abre alternativas para las personas.<\/p>\n<p dir=\"ltr\" style=\"text-align: justify;\">\u00abQueremos avanzar con los municipios en poder iluminar las zonas donde todav\u00eda la conectividad digital no es factible y, sobre todo, pensando en mejorar los accesos a temas como salud, como la telemedicina y la educaci\u00f3n\u00bb, expres\u00f3 la autoridad.<\/p>\n<p dir=\"ltr\" style=\"text-align: justify;\">Al tratarse de un punto tur\u00edstico, el alcalde Jorge Calder\u00f3n recalc\u00f3 la importancia de poder contar con conexi\u00f3n a internet, tanto para los visitantes como para trabajadores del sector. Sobre el la prueba efectuada dijo que \u00abnos ha permitido probar una tecnolog\u00eda\u00a0 que perfectamente, a trav\u00e9s de distintas instancias colaborativas, puede generar un proyecto que permita, por ejemplo, llevar la posibilidad de iluminar digitalmente distintas localidades, distintos sectores de la Regi\u00f3n de Ays\u00e9n\u00bb.<\/p>\n<p dir=\"ltr\" style=\"text-align: justify;\"><strong>Mejoramiento en la recolecci\u00f3n de residuos\u00a0<\/strong><\/p>\n<p dir=\"ltr\" style=\"text-align: justify;\">Desde hace un tiempo el Gobierno Regional y el municipio trabajaron en una mejora para el proceso de recolecci\u00f3n de residuos domiciliarios:\u00a0 670 contenedores de basura entregaron las autoridades a la comunidad. Esta inversi\u00f3n, por parte del Gobierno Regional fue superior a $40 millones de pesos. Adem\u00e1s, a finales de octubre se entregar\u00e1 un cami\u00f3n recolector de basura, inversi\u00f3n que fue de $127 millones de pesos.<\/p>\n<p dir=\"ltr\" style=\"text-align: justify;\">\u00abEs un momento importante para la comuna de Cochrane, en este caso para lo que tiene que ver con la gesti\u00f3n de residuos s\u00f3lidos (&#8230;) esto se enmarca en un proyecto un poco m\u00e1s grande. Hay un cami\u00f3n recolector, que ya nos anunci\u00f3 la Gobernadora que ya est\u00e1 en Chile y que en el mes de octubre deber\u00eda estar ac\u00e1\u00bb, dijo el Consejero Regional Jorge Abello, que estuvo presente al igual que su par V\u00edctor Escobar.<\/p>\n<p dir=\"ltr\" style=\"text-align: justify;\">Casi la mitad de los hogares de Cochrane tendr\u00e1n basureros de 120 litros para depositar los residuos.. En una primera instancia, entregaron 120 contenedores a dos comit\u00e9s de vivienda: Nuevo Horizonte y Vuelo Patag\u00f3n. \u00abEstamos tremendamente contentos, porque hoy simbolizamos de alguna manera un cambio sustancial en c\u00f3mo tratamos nuestra basura, nuestros residuos domiciliarios en Cochrane\u00bb, dijo el alcalde de Cochrane, Jorge Calder\u00f3n.<\/p>\n<p dir=\"ltr\" style=\"text-align: justify;\">Al finalizar el d\u00eda, la Gobernadora junto al jefe de la Divisi\u00f3n de Planificaci\u00f3n y Desarrollo Regional, Francisco Lara, fueron a la faena de la Corporaci\u00f3n Nacional Forestal (CONAF). All\u00ed con el jefe provincial, Eugenio Ruiz, vieron el proceso de cultivo de \u00e1rboles nativos hasta su transformaci\u00f3n en madera.<\/p>\n<p dir=\"ltr\" style=\"text-align: justify;\">Durante la siguiente jornada de trabajo territorial, la Gobernadora Regional visit\u00f3 el proyecto municipal: \u00abConstrucci\u00f3n Bodega Municipal\u00bb, estaci\u00f3n base del nuevo cami\u00f3n recolector de basura que llegar\u00e1 a la comuna en el transcurso del mes.<\/p>\n<p dir=\"ltr\" style=\"text-align: justify;\">El trabajo territorial continu\u00f3, la Gobernadora Regional junto al alcalde estuvieron reunidos con las y los representantes de la Agrupaci\u00f3n Gremial R\u00edo Baker para abordar soluciones respecto a las problem\u00e1ticas del gremio productivo de la lana. Adem\u00e1s, conversaron con las y los representantes del Comit\u00e9 Rural de Electrificaci\u00f3n R\u00edo Esmeralda para resolver dudas del proyecto.<\/p>\n<\/div><\/section><\/div><div  style='height:50px' class='hr hr-invisible   avia-builder-el-6  el_after_av_one_full  el_before_av_social_share '><span class='hr-inner ' ><span class='hr-inner-style'><\/span><\/span><\/div><\/p>\n<div  class='av-social-sharing-box  avia-builder-el-7  el_after_av_hr  el_before_av_hr  '><div class='av-share-box'><h5 class='av-share-link-description av-no-toc '>Compartir esta noticia<\/h5><ul class='av-share-box-list noLightbox'><li class='av-share-link av-social-link-facebook' ><a target=\"_blank\" aria-label=\"Compartir en Facebook\" href='https:\/\/www.facebook.com\/sharer.php?u=https:\/\/radiorevelacionfm.cl\/?p=22769&#038;t=Gobernadora%20Mac%C3%ADas%20realiza%20trabajo%20territorial%20en%20la%20comuna%20de%20Cochrane' aria-hidden='false' data-av_icon='\ue8f3' data-av_iconfont='entypo-fontello' title='' data-avia-related-tooltip='Compartir en Facebook' rel=\"noopener\"><span class='avia_hidden_link_text'>Compartir en Facebook<\/span><\/a><\/li><li class='av-share-link av-social-link-twitter' ><a target=\"_blank\" aria-label=\"Compartir en Twitter\" href='https:\/\/twitter.com\/share?text=Gobernadora%20Mac%C3%ADas%20realiza%20trabajo%20territorial%20en%20la%20comuna%20de%20Cochrane&#038;url=https:\/\/radiorevelacionfm.cl\/?p=22769' aria-hidden='false' data-av_icon='\ue8f1' data-av_iconfont='entypo-fontello' title='' data-avia-related-tooltip='Compartir en Twitter' rel=\"noopener\"><span class='avia_hidden_link_text'>Compartir en Twitter<\/span><\/a><\/li><li class='av-share-link av-social-link-whatsapp' ><a target=\"_blank\" aria-label=\"Compartir en Whatsapp\" href='https:\/\/api.whatsapp.com\/send?text=https:\/\/radiorevelacionfm.cl\/?p=22769' aria-hidden='false' data-av_icon='\uf232' data-av_iconfont='entypo-fontello' title='' data-avia-related-tooltip='Compartir en Whatsapp' rel=\"noopener\"><span class='avia_hidden_link_text'>Compartir en Whatsapp<\/span><\/a><\/li><li class='av-share-link av-social-link-linkedin' ><a target=\"_blank\" aria-label=\"Compartir en LinkedIn\" href='https:\/\/linkedin.com\/shareArticle?mini=true&#038;title=Gobernadora%20Mac%C3%ADas%20realiza%20trabajo%20territorial%20en%20la%20comuna%20de%20Cochrane&#038;url=https:\/\/radiorevelacionfm.cl\/?p=22769' aria-hidden='false' data-av_icon='\ue8fc' data-av_iconfont='entypo-fontello' title='' data-avia-related-tooltip='Compartir en LinkedIn' rel=\"noopener\"><span class='avia_hidden_link_text'>Compartir en LinkedIn<\/span><\/a><\/li><li class='av-share-link av-social-link-mail' ><a  aria-label=\"Compartir por correo\" href='mailto:?subject=Gobernadora%20Mac%C3%ADas%20realiza%20trabajo%20territorial%20en%20la%20comuna%20de%20Cochrane&#038;body=https:\/\/radiorevelacionfm.cl\/?p=22769' aria-hidden='false' data-av_icon='\ue805' data-av_iconfont='entypo-fontello' title='' data-avia-related-tooltip='Compartir por correo'><span class='avia_hidden_link_text'>Compartir por correo<\/span><\/a><\/li><\/ul><\/div><\/div>\n<div  style='height:50px' class='hr hr-invisible   avia-builder-el-8  el_after_av_social_share  el_before_av_comments_list '><span class='hr-inner ' ><span class='hr-inner-style'><\/span><\/span><\/div>\n<div  class='av-buildercomment  av-blog-meta-html-info-disabled av-blog-meta-tag-disabled  '><\/div>\n","protected":false},"excerpt":{"rendered":"","protected":false},"author":1,"featured_media":22770,"comment_status":"open","ping_status":"open","sticky":false,"template":"","format":"standard","meta":{"footnotes":""},"categories":[38],"tags":[],"class_list":["post-22769","post","type-post","status-publish","format-standard","has-post-thumbnail","hentry","category-regional"],"jetpack_featured_media_url":"https:\/\/radiorevelacionfm.cl\/wp-content\/uploads\/2022\/10\/WhatsApp-Image-2022-10-04-at-1.06.34-PM-1-1.jpeg","_links":{"self":[{"href":"https:\/\/radiorevelacionfm.cl\/index.php?rest_route=\/wp\/v2\/posts\/22769","targetHints":{"allow":["GET"]}}],"collection":[{"href":"https:\/\/radiorevelacionfm.cl\/index.php?rest_route=\/wp\/v2\/posts"}],"about":[{"href":"https:\/\/radiorevelacionfm.cl\/index.php?rest_route=\/wp\/v2\/types\/post"}],"author":[{"embeddable":true,"href":"https:\/\/radiorevelacionfm.cl\/index.php?rest_route=\/wp\/v2\/users\/1"}],"replies":[{"embeddable":true,"href":"https:\/\/radiorevelacionfm.cl\/index.php?rest_route=%2Fwp%2Fv2%2Fcomments&post=22769"}],"version-history":[{"count":2,"href":"https:\/\/radiorevelacionfm.cl\/index.php?rest_route=\/wp\/v2\/posts\/22769\/revisions"}],"predecessor-version":[{"id":22772,"href":"https:\/\/radiorevelacionfm.cl\/index.php?rest_route=\/wp\/v2\/posts\/22769\/revisions\/22772"}],"wp:featuredmedia":[{"embeddable":true,"href":"https:\/\/radiorevelacionfm.cl\/index.php?rest_route=\/wp\/v2\/media\/22770"}],"wp:attachment":[{"href":"https:\/\/radiorevelacionfm.cl\/index.php?rest_route=%2Fwp%2Fv2%2Fmedia&parent=22769"}],"wp:term":[{"taxonomy":"category","embeddable":true,"href":"https:\/\/radiorevelacionfm.cl\/index.php?rest_route=%2Fwp%2Fv2%2Fcategories&post=22769"},{"taxonomy":"post_tag","embeddable":true,"href":"https:\/\/radiorevelacionfm.cl\/index.php?rest_route=%2Fwp%2Fv2%2Ftags&post=22769"}],"curies":[{"name":"wp","href":"https:\/\/api.w.org\/{rel}","templated":true}]}}