{"id":22764,"date":"2022-10-07T20:08:21","date_gmt":"2022-10-07T23:08:21","guid":{"rendered":"https:\/\/radiorevelacionfm.cl\/?p=22764"},"modified":"2022-10-07T20:08:21","modified_gmt":"2022-10-07T23:08:21","slug":"corfo-abre-convocatoria-2023-para-pymes-interesadas-en-generar-alianzas-comerciales-con-alemania","status":"publish","type":"post","link":"https:\/\/radiorevelacionfm.cl\/?p=22764","title":{"rendered":"Corfo abre convocatoria 2023 para pymes interesadas en generar alianzas comerciales con Alemania"},"content":{"rendered":"<div class=\"flex_column av_one_full  flex_column_div av-zero-column-padding first  avia-builder-el-0  el_before_av_one_full  avia-builder-el-first  \" style='border-radius:0px; '><div  class='avia-image-container  av-styling-    avia-builder-el-1  avia-builder-el-no-sibling  avia-align-center '  itemprop=\"image\" itemscope=\"itemscope\" itemtype=\"https:\/\/schema.org\/ImageObject\"  ><div class='avia-image-container-inner'><div class='avia-image-overlay-wrap'><img decoding=\"async\" class='wp-image-22765 avia-img-lazy-loading-not-22765 avia_image' src=\"https:\/\/radiorevelacionfm.cl\/wp-content\/uploads\/2022\/10\/221007-pexels-pixabay-161849-1_optimized.jpg\" alt='' title='221007-pexels-pixabay-161849-(1)_optimized' height=\"600\" width=\"896\"  itemprop=\"thumbnailUrl\" srcset=\"https:\/\/radiorevelacionfm.cl\/wp-content\/uploads\/2022\/10\/221007-pexels-pixabay-161849-1_optimized.jpg 896w, https:\/\/radiorevelacionfm.cl\/wp-content\/uploads\/2022\/10\/221007-pexels-pixabay-161849-1_optimized-300x201.jpg 300w, https:\/\/radiorevelacionfm.cl\/wp-content\/uploads\/2022\/10\/221007-pexels-pixabay-161849-1_optimized-768x514.jpg 768w, https:\/\/radiorevelacionfm.cl\/wp-content\/uploads\/2022\/10\/221007-pexels-pixabay-161849-1_optimized-705x472.jpg 705w, https:\/\/radiorevelacionfm.cl\/wp-content\/uploads\/2022\/10\/221007-pexels-pixabay-161849-1_optimized-600x402.jpg 600w\" sizes=\"(max-width: 896px) 100vw, 896px\" \/><\/div><\/div><\/div><\/div><div class=\"flex_column av_one_full  flex_column_div av-zero-column-padding first  avia-builder-el-2  el_after_av_one_full  el_before_av_one_full  column-top-margin\" style='border-radius:0px; '><section class=\"av_textblock_section \"  itemscope=\"itemscope\" itemtype=\"https:\/\/schema.org\/BlogPosting\" itemprop=\"blogPost\" ><div class='avia_textblock  '   itemprop=\"text\" ><p style=\"text-align: center;\"><span style=\"font-size: 18pt;\"><b><span lang=\"ES\">Corfo abre convocatoria 2023 para pymes interesadas en generar alianzas comerciales con Alemania<\/span><\/b><\/span><\/p>\n<div id=\"gtx-trans\" style=\"position: absolute; left: -50px; top: 4.31534px;\">\n<div class=\"gtx-trans-icon\"><\/div>\n<\/div>\n<\/div><\/section><\/div><div class=\"flex_column av_one_full  flex_column_div av-zero-column-padding first  avia-builder-el-4  el_after_av_one_full  el_before_av_hr  column-top-margin\" style='border-radius:0px; '><section class=\"av_textblock_section \"  itemscope=\"itemscope\" itemtype=\"https:\/\/schema.org\/BlogPosting\" itemprop=\"blogPost\" ><div class='avia_textblock  '   itemprop=\"text\" ><p style=\"font-weight: 400; text-align: justify;\">Hasta 60 cupos anuales considera la versi\u00f3n 2023 del programa \u201c<a href=\"https:\/\/sway.office.com\/ktvqehwcqW7cCpou?ref=LinkedIn\" data-saferedirecturl=\"https:\/\/www.google.com\/url?q=https:\/\/sway.office.com\/ktvqehwcqW7cCpou?ref%3DLinkedIn&amp;source=gmail&amp;ust=1665243486491000&amp;usg=AOvVaw1Drlp5_aO5vwc88rrWtWrX\">Manager Training Programme \u2013 Fit for Partnership with Germany<\/a>\u201d, iniciativa implementada por Corfo, y que cuenta con el apoyo del Ministerio de Econom\u00eda y Energ\u00eda de Alemania, y el Ministerio de Econom\u00eda de Chile, y que es coordinada a nivel internacional por\u00a0<a href=\"https:\/\/www.giz.de\/en\/worldwide\/24902.html\" data-saferedirecturl=\"https:\/\/www.google.com\/url?q=https:\/\/www.giz.de\/en\/worldwide\/24902.html&amp;source=gmail&amp;ust=1665243486491000&amp;usg=AOvVaw0DluzLlS4vC-CUzTOwPDRa\">la agencia alemana para la cooperaci\u00f3n internacional, GIZ<\/a>.<\/p>\n<p style=\"font-weight: 400; text-align: justify;\">Para este primer llamado, los ejes centrales a evaluar consideran temas como protecci\u00f3n del clima, transici\u00f3n energ\u00e9tica, econom\u00eda circular y eficiencia en el uso de los recursos, los que han sido el centro de atenci\u00f3n pol\u00edtica desde hace algunos a\u00f1os, tanto en Alemania como en el resto del mundo. Si bien se trata de tem\u00e1ticas prioritarias, lo anterior no excluye la posibilidad de postular con proyectos que tengan focos distintos.<\/p>\n<p style=\"font-weight: 400; text-align: justify;\">Claudio Maggi, Gerente de Asuntos Corporativos de Corfo destac\u00f3 que \u201cen el escenario mundial las llamadas tecnolog\u00edas verdes, han experimentado un enorme crecimiento. \u00c9stas incluyen productos, procesos y servicios que sirven para proteger el medio ambiente y minimizar el consumo de recursos. Por eso esta versi\u00f3n ofrece la posibilidad de unirse al grupo GreenTech (l\u00edderes en tecnolog\u00edas verdes y ambientales), y tambi\u00e9n vincularlos con fabricantes y consultor\u00edas de Alemania\u201d.<\/p>\n<p style=\"font-weight: 400; text-align: justify;\">Agreg\u00f3 que \u201cen un contexto en que las pymes se han visto sumamente afectadas y han debido reconvertirse para enfrentar esta crisis, el cambio al programa online logr\u00f3 una buena recepci\u00f3n de los participantes. La innovaci\u00f3n y la posibilidad de conocer otras experiencias y recibir entrenamiento de primer nivel para internacionalizar y expandir sus negocios en el mercado alem\u00e1n, siguen presentes y por eso desde Corfo hacemos un llamado a participar de esta convocatoria que apoya el desarrollo de las empresas para que sigan siendo un aporte en la reactivaci\u00f3n econ\u00f3mica\u201d.<\/p>\n<p style=\"font-weight: 400; text-align: justify;\"><strong>PROGRAMA<\/strong><\/p>\n<p style=\"font-weight: 400; text-align: justify;\">La convocatoria, cuyas postulaciones estar\u00e1n disponibles hasta el 02 de noviembre de este a\u00f1o en\u00a0<a href=\"http:\/\/www.corfo.cl\/\" data-saferedirecturl=\"https:\/\/www.google.com\/url?q=http:\/\/www.corfo.cl&amp;source=gmail&amp;ust=1665243486491000&amp;usg=AOvVaw1gp3tNa6OLKKuDowwWusaJ\">www.corfo.cl<\/a>, est\u00e1 dirigida a gerentes\/as o ejecutivos\/as con un nivel de ingl\u00e9s avanzado, con facultades para negociar en nombre de su empresa, y que trabajen en peque\u00f1as y medianas empresas chilenas con potencial en comercio exterior.<\/p>\n<p style=\"font-weight: 400; text-align: justify;\">Las pymes seleccionadas por el programa podr\u00e1n establecer relaciones de negocio con empresarios\/as alemanes con quienes construir relaciones de largo plazo, a trav\u00e9s de capacitaciones pr\u00e1cticas en negociaci\u00f3n, en t\u00e9cnicas de gesti\u00f3n e intercambio de ideas, adem\u00e1s de visitas virtuales a empresas de este pa\u00eds y reuniones business-to-business.<\/p>\n<p style=\"font-weight: 400; text-align: justify;\">Esta nueva versi\u00f3n online, que durar\u00e1 8 semanas, incluir\u00e1 clases tres d\u00edas a la semana y ser\u00e1 liderado y desarrollado por un centro de entrenamiento especializado en Alemania. Tras esta capacitaci\u00f3n, se generar\u00e1 un\u00a0seguimiento de los\/as egresados\/as, para luego hacer un cierre en Alemania con una estad\u00eda de dos semanas, oportunidad donde los\/as participantes entrar\u00e1n en contacto personal con representantes de la comunidad empresarial alemana.<\/p>\n<p style=\"font-weight: 400; text-align: justify;\"><strong>DATOS RELEVANTES<\/strong><\/p>\n<p style=\"font-weight: 400; text-align: justify;\">Desde 2017 a la fecha, Fit for Partnership with Germany ha contado con 870 postulantes y 242 Gerentes\/as de Pymes nacionales egresados\/as, 47 de las cuales son mujeres.<\/p>\n<p style=\"font-weight: 400; text-align: justify;\">La gran mayor\u00eda de los\/as empresarios\/as participantes del programa han destacado c\u00f3mo han generado cambios en sus empresas, especialmente en nuevos m\u00e9todos o pr\u00e1cticas organizacionales.<\/p>\n<p style=\"font-weight: 400; text-align: justify;\">Para m\u00e1s informaci\u00f3n y postulaciones ingresar a\u00a0<a href=\"http:\/\/www.bit.ly\/f4pchile\" data-saferedirecturl=\"https:\/\/www.google.com\/url?q=http:\/\/www.bit.ly\/f4pchile&amp;source=gmail&amp;ust=1665243486491000&amp;usg=AOvVaw3CwDOW0MHg6UlIbGJYgtW6\">www.bit.ly\/f4pchile<\/a>.<\/p>\n<\/div><\/section><\/div><div  style='height:50px' class='hr hr-invisible   avia-builder-el-6  el_after_av_one_full  el_before_av_social_share '><span class='hr-inner ' ><span class='hr-inner-style'><\/span><\/span><\/div><\/p>\n<div  class='av-social-sharing-box  avia-builder-el-7  el_after_av_hr  el_before_av_hr  '><div class='av-share-box'><h5 class='av-share-link-description av-no-toc '>Compartir esta noticia<\/h5><ul class='av-share-box-list noLightbox'><li class='av-share-link av-social-link-facebook' ><a target=\"_blank\" aria-label=\"Compartir en Facebook\" href='https:\/\/www.facebook.com\/sharer.php?u=https:\/\/radiorevelacionfm.cl\/?p=22764&#038;t=Corfo%20abre%20convocatoria%202023%20para%20pymes%20interesadas%20en%20generar%20alianzas%20comerciales%20con%20Alemania' aria-hidden='false' data-av_icon='\ue8f3' data-av_iconfont='entypo-fontello' title='' data-avia-related-tooltip='Compartir en Facebook' rel=\"noopener\"><span class='avia_hidden_link_text'>Compartir en Facebook<\/span><\/a><\/li><li class='av-share-link av-social-link-twitter' ><a target=\"_blank\" aria-label=\"Compartir en Twitter\" href='https:\/\/twitter.com\/share?text=Corfo%20abre%20convocatoria%202023%20para%20pymes%20interesadas%20en%20generar%20alianzas%20comerciales%20con%20Alemania&#038;url=https:\/\/radiorevelacionfm.cl\/?p=22764' aria-hidden='false' data-av_icon='\ue8f1' data-av_iconfont='entypo-fontello' title='' data-avia-related-tooltip='Compartir en Twitter' rel=\"noopener\"><span class='avia_hidden_link_text'>Compartir en Twitter<\/span><\/a><\/li><li class='av-share-link av-social-link-whatsapp' ><a target=\"_blank\" aria-label=\"Compartir en Whatsapp\" href='https:\/\/api.whatsapp.com\/send?text=https:\/\/radiorevelacionfm.cl\/?p=22764' aria-hidden='false' data-av_icon='\uf232' data-av_iconfont='entypo-fontello' title='' data-avia-related-tooltip='Compartir en Whatsapp' rel=\"noopener\"><span class='avia_hidden_link_text'>Compartir en Whatsapp<\/span><\/a><\/li><li class='av-share-link av-social-link-linkedin' ><a target=\"_blank\" aria-label=\"Compartir en LinkedIn\" href='https:\/\/linkedin.com\/shareArticle?mini=true&#038;title=Corfo%20abre%20convocatoria%202023%20para%20pymes%20interesadas%20en%20generar%20alianzas%20comerciales%20con%20Alemania&#038;url=https:\/\/radiorevelacionfm.cl\/?p=22764' aria-hidden='false' data-av_icon='\ue8fc' data-av_iconfont='entypo-fontello' title='' data-avia-related-tooltip='Compartir en LinkedIn' rel=\"noopener\"><span class='avia_hidden_link_text'>Compartir en LinkedIn<\/span><\/a><\/li><li class='av-share-link av-social-link-mail' ><a  aria-label=\"Compartir por correo\" href='mailto:?subject=Corfo%20abre%20convocatoria%202023%20para%20pymes%20interesadas%20en%20generar%20alianzas%20comerciales%20con%20Alemania&#038;body=https:\/\/radiorevelacionfm.cl\/?p=22764' aria-hidden='false' data-av_icon='\ue805' data-av_iconfont='entypo-fontello' title='' data-avia-related-tooltip='Compartir por correo'><span class='avia_hidden_link_text'>Compartir por correo<\/span><\/a><\/li><\/ul><\/div><\/div>\n<div  style='height:50px' class='hr hr-invisible   avia-builder-el-8  el_after_av_social_share  el_before_av_comments_list '><span class='hr-inner ' ><span class='hr-inner-style'><\/span><\/span><\/div>\n<div  class='av-buildercomment  av-blog-meta-html-info-disabled av-blog-meta-tag-disabled  '><\/div>\n","protected":false},"excerpt":{"rendered":"","protected":false},"author":1,"featured_media":22765,"comment_status":"open","ping_status":"open","sticky":false,"template":"","format":"standard","meta":{"footnotes":""},"categories":[61],"tags":[],"class_list":["post-22764","post","type-post","status-publish","format-standard","has-post-thumbnail","hentry","category-nacional"],"jetpack_featured_media_url":"https:\/\/radiorevelacionfm.cl\/wp-content\/uploads\/2022\/10\/221007-pexels-pixabay-161849-1_optimized.jpg","_links":{"self":[{"href":"https:\/\/radiorevelacionfm.cl\/index.php?rest_route=\/wp\/v2\/posts\/22764","targetHints":{"allow":["GET"]}}],"collection":[{"href":"https:\/\/radiorevelacionfm.cl\/index.php?rest_route=\/wp\/v2\/posts"}],"about":[{"href":"https:\/\/radiorevelacionfm.cl\/index.php?rest_route=\/wp\/v2\/types\/post"}],"author":[{"embeddable":true,"href":"https:\/\/radiorevelacionfm.cl\/index.php?rest_route=\/wp\/v2\/users\/1"}],"replies":[{"embeddable":true,"href":"https:\/\/radiorevelacionfm.cl\/index.php?rest_route=%2Fwp%2Fv2%2Fcomments&post=22764"}],"version-history":[{"count":2,"href":"https:\/\/radiorevelacionfm.cl\/index.php?rest_route=\/wp\/v2\/posts\/22764\/revisions"}],"predecessor-version":[{"id":22800,"href":"https:\/\/radiorevelacionfm.cl\/index.php?rest_route=\/wp\/v2\/posts\/22764\/revisions\/22800"}],"wp:featuredmedia":[{"embeddable":true,"href":"https:\/\/radiorevelacionfm.cl\/index.php?rest_route=\/wp\/v2\/media\/22765"}],"wp:attachment":[{"href":"https:\/\/radiorevelacionfm.cl\/index.php?rest_route=%2Fwp%2Fv2%2Fmedia&parent=22764"}],"wp:term":[{"taxonomy":"category","embeddable":true,"href":"https:\/\/radiorevelacionfm.cl\/index.php?rest_route=%2Fwp%2Fv2%2Fcategories&post=22764"},{"taxonomy":"post_tag","embeddable":true,"href":"https:\/\/radiorevelacionfm.cl\/index.php?rest_route=%2Fwp%2Fv2%2Ftags&post=22764"}],"curies":[{"name":"wp","href":"https:\/\/api.w.org\/{rel}","templated":true}]}}