{"id":22761,"date":"2022-10-07T16:06:46","date_gmt":"2022-10-07T19:06:46","guid":{"rendered":"https:\/\/radiorevelacionfm.cl\/?p=22761"},"modified":"2022-10-07T16:06:46","modified_gmt":"2022-10-07T19:06:46","slug":"mop-presenta-ley-corta-para-mejorar-gestion-de-servicios-sanitarios-rurales-que-benefician-a-mas-de-2-millones-de-personas-a-nivel-nacional","status":"publish","type":"post","link":"https:\/\/radiorevelacionfm.cl\/?p=22761","title":{"rendered":"MOP presenta ley corta para mejorar gesti\u00f3n de servicios sanitarios rurales que benefician a m\u00e1s de 2 millones de personas a nivel nacional"},"content":{"rendered":"<div class=\"flex_column av_one_full  flex_column_div av-zero-column-padding first  avia-builder-el-0  el_before_av_one_full  avia-builder-el-first  \" style='border-radius:0px; '><div  class='avia-image-container  av-styling-    avia-builder-el-1  avia-builder-el-no-sibling  avia-align-center '  itemprop=\"image\" itemscope=\"itemscope\" itemtype=\"https:\/\/schema.org\/ImageObject\"  ><div class='avia-image-container-inner'><div class='avia-image-overlay-wrap'><img decoding=\"async\" class='wp-image-22762 avia-img-lazy-loading-not-22762 avia_image' src=\"https:\/\/radiorevelacionfm.cl\/wp-content\/uploads\/2022\/10\/2-1-1-1-1_optimized.jpg\" alt='' title='2-1-(1)-(1)-(1)_optimized' height=\"600\" width=\"1067\"  itemprop=\"thumbnailUrl\" srcset=\"https:\/\/radiorevelacionfm.cl\/wp-content\/uploads\/2022\/10\/2-1-1-1-1_optimized.jpg 1067w, https:\/\/radiorevelacionfm.cl\/wp-content\/uploads\/2022\/10\/2-1-1-1-1_optimized-300x169.jpg 300w, https:\/\/radiorevelacionfm.cl\/wp-content\/uploads\/2022\/10\/2-1-1-1-1_optimized-1030x579.jpg 1030w, https:\/\/radiorevelacionfm.cl\/wp-content\/uploads\/2022\/10\/2-1-1-1-1_optimized-768x432.jpg 768w, https:\/\/radiorevelacionfm.cl\/wp-content\/uploads\/2022\/10\/2-1-1-1-1_optimized-705x396.jpg 705w, https:\/\/radiorevelacionfm.cl\/wp-content\/uploads\/2022\/10\/2-1-1-1-1_optimized-600x337.jpg 600w\" sizes=\"(max-width: 1067px) 100vw, 1067px\" \/><\/div><\/div><\/div><\/div><div class=\"flex_column av_one_full  flex_column_div av-zero-column-padding first  avia-builder-el-2  el_after_av_one_full  el_before_av_one_full  column-top-margin\" style='border-radius:0px; '><section class=\"av_textblock_section \"  itemscope=\"itemscope\" itemtype=\"https:\/\/schema.org\/BlogPosting\" itemprop=\"blogPost\" ><div class='avia_textblock  '   itemprop=\"text\" ><p style=\"text-align: center;\"><strong><span style=\"font-size: 18pt;\">MOP presenta ley corta para mejorar gesti\u00f3n de servicios sanitarios rurales que benefician a m\u00e1s de 2 millones de personas a nivel nacional<\/span><\/strong><\/p>\n<div id=\"gtx-trans\" style=\"position: absolute; left: -50px; top: 4.31534px;\">\n<div class=\"gtx-trans-icon\"><\/div>\n<\/div>\n<\/div><\/section><\/div><div class=\"flex_column av_one_full  flex_column_div av-zero-column-padding first  avia-builder-el-4  el_after_av_one_full  el_before_av_hr  column-top-margin\" style='border-radius:0px; '><section class=\"av_textblock_section \"  itemscope=\"itemscope\" itemtype=\"https:\/\/schema.org\/BlogPosting\" itemprop=\"blogPost\" ><div class='avia_textblock  '   itemprop=\"text\" ><p style=\"text-align: justify;\">El ministro de Obras P\u00fablicas, Juan Carlos Garc\u00eda, expuso ante la Comisi\u00f3n de Obras P\u00fablicas del Senado el Proyecto de Ley corta que busca modificar la Ley N\u00b020.998 que regula los Servicios Sanitarios Rurales (Tambi\u00e9n conocidos como APR), con el objetivo de flexibilizar su implementaci\u00f3n en atenci\u00f3n a la realidad de los 2.340 comit\u00e9s y cooperativas de APR que existen en nuestro pa\u00eds y que benefician a m\u00e1s de 2 millones 146 mil personas con el abastecimiento de agua potable.<\/p>\n<p style=\"text-align: justify;\">\u201cEn abril de este a\u00f1o, a trav\u00e9s de la Direcci\u00f3n de Obras Hidr\u00e1ulicas, comenzamos un proceso participativo con las diferentes agrupaciones de agua potable rural del pa\u00eds para escuchar y conocer las inquietudes y dificultades que han tenido para acogerse a todos los aspectos relativos a la implementaci\u00f3n de esta Ley, es por ello que hemos presentado estas modificaciones legales que apuntan a mejorar los est\u00e1ndares de todos los Servicios Sanitarios Rurales del pa\u00eds\u201d, inform\u00f3 el ministro Juan Carlos Garc\u00eda durante su presentaci\u00f3n en el Congreso.<\/p>\n<p style=\"text-align: justify;\">En esa l\u00ednea, el Secretario de Estado, explic\u00f3 que: \u201cSe trata de una ley vigente desde noviembre del a\u00f1o 2020 que buscaba establecer deberes y derechos para mejorar la gesti\u00f3n de estos servicios, pero que producto de la pandemia y otras dificultades reglamentarias no se ha podido aplicar, pero que ahora buscamos mejorar a partir de un diagn\u00f3stico y un plan de trabajo conjunto\u201d.<\/p>\n<p style=\"text-align: justify;\">\u201cSabemos que se trata de modificaciones legales que son necesarias y que podemos trabajar en conjunto de manera progresiva para el beneficio de todas las personas\u201d, agreg\u00f3 el titular de MOP.<\/p>\n<p style=\"text-align: justify;\">As\u00ed lo refrend\u00f3 tambi\u00e9n el Director Regional de Obras Hidr\u00e1ulicas del MOP Francisco Real Bahamonde: \u201cse trata de modificaciones legales que son necesarias y que podemos trabajar en conjunto de manera progresiva para el beneficio de todas las personas, especialmente en nuestra regi\u00f3n de Ays\u00e9n, donde\u00a0hoy tenemos 46 servicios sanitarios, beneficiando a m\u00e1s\u00a0de 27.000 personas con el abastecimiento de agua potable rural\u201d.\u00a0\u00a0Por consiguiente, seguiremos viajando a los sectores donde tenemos servicios sanitarios rurales, acompa\u00f1ando y capacitando a los comit\u00e9s para que dentro del nuevo plazo podamos cumplir con la totalidad de ellos inscritos en el registro de operadores del MOP\u201d.<\/p>\n<p style=\"text-align: justify;\">La Ley corta presentada por el MOP, se encuentra actualmente en la Comisi\u00f3n de Obras P\u00fablicas del Senado, continuar\u00e1 con su presentaci\u00f3n en la Comisi\u00f3n de Recursos H\u00eddricos, luego en la Comisi\u00f3n de Hacienda y finalmente, pasar\u00e1 a votaci\u00f3n en sala general y particular, para posteriormente continuar su tr\u00e1mite legislativo en la C\u00e1mara de Diputadas y Diputados.<\/p>\n<p style=\"text-align: justify;\">Paralelamente al tr\u00e1mite legislativo, la Subdirecci\u00f3n de Servicios Sanitarios Rurales, conformar\u00e1 diferentes grupos de trabajo para coordinar el avance, la revisi\u00f3n de instructivos y los manuales para la implementaci\u00f3n de la Ley, a trav\u00e9s de una Mesa Nacional y Regional de Coordinaci\u00f3n Intersectorial, Mesas Nacionales y Regionales con los dirigentes de APR.<\/p>\n<p style=\"text-align: justify;\"><strong><u>MODIFICACIONES EN ART\u00cdCULOS TRANSITORIOS DE LA LEY N\u00b020.998<\/u><\/strong><\/p>\n<p style=\"text-align: justify;\">El proyecto de Ley corta contempla la modificaci\u00f3n de plazos y la flexibilizaci\u00f3n de los requisitos para la inscripci\u00f3n en el Registro de Operadores, aumentando en dos a\u00f1os el plazo de inscripci\u00f3n a contar del 20 de noviembre de 2022. Adicionalmente, se establece que la primera fijaci\u00f3n tarifaria se realizar\u00e1 en proporci\u00f3n a la clasificaci\u00f3n por segmentos, a partir del 20 de noviembre de 2024, para los segmentos mayor (601 a m\u00e1s arranques) y mediano (301 a 600 arranques), y a partir del a\u00f1o 2029 para el segmento menor (hasta 300 arranques).<\/p>\n<p style=\"text-align: justify;\">En materia de capacitaci\u00f3n y acompa\u00f1amiento, se establece la obligaci\u00f3n de la Subdirecci\u00f3n de Servicios Sanitarios Rurales del MOP de capacitar y acompa\u00f1ar a los comit\u00e9s y cooperativas en el proceso de implementaci\u00f3n de la Ley. En el mismo sentido, se contemplan capacitaciones por parte de la Superintendencia de Servicios Sanitarios.<\/p>\n<p style=\"text-align: justify;\">En relaci\u00f3n al plazo para la visaci\u00f3n de proyectos, se extienden los plazos a partir de noviembre 2023, para que la Subdirecci\u00f3n de Servicios Sanitarios realice la visaci\u00f3n de proyectos de otras instituciones del Estado.<\/p>\n<p style=\"text-align: justify;\">En cuanto a las elecciones de los Consejos Consultivos, se incorpora una pr\u00f3rroga que aumenta el plazo para la realizaci\u00f3n de las elecciones del Consejo Consultivo Nacional, de manera que \u00e9stas se realicen a m\u00e1s tardar el a\u00f1o 2024. En el caso de los Consejos Consultivos Regionales, se deber\u00e1n efectuar los llamados para las elecciones a m\u00e1s tardar el a\u00f1o 2023.<\/p>\n<p style=\"text-align: justify;\">Finalmente, se prorroga la fiscalizaci\u00f3n de la Superintendencia de Servicios Sanitarios a los APR, para el segmento mayor a partir del 20 de noviembre de 2024, el segmento mediano a partir del 20 de noviembre de 2025 y para el segmento menor a partir del 20 de noviembre de 2027.<\/p>\n<\/div><\/section><\/div><div  style='height:50px' class='hr hr-invisible   avia-builder-el-6  el_after_av_one_full  el_before_av_social_share '><span class='hr-inner ' ><span class='hr-inner-style'><\/span><\/span><\/div><\/p>\n<div  class='av-social-sharing-box  avia-builder-el-7  el_after_av_hr  el_before_av_hr  '><div class='av-share-box'><h5 class='av-share-link-description av-no-toc '>Compartir esta noticia<\/h5><ul class='av-share-box-list noLightbox'><li class='av-share-link av-social-link-facebook' ><a target=\"_blank\" aria-label=\"Compartir en Facebook\" href='https:\/\/www.facebook.com\/sharer.php?u=https:\/\/radiorevelacionfm.cl\/?p=22761&#038;t=MOP%20presenta%20ley%20corta%20para%20mejorar%20gesti%C3%B3n%20de%20servicios%20sanitarios%20rurales%20que%20benefician%20a%20m%C3%A1s%20de%202%20millones%20de%20personas%20a%20nivel%20nacional' aria-hidden='false' data-av_icon='\ue8f3' data-av_iconfont='entypo-fontello' title='' data-avia-related-tooltip='Compartir en Facebook' rel=\"noopener\"><span class='avia_hidden_link_text'>Compartir en Facebook<\/span><\/a><\/li><li class='av-share-link av-social-link-twitter' ><a target=\"_blank\" aria-label=\"Compartir en Twitter\" href='https:\/\/twitter.com\/share?text=MOP%20presenta%20ley%20corta%20para%20mejorar%20gesti%C3%B3n%20de%20servicios%20sanitarios%20rurales%20que%20benefician%20a%20m%C3%A1s%20de%202%20millones%20de%20personas%20a%20nivel%20nacional&#038;url=https:\/\/radiorevelacionfm.cl\/?p=22761' aria-hidden='false' data-av_icon='\ue8f1' data-av_iconfont='entypo-fontello' title='' data-avia-related-tooltip='Compartir en Twitter' rel=\"noopener\"><span class='avia_hidden_link_text'>Compartir en Twitter<\/span><\/a><\/li><li class='av-share-link av-social-link-whatsapp' ><a target=\"_blank\" aria-label=\"Compartir en Whatsapp\" href='https:\/\/api.whatsapp.com\/send?text=https:\/\/radiorevelacionfm.cl\/?p=22761' aria-hidden='false' data-av_icon='\uf232' data-av_iconfont='entypo-fontello' title='' data-avia-related-tooltip='Compartir en Whatsapp' rel=\"noopener\"><span class='avia_hidden_link_text'>Compartir en Whatsapp<\/span><\/a><\/li><li class='av-share-link av-social-link-linkedin' ><a target=\"_blank\" aria-label=\"Compartir en LinkedIn\" href='https:\/\/linkedin.com\/shareArticle?mini=true&#038;title=MOP%20presenta%20ley%20corta%20para%20mejorar%20gesti%C3%B3n%20de%20servicios%20sanitarios%20rurales%20que%20benefician%20a%20m%C3%A1s%20de%202%20millones%20de%20personas%20a%20nivel%20nacional&#038;url=https:\/\/radiorevelacionfm.cl\/?p=22761' aria-hidden='false' data-av_icon='\ue8fc' data-av_iconfont='entypo-fontello' title='' data-avia-related-tooltip='Compartir en LinkedIn' rel=\"noopener\"><span class='avia_hidden_link_text'>Compartir en LinkedIn<\/span><\/a><\/li><li class='av-share-link av-social-link-mail' ><a  aria-label=\"Compartir por correo\" href='mailto:?subject=MOP%20presenta%20ley%20corta%20para%20mejorar%20gesti%C3%B3n%20de%20servicios%20sanitarios%20rurales%20que%20benefician%20a%20m%C3%A1s%20de%202%20millones%20de%20personas%20a%20nivel%20nacional&#038;body=https:\/\/radiorevelacionfm.cl\/?p=22761' aria-hidden='false' data-av_icon='\ue805' data-av_iconfont='entypo-fontello' title='' data-avia-related-tooltip='Compartir por correo'><span class='avia_hidden_link_text'>Compartir por correo<\/span><\/a><\/li><\/ul><\/div><\/div>\n<div  style='height:50px' class='hr hr-invisible   avia-builder-el-8  el_after_av_social_share  el_before_av_comments_list '><span class='hr-inner ' ><span class='hr-inner-style'><\/span><\/span><\/div>\n<div  class='av-buildercomment  av-blog-meta-html-info-disabled av-blog-meta-tag-disabled  '><\/div>\n","protected":false},"excerpt":{"rendered":"","protected":false},"author":1,"featured_media":22762,"comment_status":"open","ping_status":"open","sticky":false,"template":"","format":"standard","meta":{"footnotes":""},"categories":[61],"tags":[],"class_list":["post-22761","post","type-post","status-publish","format-standard","has-post-thumbnail","hentry","category-nacional"],"jetpack_featured_media_url":"https:\/\/radiorevelacionfm.cl\/wp-content\/uploads\/2022\/10\/2-1-1-1-1_optimized.jpg","_links":{"self":[{"href":"https:\/\/radiorevelacionfm.cl\/index.php?rest_route=\/wp\/v2\/posts\/22761","targetHints":{"allow":["GET"]}}],"collection":[{"href":"https:\/\/radiorevelacionfm.cl\/index.php?rest_route=\/wp\/v2\/posts"}],"about":[{"href":"https:\/\/radiorevelacionfm.cl\/index.php?rest_route=\/wp\/v2\/types\/post"}],"author":[{"embeddable":true,"href":"https:\/\/radiorevelacionfm.cl\/index.php?rest_route=\/wp\/v2\/users\/1"}],"replies":[{"embeddable":true,"href":"https:\/\/radiorevelacionfm.cl\/index.php?rest_route=%2Fwp%2Fv2%2Fcomments&post=22761"}],"version-history":[{"count":2,"href":"https:\/\/radiorevelacionfm.cl\/index.php?rest_route=\/wp\/v2\/posts\/22761\/revisions"}],"predecessor-version":[{"id":22776,"href":"https:\/\/radiorevelacionfm.cl\/index.php?rest_route=\/wp\/v2\/posts\/22761\/revisions\/22776"}],"wp:featuredmedia":[{"embeddable":true,"href":"https:\/\/radiorevelacionfm.cl\/index.php?rest_route=\/wp\/v2\/media\/22762"}],"wp:attachment":[{"href":"https:\/\/radiorevelacionfm.cl\/index.php?rest_route=%2Fwp%2Fv2%2Fmedia&parent=22761"}],"wp:term":[{"taxonomy":"category","embeddable":true,"href":"https:\/\/radiorevelacionfm.cl\/index.php?rest_route=%2Fwp%2Fv2%2Fcategories&post=22761"},{"taxonomy":"post_tag","embeddable":true,"href":"https:\/\/radiorevelacionfm.cl\/index.php?rest_route=%2Fwp%2Fv2%2Ftags&post=22761"}],"curies":[{"name":"wp","href":"https:\/\/api.w.org\/{rel}","templated":true}]}}