{"id":22758,"date":"2022-10-07T14:47:45","date_gmt":"2022-10-07T17:47:45","guid":{"rendered":"https:\/\/radiorevelacionfm.cl\/?p=22758"},"modified":"2022-10-07T15:03:35","modified_gmt":"2022-10-07T18:03:35","slug":"emprendedora-de-guaitecas-participa-en-expoferia-que-reune-a-mas-de-70-mujeres-indigenas-en-santiago","status":"publish","type":"post","link":"https:\/\/radiorevelacionfm.cl\/?p=22758","title":{"rendered":"Emprendedora de Guaitecas participa en ExpoFeria Mujeres Ind\u00edgenas que re\u00fane a m\u00e1s de 70 exponentes en Santiago"},"content":{"rendered":"<div class=\"flex_column av_one_full  flex_column_div av-zero-column-padding first  avia-builder-el-0  el_before_av_one_full  avia-builder-el-first  \" style='border-radius:0px; '><div  class='avia-image-container  av-styling-    avia-builder-el-1  avia-builder-el-no-sibling  avia-align-center '  itemprop=\"image\" itemscope=\"itemscope\" itemtype=\"https:\/\/schema.org\/ImageObject\"  ><div class='avia-image-container-inner'><div class='avia-image-overlay-wrap'><img decoding=\"async\" class='wp-image-22759 avia-img-lazy-loading-not-22759 avia_image' src=\"https:\/\/radiorevelacionfm.cl\/wp-content\/uploads\/2022\/10\/expo-feria-5-1-1-1_optimized-1.jpg\" alt='' title='expo-feria-5-(1)-(1)-(1)_optimized (1)' height=\"600\" width=\"1297\"  itemprop=\"thumbnailUrl\" srcset=\"https:\/\/radiorevelacionfm.cl\/wp-content\/uploads\/2022\/10\/expo-feria-5-1-1-1_optimized-1.jpg 1297w, https:\/\/radiorevelacionfm.cl\/wp-content\/uploads\/2022\/10\/expo-feria-5-1-1-1_optimized-1-300x139.jpg 300w, https:\/\/radiorevelacionfm.cl\/wp-content\/uploads\/2022\/10\/expo-feria-5-1-1-1_optimized-1-1030x476.jpg 1030w, https:\/\/radiorevelacionfm.cl\/wp-content\/uploads\/2022\/10\/expo-feria-5-1-1-1_optimized-1-768x355.jpg 768w, https:\/\/radiorevelacionfm.cl\/wp-content\/uploads\/2022\/10\/expo-feria-5-1-1-1_optimized-1-705x326.jpg 705w, https:\/\/radiorevelacionfm.cl\/wp-content\/uploads\/2022\/10\/expo-feria-5-1-1-1_optimized-1-600x278.jpg 600w\" sizes=\"(max-width: 1297px) 100vw, 1297px\" \/><\/div><\/div><\/div><\/div>\n<div class=\"flex_column av_one_full  flex_column_div av-zero-column-padding first  avia-builder-el-2  el_after_av_one_full  el_before_av_one_full  column-top-margin\" style='border-radius:0px; '><section class=\"av_textblock_section \"  itemscope=\"itemscope\" itemtype=\"https:\/\/schema.org\/BlogPosting\" itemprop=\"blogPost\" ><div class='avia_textblock  '   itemprop=\"text\" ><p style=\"text-align: center;\"><strong><span style=\"font-size: 18pt;\">Emprendedora de Guaitecas participa en ExpoFeria Mujeres Ind\u00edgenas que re\u00fane a m\u00e1s de 70 exponentes en Santiago<\/span><\/strong><\/p>\n<div id=\"gtx-trans\" style=\"position: absolute; left: -50px; top: 4.31534px;\">\n<div class=\"gtx-trans-icon\"><\/div>\n<\/div>\n<\/div><\/section><\/div><div class=\"flex_column av_one_full  flex_column_div av-zero-column-padding first  avia-builder-el-4  el_after_av_one_full  el_before_av_hr  column-top-margin\" style='border-radius:0px; '><section class=\"av_textblock_section \"  itemscope=\"itemscope\" itemtype=\"https:\/\/schema.org\/BlogPosting\" itemprop=\"blogPost\" ><div class='avia_textblock  '   itemprop=\"text\" ><p style=\"text-align: justify;\">Se habilit\u00f3 un espacio de 1.200 metros cuadrados en plena Plaza de la Constituci\u00f3n. La gran carpa ubicada frente al Palacio de La Moneda alberga los 71 stands de las emprendedoras ind\u00edgenas seleccionadas para la novena versi\u00f3n de la ExpoFeria Mujeres Emprendedoras Ind\u00edgenas, el tradicional evento organizado por el Servicio Nacional de la Mujer y la Equidad de G\u00e9nero (SernamEG) y la Corporaci\u00f3n Nacional de Desarrollo Ind\u00edgena (CONADI).<\/p>\n<p style=\"text-align: justify;\">Luego de dos a\u00f1os sin realizarse debido a la pandemia, este jueves la ExpoFeria volvi\u00f3 de forma presencial y se inaugur\u00f3 con la participaci\u00f3n de la ministra de la Mujer y la Equidad de G\u00e9nero, Antonia Orellana: el ministro de Desarrollo Social y Familia, Giorgio Jackson; la ministra Secretaria General de Gobierno, Camila Vallejo; la Directora Nacional del SernamEG, Priscilla Carrasco Pizarro; y el Director Nacional de CONADI, Luis Penchuleo Morales.<\/p>\n<p style=\"text-align: justify;\">Las 71 emprendedoras seleccionadas son representantes de los pueblos Aymara, Quechua, Likan Antay, Colla, Diaguita, Chango, Rapanui, Mapuche, Kaw\u00e9sqar y Yag\u00e1n.<\/p>\n<p style=\"text-align: justify;\">\u201cEstamos muy contentas porque la ExpoFeria volvi\u00f3 de manera presencial a la Plaza de la Constituci\u00f3n. Las mujeres emprendedoras ind\u00edgenas que est\u00e1n ac\u00e1 son de las mejores exponentes de sus rubros, representantes de los 10 pueblos reconocidos por ley. Para nuestro Gobierno es fundamental el trabajo que ellas que desarrollan, ya que es un pilar muy importante en la reactivaci\u00f3n econ\u00f3mica luego de la pandemia. Quiero reiterar nuestro compromiso como Ministerio de la Mujer y la Equidad de G\u00e9nero de trabajar para y con la diversidad de mujeres que viven en Chile\u201d, afirm\u00f3 la ministra Antonia Orellana.<\/p>\n<p style=\"text-align: justify;\">El objetivo principal de esta instancia es visibilizar y relevar el rol de las mujeres emprendedoras ind\u00edgenas en el \u00e1mbito del desarrollo del turismo ind\u00edgena, promover y revitalizar las culturas y las artes de los 10 pueblos reconocidos por la Ley Ind\u00edgena 19.253. Esta feria tambi\u00e9n contribuye a fortalecer la autonom\u00eda econ\u00f3mica de las mujeres, pero tambi\u00e9n reactivar las econom\u00edas familiares afectadas por la pandemia por COVID-19.<\/p>\n<p style=\"text-align: justify;\">\u00abSi bien el 50% de la poblaci\u00f3n ind\u00edgena son mujeres, cerca del 65% de las postulantes a programas de fomento de producci\u00f3n CONADI son mujeres, lo que muestra tambi\u00e9n el empuje y la fuerza para encontrar c\u00f3mo darle la vuelta, no solamente el destino, sino a conseguir esa autonom\u00eda financiera que permite tener autonom\u00eda en otras \u00e1reas de la vida en general. En este tipo de programas de emprendimiento, en la dirigencia social, o lo que uno ve en los comit\u00e9s de vivienda o juntas de vecinos, vemos que ellas son las sacan la cara para preocuparse de lo com\u00fan, y por lo tanto, espero que eso vaya contagi\u00e1ndose cada vez m\u00e1s para que nuestra sociedad tambi\u00e9n vaya preocup\u00e1ndose de lo com\u00fan, del buen vivir\u00bb, agreg\u00f3 el ministro Giorgio Jackson.<\/p>\n<p style=\"text-align: justify;\">La ExpoFeria Mujeres Emprendedoras Ind\u00edgenas es un componente del \u00e1rea Mujer y Trabajo del SernamEG y del Departamento de Desarrollo Ind\u00edgena de CONADI. Para esta versi\u00f3n, postularon m\u00e1s de 400 mujeres emprendedoras, 350 de ellas por formulario online, formato estrenado este a\u00f1o para la convocatoria y que incentiva a las postulantes a la digitalizaci\u00f3n de sus procesos.<\/p>\n<p style=\"text-align: justify;\">\u201cEsta hermosa feria es fruto del compromiso de las funcionarias y los funcionarios del SernamEG, de CONADI, con las mujeres ind\u00edgenas de nuestro pa\u00eds. Es muy lindo volver a reencontrarnos despu\u00e9s de dos a\u00f1os de pandemia, de manera presencial, en lugar tan nuestro, de todos y todas, como lo es la Plaza de la Constituci\u00f3n. Espero que muchas personas, en sus horarios de almuerzo, el s\u00e1bado en familia, puedan visitar este espacio multicultural\u201d, reconoci\u00f3 la Directora Nacional del SernamEG, Priscilla Carrasco Pizarro.<\/p>\n<p style=\"text-align: justify;\">Por su parte, el Director Nacional de la Corporaci\u00f3n de Desarrollo Ind\u00edgena (CONADI), Luis Penchuleo Morales, viaj\u00f3 desde La Araucan\u00eda para asistir a la inauguraci\u00f3n de la ExpoFeria 2022, y afirm\u00f3 que \u201cEstamos muy contentos de haber organizado esta expo feria en que participan mujeres ind\u00edgenas representante de los 10 pueblos provenientes de todo el pa\u00eds, donde est\u00e1n mostrando sus mejores productos de distintos rubros, incluyendo este a\u00f1o el turismo\u201d, se\u00f1al\u00f3. A lo anterior agreg\u00f3 que \u201cesperamos que esta iniciativa sea un nuevo impulso econ\u00f3mico para quienes estuvieron parados por la pandemia y tambi\u00e9n una oportunidad para que todos conozcan la riqueza de estas culturas ancestrales, que se lleven a sus hogares productos que suman identidad y patrimonio de los pueblos ind\u00edgenas\u201d.<\/p>\n<p style=\"text-align: justify;\">En el caso de la representante de la regi\u00f3n de Ays\u00e9n, la emprendedora de la comuna de Las Guaitecas, Cecilia Levi\u00f1anco Levi\u00f1anco, resalt\u00f3 que \u201cmis productos de aromaterapia est\u00e1n hechos de \u00e1rboles nativos, as\u00ed que traigo un pedacito de bosque a la capital. Estoy feliz de participar en la Feria, orgullosa de nuestro trabajo y de lo capaces que somos las mujeres ind\u00edgenas de venir atrevernos a mostrar nuestros productos a Santiago\u201d.<\/p>\n<p style=\"text-align: justify;\">Las mujeres seleccionadas de este a\u00f1o vienen a exponer y comercializar productos de rubros de Orfebrer\u00eda, textiler\u00eda, cester\u00eda, alimentos gourmet, cueros, cer\u00e1mica, cosm\u00e9tica natural, hierbas medicinales, vestuario y decoraci\u00f3n.<\/p>\n<p style=\"text-align: justify;\">La ExpoFeria Mujeres Emprendedoras Ind\u00edgenas 2022 se desarrollar\u00e1 los d\u00edas 06, 07 y 08 de octubre en la Plaza de la Constituci\u00f3n, desde las 09:00 a las 20:00 hrs. (jueves y viernes). El s\u00e1bado se extender\u00e1 hasta las 15:00 hrs.<\/p>\n<\/div><\/section><\/div><\/p>\n<div  style='height:50px' class='hr hr-invisible   avia-builder-el-6  el_after_av_one_full  el_before_av_social_share '><span class='hr-inner ' ><span class='hr-inner-style'><\/span><\/span><\/div>\n<div  class='av-social-sharing-box  avia-builder-el-7  el_after_av_hr  el_before_av_hr  '><div class='av-share-box'><h5 class='av-share-link-description av-no-toc '>Compartir esta noticia<\/h5><ul class='av-share-box-list noLightbox'><li class='av-share-link av-social-link-facebook' ><a target=\"_blank\" aria-label=\"Compartir en Facebook\" href='https:\/\/www.facebook.com\/sharer.php?u=https:\/\/radiorevelacionfm.cl\/?p=22758&#038;t=Emprendedora%20de%20Guaitecas%20participa%20en%20ExpoFeria%20Mujeres%20Ind%C3%ADgenas%20que%20re%C3%BAne%20a%20m%C3%A1s%20de%2070%20exponentes%20en%20Santiago' aria-hidden='false' data-av_icon='\ue8f3' data-av_iconfont='entypo-fontello' title='' data-avia-related-tooltip='Compartir en Facebook' rel=\"noopener\"><span class='avia_hidden_link_text'>Compartir en Facebook<\/span><\/a><\/li><li class='av-share-link av-social-link-twitter' ><a target=\"_blank\" aria-label=\"Compartir en Twitter\" href='https:\/\/twitter.com\/share?text=Emprendedora%20de%20Guaitecas%20participa%20en%20ExpoFeria%20Mujeres%20Ind%C3%ADgenas%20que%20re%C3%BAne%20a%20m%C3%A1s%20de%2070%20exponentes%20en%20Santiago&#038;url=https:\/\/radiorevelacionfm.cl\/?p=22758' aria-hidden='false' data-av_icon='\ue8f1' data-av_iconfont='entypo-fontello' title='' data-avia-related-tooltip='Compartir en Twitter' rel=\"noopener\"><span class='avia_hidden_link_text'>Compartir en Twitter<\/span><\/a><\/li><li class='av-share-link av-social-link-whatsapp' ><a target=\"_blank\" aria-label=\"Compartir en Whatsapp\" href='https:\/\/api.whatsapp.com\/send?text=https:\/\/radiorevelacionfm.cl\/?p=22758' aria-hidden='false' data-av_icon='\uf232' data-av_iconfont='entypo-fontello' title='' data-avia-related-tooltip='Compartir en Whatsapp' rel=\"noopener\"><span class='avia_hidden_link_text'>Compartir en Whatsapp<\/span><\/a><\/li><li class='av-share-link av-social-link-linkedin' ><a target=\"_blank\" aria-label=\"Compartir en LinkedIn\" href='https:\/\/linkedin.com\/shareArticle?mini=true&#038;title=Emprendedora%20de%20Guaitecas%20participa%20en%20ExpoFeria%20Mujeres%20Ind%C3%ADgenas%20que%20re%C3%BAne%20a%20m%C3%A1s%20de%2070%20exponentes%20en%20Santiago&#038;url=https:\/\/radiorevelacionfm.cl\/?p=22758' aria-hidden='false' data-av_icon='\ue8fc' data-av_iconfont='entypo-fontello' title='' data-avia-related-tooltip='Compartir en LinkedIn' rel=\"noopener\"><span class='avia_hidden_link_text'>Compartir en LinkedIn<\/span><\/a><\/li><li class='av-share-link av-social-link-mail' ><a  aria-label=\"Compartir por correo\" href='mailto:?subject=Emprendedora%20de%20Guaitecas%20participa%20en%20ExpoFeria%20Mujeres%20Ind%C3%ADgenas%20que%20re%C3%BAne%20a%20m%C3%A1s%20de%2070%20exponentes%20en%20Santiago&#038;body=https:\/\/radiorevelacionfm.cl\/?p=22758' aria-hidden='false' data-av_icon='\ue805' data-av_iconfont='entypo-fontello' title='' data-avia-related-tooltip='Compartir por correo'><span class='avia_hidden_link_text'>Compartir por correo<\/span><\/a><\/li><\/ul><\/div><\/div>\n<div  style='height:50px' class='hr hr-invisible   avia-builder-el-8  el_after_av_social_share  el_before_av_comments_list '><span class='hr-inner ' ><span class='hr-inner-style'><\/span><\/span><\/div>\n<div  class='av-buildercomment  av-blog-meta-html-info-disabled av-blog-meta-tag-disabled  '><\/div>\n","protected":false},"excerpt":{"rendered":"","protected":false},"author":1,"featured_media":22759,"comment_status":"open","ping_status":"open","sticky":false,"template":"","format":"standard","meta":{"footnotes":""},"categories":[38],"tags":[],"class_list":["post-22758","post","type-post","status-publish","format-standard","has-post-thumbnail","hentry","category-regional"],"jetpack_featured_media_url":"https:\/\/radiorevelacionfm.cl\/wp-content\/uploads\/2022\/10\/expo-feria-5-1-1-1_optimized-1.jpg","_links":{"self":[{"href":"https:\/\/radiorevelacionfm.cl\/index.php?rest_route=\/wp\/v2\/posts\/22758","targetHints":{"allow":["GET"]}}],"collection":[{"href":"https:\/\/radiorevelacionfm.cl\/index.php?rest_route=\/wp\/v2\/posts"}],"about":[{"href":"https:\/\/radiorevelacionfm.cl\/index.php?rest_route=\/wp\/v2\/types\/post"}],"author":[{"embeddable":true,"href":"https:\/\/radiorevelacionfm.cl\/index.php?rest_route=\/wp\/v2\/users\/1"}],"replies":[{"embeddable":true,"href":"https:\/\/radiorevelacionfm.cl\/index.php?rest_route=%2Fwp%2Fv2%2Fcomments&post=22758"}],"version-history":[{"count":3,"href":"https:\/\/radiorevelacionfm.cl\/index.php?rest_route=\/wp\/v2\/posts\/22758\/revisions"}],"predecessor-version":[{"id":22767,"href":"https:\/\/radiorevelacionfm.cl\/index.php?rest_route=\/wp\/v2\/posts\/22758\/revisions\/22767"}],"wp:featuredmedia":[{"embeddable":true,"href":"https:\/\/radiorevelacionfm.cl\/index.php?rest_route=\/wp\/v2\/media\/22759"}],"wp:attachment":[{"href":"https:\/\/radiorevelacionfm.cl\/index.php?rest_route=%2Fwp%2Fv2%2Fmedia&parent=22758"}],"wp:term":[{"taxonomy":"category","embeddable":true,"href":"https:\/\/radiorevelacionfm.cl\/index.php?rest_route=%2Fwp%2Fv2%2Fcategories&post=22758"},{"taxonomy":"post_tag","embeddable":true,"href":"https:\/\/radiorevelacionfm.cl\/index.php?rest_route=%2Fwp%2Fv2%2Ftags&post=22758"}],"curies":[{"name":"wp","href":"https:\/\/api.w.org\/{rel}","templated":true}]}}