{"id":22754,"date":"2022-10-07T12:30:43","date_gmt":"2022-10-07T15:30:43","guid":{"rendered":"https:\/\/radiorevelacionfm.cl\/?p=22754"},"modified":"2022-10-07T12:30:43","modified_gmt":"2022-10-07T15:30:43","slug":"profesora-de-escuela-aysen-es-la-unica-representante-de-la-region-en-la-final-del-global-teacher-prize-chile","status":"publish","type":"post","link":"https:\/\/radiorevelacionfm.cl\/?p=22754","title":{"rendered":"Profesora de Escuela Ays\u00e9n es la \u00fanica representante de la regi\u00f3n en la final del Global Teacher Prize Chile"},"content":{"rendered":"<div class=\"flex_column av_one_full  flex_column_div av-zero-column-padding first  avia-builder-el-0  el_before_av_one_full  avia-builder-el-first  \" style='border-radius:0px; '><div  class='avia-image-container  av-styling-    avia-builder-el-1  avia-builder-el-no-sibling  avia-align-center '  itemprop=\"image\" itemscope=\"itemscope\" itemtype=\"https:\/\/schema.org\/ImageObject\"  ><div class='avia-image-container-inner'><div class='avia-image-overlay-wrap'><img decoding=\"async\" class='wp-image-22755 avia-img-lazy-loading-not-22755 avia_image' src=\"https:\/\/radiorevelacionfm.cl\/wp-content\/uploads\/2022\/10\/Ginalistas-Global-Teacher-1-1.jpeg\" alt='' title='Ginalistas Global Teacher (1) (1)' height=\"600\" width=\"900\"  itemprop=\"thumbnailUrl\" srcset=\"https:\/\/radiorevelacionfm.cl\/wp-content\/uploads\/2022\/10\/Ginalistas-Global-Teacher-1-1.jpeg 900w, https:\/\/radiorevelacionfm.cl\/wp-content\/uploads\/2022\/10\/Ginalistas-Global-Teacher-1-1-300x200.jpeg 300w, https:\/\/radiorevelacionfm.cl\/wp-content\/uploads\/2022\/10\/Ginalistas-Global-Teacher-1-1-768x512.jpeg 768w, https:\/\/radiorevelacionfm.cl\/wp-content\/uploads\/2022\/10\/Ginalistas-Global-Teacher-1-1-705x470.jpeg 705w, https:\/\/radiorevelacionfm.cl\/wp-content\/uploads\/2022\/10\/Ginalistas-Global-Teacher-1-1-600x400.jpeg 600w\" sizes=\"(max-width: 900px) 100vw, 900px\" \/><\/div><\/div><\/div><\/div><div class=\"flex_column av_one_full  flex_column_div av-zero-column-padding first  avia-builder-el-2  el_after_av_one_full  el_before_av_one_full  column-top-margin\" style='border-radius:0px; '><section class=\"av_textblock_section \"  itemscope=\"itemscope\" itemtype=\"https:\/\/schema.org\/BlogPosting\" itemprop=\"blogPost\" ><div class='avia_textblock  '   itemprop=\"text\" ><p style=\"text-align: center;\"><strong><span style=\"font-size: 18pt;\">Profesora de Escuela Ays\u00e9n es la \u00fanica representante de la regi\u00f3n en la final del Global Teacher Prize Chile<\/span><\/strong><\/p>\n<div id=\"gtx-trans\" style=\"position: absolute; left: -50px; top: 4.31534px;\">\n<div class=\"gtx-trans-icon\"><\/div>\n<\/div>\n<\/div><\/section><\/div><div class=\"flex_column av_one_full  flex_column_div av-zero-column-padding first  avia-builder-el-4  el_after_av_one_full  el_before_av_hr  column-top-margin\" style='border-radius:0px; '><section class=\"av_textblock_section \"  itemscope=\"itemscope\" itemtype=\"https:\/\/schema.org\/BlogPosting\" itemprop=\"blogPost\" ><div class='avia_textblock  '   itemprop=\"text\" ><p style=\"text-align: justify;\">La profesora Patricia Araya, de la Escuela Ays\u00e9n logra avanzar a la etapa final del Global Teacher Prize, en categor\u00eda M\u00fasica, posicion\u00e1ndose entre los 3 mejores profesores del pa\u00eds en su categor\u00eda.<\/p>\n<p style=\"text-align: justify;\">Tiene 31 a\u00f1os, es concertacionista en clarinete y lleg\u00f3 a la docencia por serendipia. Hace 5 a\u00f1os el destino la llev\u00f3 a la Escuela Ays\u00e9n, donde luego de cubrir a un profesor que no pudo asistir a una actividad educativa musical con p\u00e1rvulos, encontr\u00f3 su prop\u00f3sito. \u201cAh\u00ed cambi\u00f3 todo\u201d, asegura.<\/p>\n<p style=\"text-align: justify;\">Tras un proceso de minuciosa revisi\u00f3n y evaluaci\u00f3n, un jurado compuesto por destacados expertos en educaci\u00f3n eligi\u00f3 a ocho docentes \u2013cinco en la categor\u00eda general y tres en m\u00fasica\u2013 como finalistas del Global Teacher Prize Chile 2022 (GTP), premio conocido a nivel internacional como el \u201cNobel de la Ense\u00f1anza\u201d, que busca relevar la labor docente y su impacto en la comunidad.<\/p>\n<p style=\"text-align: justify;\">En un hito de presentaci\u00f3n se dieron a conocer los nombres de los destacados profesores: Alejandra Meza, Carolina Rojas, Francisca Villegas, Valentina Rojas, Francisca Elgueta, Manuel Puebla, Patricia Araya y Guillermo Vilches; quienes provienen de distintos contextos educativos y comunas del pa\u00eds. En la instancia se encontraron con estudiantes de Pedagog\u00eda, j\u00f3venes interesados en la carrera y autoridades, con quienes compartieron parte de sus experiencias y reflexiones.<\/p>\n<p>\u201cCuando uno elige estudiar una carrera, y particularmente pedagog\u00eda, la vocaci\u00f3n no nace en el momento en que uno se inscribe o entra a la carrera, sino que mucho antes. Esa inspiraci\u00f3n viene de personas que en el aula han significado distintas cosas: aprendizajes, acompa\u00f1amientos y sobre todo motivaci\u00f3n. Es muy importante que hoy d\u00eda estas y estos estudiantes de pedagog\u00eda puedan ver que hay referentes, que en circunstancias muy complejas como la pandemia, han logrado destacarse entre sus pares\u201d, comenta Ver\u00f3nica Figuera, subsecretaria de Educaci\u00f3n Superior.<\/p>\n<p>\u00abEl mundo se encuentra padeciendo una crisis educativa que ha sido agudizada por los efectos de la pandemia y, para poder abordarla, necesitamos priorizar el factor que m\u00e1s incide en la mejora educativa: las y los docentes. Por lo mismo, desde Elige Educar buscamos que este premio ponga en la palestra p\u00fablica el rol fundamental que tienen los profesores, no solamente en la mejora de los aprendizajes y desarrollo integral de los estudiantes, sino que tambi\u00e9n en la construcci\u00f3n de un mejor pa\u00eds\u00bb, opina al respecto Joaqu\u00edn Walker, Director Ejecutivo de Elige Educar.<\/p>\n<p>Los ganadores de ambas categor\u00edas se dar\u00e1n a conocer en una ceremonia en noviembre, donde nuevamente se reunir\u00e1 el jurado, los docentes y distintas autoridades para celebrar y valorar el rol de las y los profesores.<\/p>\n<\/div><\/section><\/div><div  style='height:50px' class='hr hr-invisible   avia-builder-el-6  el_after_av_one_full  el_before_av_social_share '><span class='hr-inner ' ><span class='hr-inner-style'><\/span><\/span><\/div><\/p>\n<div  class='av-social-sharing-box  avia-builder-el-7  el_after_av_hr  el_before_av_hr  '><div class='av-share-box'><h5 class='av-share-link-description av-no-toc '>Compartir esta noticia<\/h5><ul class='av-share-box-list noLightbox'><li class='av-share-link av-social-link-facebook' ><a target=\"_blank\" aria-label=\"Compartir en Facebook\" href='https:\/\/www.facebook.com\/sharer.php?u=https:\/\/radiorevelacionfm.cl\/?p=22754&#038;t=Profesora%20de%20Escuela%20Ays%C3%A9n%20es%20la%20%C3%BAnica%20representante%20de%20la%20regi%C3%B3n%20en%20la%20final%20del%20Global%20Teacher%20Prize%20Chile' aria-hidden='false' data-av_icon='\ue8f3' data-av_iconfont='entypo-fontello' title='' data-avia-related-tooltip='Compartir en Facebook' rel=\"noopener\"><span class='avia_hidden_link_text'>Compartir en Facebook<\/span><\/a><\/li><li class='av-share-link av-social-link-twitter' ><a target=\"_blank\" aria-label=\"Compartir en Twitter\" href='https:\/\/twitter.com\/share?text=Profesora%20de%20Escuela%20Ays%C3%A9n%20es%20la%20%C3%BAnica%20representante%20de%20la%20regi%C3%B3n%20en%20la%20final%20del%20Global%20Teacher%20Prize%20Chile&#038;url=https:\/\/radiorevelacionfm.cl\/?p=22754' aria-hidden='false' data-av_icon='\ue8f1' data-av_iconfont='entypo-fontello' title='' data-avia-related-tooltip='Compartir en Twitter' rel=\"noopener\"><span class='avia_hidden_link_text'>Compartir en Twitter<\/span><\/a><\/li><li class='av-share-link av-social-link-whatsapp' ><a target=\"_blank\" aria-label=\"Compartir en Whatsapp\" href='https:\/\/api.whatsapp.com\/send?text=https:\/\/radiorevelacionfm.cl\/?p=22754' aria-hidden='false' data-av_icon='\uf232' data-av_iconfont='entypo-fontello' title='' data-avia-related-tooltip='Compartir en Whatsapp' rel=\"noopener\"><span class='avia_hidden_link_text'>Compartir en Whatsapp<\/span><\/a><\/li><li class='av-share-link av-social-link-linkedin' ><a target=\"_blank\" aria-label=\"Compartir en LinkedIn\" href='https:\/\/linkedin.com\/shareArticle?mini=true&#038;title=Profesora%20de%20Escuela%20Ays%C3%A9n%20es%20la%20%C3%BAnica%20representante%20de%20la%20regi%C3%B3n%20en%20la%20final%20del%20Global%20Teacher%20Prize%20Chile&#038;url=https:\/\/radiorevelacionfm.cl\/?p=22754' aria-hidden='false' data-av_icon='\ue8fc' data-av_iconfont='entypo-fontello' title='' data-avia-related-tooltip='Compartir en LinkedIn' rel=\"noopener\"><span class='avia_hidden_link_text'>Compartir en LinkedIn<\/span><\/a><\/li><li class='av-share-link av-social-link-mail' ><a  aria-label=\"Compartir por correo\" href='mailto:?subject=Profesora%20de%20Escuela%20Ays%C3%A9n%20es%20la%20%C3%BAnica%20representante%20de%20la%20regi%C3%B3n%20en%20la%20final%20del%20Global%20Teacher%20Prize%20Chile&#038;body=https:\/\/radiorevelacionfm.cl\/?p=22754' aria-hidden='false' data-av_icon='\ue805' data-av_iconfont='entypo-fontello' title='' data-avia-related-tooltip='Compartir por correo'><span class='avia_hidden_link_text'>Compartir por correo<\/span><\/a><\/li><\/ul><\/div><\/div>\n<div  style='height:50px' class='hr hr-invisible   avia-builder-el-8  el_after_av_social_share  el_before_av_comments_list '><span class='hr-inner ' ><span class='hr-inner-style'><\/span><\/span><\/div>\n<div  class='av-buildercomment  av-blog-meta-html-info-disabled av-blog-meta-tag-disabled  '><\/div>\n","protected":false},"excerpt":{"rendered":"","protected":false},"author":1,"featured_media":22755,"comment_status":"open","ping_status":"open","sticky":false,"template":"","format":"standard","meta":{"footnotes":""},"categories":[49],"tags":[],"class_list":["post-22754","post","type-post","status-publish","format-standard","has-post-thumbnail","hentry","category-educacion"],"jetpack_featured_media_url":"https:\/\/radiorevelacionfm.cl\/wp-content\/uploads\/2022\/10\/Ginalistas-Global-Teacher-1-1.jpeg","_links":{"self":[{"href":"https:\/\/radiorevelacionfm.cl\/index.php?rest_route=\/wp\/v2\/posts\/22754","targetHints":{"allow":["GET"]}}],"collection":[{"href":"https:\/\/radiorevelacionfm.cl\/index.php?rest_route=\/wp\/v2\/posts"}],"about":[{"href":"https:\/\/radiorevelacionfm.cl\/index.php?rest_route=\/wp\/v2\/types\/post"}],"author":[{"embeddable":true,"href":"https:\/\/radiorevelacionfm.cl\/index.php?rest_route=\/wp\/v2\/users\/1"}],"replies":[{"embeddable":true,"href":"https:\/\/radiorevelacionfm.cl\/index.php?rest_route=%2Fwp%2Fv2%2Fcomments&post=22754"}],"version-history":[{"count":2,"href":"https:\/\/radiorevelacionfm.cl\/index.php?rest_route=\/wp\/v2\/posts\/22754\/revisions"}],"predecessor-version":[{"id":22757,"href":"https:\/\/radiorevelacionfm.cl\/index.php?rest_route=\/wp\/v2\/posts\/22754\/revisions\/22757"}],"wp:featuredmedia":[{"embeddable":true,"href":"https:\/\/radiorevelacionfm.cl\/index.php?rest_route=\/wp\/v2\/media\/22755"}],"wp:attachment":[{"href":"https:\/\/radiorevelacionfm.cl\/index.php?rest_route=%2Fwp%2Fv2%2Fmedia&parent=22754"}],"wp:term":[{"taxonomy":"category","embeddable":true,"href":"https:\/\/radiorevelacionfm.cl\/index.php?rest_route=%2Fwp%2Fv2%2Fcategories&post=22754"},{"taxonomy":"post_tag","embeddable":true,"href":"https:\/\/radiorevelacionfm.cl\/index.php?rest_route=%2Fwp%2Fv2%2Ftags&post=22754"}],"curies":[{"name":"wp","href":"https:\/\/api.w.org\/{rel}","templated":true}]}}