{"id":2275,"date":"2021-02-01T10:55:31","date_gmt":"2021-02-01T13:55:31","guid":{"rendered":"https:\/\/radiorevelacionfm.cl\/?p=2275"},"modified":"2021-02-01T10:55:31","modified_gmt":"2021-02-01T13:55:31","slug":"sector-energia-invita-a-participar-en-planificacion-energetica-de-largo-plazo","status":"publish","type":"post","link":"https:\/\/radiorevelacionfm.cl\/?p=2275","title":{"rendered":"Sector Energ\u00eda invita a participar en planificaci\u00f3n energ\u00e9tica de largo plazo"},"content":{"rendered":"<div class=\"flex_column av_one_full  flex_column_div av-zero-column-padding first  avia-builder-el-0  el_before_av_one_full  avia-builder-el-first  \" style='border-radius:0px; '><div  class='avia-image-container  av-styling-    avia-builder-el-1  avia-builder-el-no-sibling  avia-align-center '  itemprop=\"image\" itemscope=\"itemscope\" itemtype=\"https:\/\/schema.org\/ImageObject\"  ><div class='avia-image-container-inner'><div class='avia-image-overlay-wrap'><img decoding=\"async\" class='wp-image-0 avia-img-lazy-loading-not-0 avia_image' src=\"https:\/\/radiorevelacionfm.cl\/wp-content\/uploads\/2021\/02\/PELP_29-ENERO-1.png\" alt='' title=''   itemprop=\"thumbnailUrl\"  \/><\/div><\/div><\/div><\/div><div class=\"flex_column av_one_full  flex_column_div av-zero-column-padding first  avia-builder-el-2  el_after_av_one_full  el_before_av_one_full  column-top-margin\" style='border-radius:0px; '><section class=\"av_textblock_section \"  itemscope=\"itemscope\" itemtype=\"https:\/\/schema.org\/BlogPosting\" itemprop=\"blogPost\" ><div class='avia_textblock  '   itemprop=\"text\" ><p style=\"text-align: center;\"><span style=\"font-size: 18pt;\"><strong>Sector Energ\u00eda invita a participar en planificaci\u00f3n energ\u00e9tica de largo plazo <\/strong><\/span><\/p>\n<div id=\"gtx-trans\" style=\"position: absolute; left: -50px; top: 4.31534px;\">\n<div class=\"gtx-trans-icon\"><\/div>\n<\/div>\n<\/div><\/section><\/div><div class=\"flex_column av_one_full  flex_column_div av-zero-column-padding first  avia-builder-el-4  el_after_av_one_full  el_before_av_hr  column-top-margin\" style='border-radius:0px; '><section class=\"av_textblock_section \"  itemscope=\"itemscope\" itemtype=\"https:\/\/schema.org\/BlogPosting\" itemprop=\"blogPost\" ><div class='avia_textblock  '   itemprop=\"text\" ><p style=\"text-align: justify;\">El Ministro de Energ\u00eda, Juan Carlos Jobet, anunci\u00f3 que se encuentran abiertas las inscripciones del registro de interesadas e interesados para participar en el nuevo proceso de Planificaci\u00f3n Energ\u00e9tica de Largo Plazo (PELP), a trav\u00e9s de la cual se busca definir los escenarios energ\u00e9ticos en el tiempo, identificar polos de desarrollo y proyectar el consumo y oferta energ\u00e9tica.<\/p>\n<p style=\"text-align: justify;\">En este contexto, Jobet se\u00f1al\u00f3 <strong>\u00a0<\/strong>que \u201cinvitamos a todos los chilenos y chilenas de todo el pa\u00eds, a participar en este proceso para que juntos podamos so\u00f1ar y proyectar el futuro energ\u00e9tico de Chile\u201d. Por otra parte, la autoridad inform\u00f3 que este registro servir\u00e1 para garantizar la participaci\u00f3n de quienes se inscriban en todas las audiencias p\u00fablicas que se realicen durante el proceso de actualizaci\u00f3n de la PELP, adem\u00e1s de darles acceso al material p\u00fablico en revisi\u00f3n y definitivo, que sea emitido por el Ministerio.<\/p>\n<p style=\"text-align: justify;\">Por su parte, el Seremi de Energ\u00eda, Juan Luis Amen\u00e1bar, indic\u00f3 que \u201ccomo Ministerio destacamos el trabajo junto a la comunidad y trabajamos para darle a la Energ\u00eda un sello social y participativo. Por eso mismo, este proceso de Planificaci\u00f3n Energ\u00e9tica de Largo Plazo es una oportunidad para seguir avanzando en conjunto hacia el desarrollo de una matriz energ\u00e9tica sustentable y competitiva, que permita mejorar la calidad de vida de los habitantes de nuestra regi\u00f3n. Hago un llamado a la ciudadan\u00eda a ser parte de esta iniciativa e inscribirse para avanzar juntos en el desarrollo sustentable de la regi\u00f3n en materia productiva, econ\u00f3mica, entre otras muchas \u00e1reas\u201d.<\/p>\n<p style=\"text-align: justify;\">Los registrados en el proceso, podr\u00e1n participar en la definici\u00f3n de metodolog\u00edas, documentos y proyecciones energ\u00e9ticas, y ser\u00e1n fundamentales en la definici\u00f3n inicial de polos de desarrollo de generaci\u00f3n el\u00e9ctrica. Podr\u00e1n participar del proceso todas las personas naturales y jur\u00eddicas interesadas en participar, las inscripciones se deben realizar hasta el 10 de febrero en la p\u00e1gina web <a href=\"http:\/\/www.pelp.minenergia.cl\">pelp.minenergia.cl<\/a><\/p>\n<p style=\"text-align: justify;\">La PELP es un proceso que se realiza cada 5 a\u00f1os, pero que se prepara y desarrolla de forma continua, con el objeto de definir escenarios energ\u00e9ticos de largo plazo, identificar polos de desarrollo y proyectar el futuro energ\u00e9tico del pa\u00eds. Adem\u00e1s, la PELP debe considerar pol\u00edticas medioambientales que tengan incidencia, como la Ley Marco de Cambio Clim\u00e1tico y el compromiso de Carbono Neutralidad, tanto mitigaci\u00f3n como adaptaci\u00f3n.<\/p>\n<p style=\"text-align: justify;\">El proceso de planificaci\u00f3n deber\u00e1 incluir escenarios de proyecci\u00f3n de oferta y demanda energ\u00e9tica y en particular el\u00e9ctrica, considerando la identificaci\u00f3n de polos de desarrollo de generaci\u00f3n, generaci\u00f3n distribuida, intercambios internacionales de energ\u00eda, pol\u00edticas ambientales que tengan incidencia y objetivos de eficiencia energ\u00e9tica entre otros, elaborando sus posibles escenarios de desarrollo. Asimismo, la planificaci\u00f3n deber\u00e1 considerar dentro de sus an\u00e1lisis los planes estrat\u00e9gicos con que cuenten las regiones en materia de energ\u00eda.<\/p>\n<p style=\"text-align: justify;\">Finalmente, los escenarios energ\u00e9ticos son fundamentales para m\u00faltiples funciones, permiten una mejor planificaci\u00f3n de la infraestructura necesaria para alcanzar las metas y compromisos que tenemos en Chile. Adem\u00e1s, son importantes para continuar con la integraci\u00f3n masiva de energ\u00edas renovables, incorporar recursos energ\u00e9ticos integrales y distribuidos, orientar a los diversos sectores del pa\u00eds respecto a las alternativas energ\u00e9ticas m\u00e1s limpias, junto con anticipar situaciones y adaptar el sistema energ\u00e9tico para dotarlo de una mayor resiliencia.<\/p>\n<\/div><\/section><\/div><div  style='height:50px' class='hr hr-invisible   avia-builder-el-6  el_after_av_one_full  el_before_av_social_share '><span class='hr-inner ' ><span class='hr-inner-style'><\/span><\/span><\/div><\/p>\n<div  class='av-social-sharing-box  avia-builder-el-7  el_after_av_hr  el_before_av_hr  '><div class='av-share-box'><h5 class='av-share-link-description av-no-toc '>Compartir esta noticia<\/h5><ul class='av-share-box-list noLightbox'><li class='av-share-link av-social-link-facebook' ><a target=\"_blank\" aria-label=\"Compartir en Facebook\" href='https:\/\/www.facebook.com\/sharer.php?u=https:\/\/radiorevelacionfm.cl\/?p=2275&#038;t=Sector%20Energ%C3%ADa%20invita%20a%20participar%20en%20planificaci%C3%B3n%20energ%C3%A9tica%20de%20largo%20plazo' aria-hidden='false' data-av_icon='\ue8f3' data-av_iconfont='entypo-fontello' title='' data-avia-related-tooltip='Compartir en Facebook' rel=\"noopener\"><span class='avia_hidden_link_text'>Compartir en Facebook<\/span><\/a><\/li><li class='av-share-link av-social-link-twitter' ><a target=\"_blank\" aria-label=\"Compartir en Twitter\" href='https:\/\/twitter.com\/share?text=Sector%20Energ%C3%ADa%20invita%20a%20participar%20en%20planificaci%C3%B3n%20energ%C3%A9tica%20de%20largo%20plazo&#038;url=https:\/\/radiorevelacionfm.cl\/?p=2275' aria-hidden='false' data-av_icon='\ue8f1' data-av_iconfont='entypo-fontello' title='' data-avia-related-tooltip='Compartir en Twitter' rel=\"noopener\"><span class='avia_hidden_link_text'>Compartir en Twitter<\/span><\/a><\/li><li class='av-share-link av-social-link-whatsapp' ><a target=\"_blank\" aria-label=\"Compartir en Whatsapp\" href='https:\/\/api.whatsapp.com\/send?text=https:\/\/radiorevelacionfm.cl\/?p=2275' aria-hidden='false' data-av_icon='\uf232' data-av_iconfont='entypo-fontello' title='' data-avia-related-tooltip='Compartir en Whatsapp' rel=\"noopener\"><span class='avia_hidden_link_text'>Compartir en Whatsapp<\/span><\/a><\/li><li class='av-share-link av-social-link-linkedin' ><a target=\"_blank\" aria-label=\"Compartir en LinkedIn\" href='https:\/\/linkedin.com\/shareArticle?mini=true&#038;title=Sector%20Energ%C3%ADa%20invita%20a%20participar%20en%20planificaci%C3%B3n%20energ%C3%A9tica%20de%20largo%20plazo&#038;url=https:\/\/radiorevelacionfm.cl\/?p=2275' aria-hidden='false' data-av_icon='\ue8fc' data-av_iconfont='entypo-fontello' title='' data-avia-related-tooltip='Compartir en LinkedIn' rel=\"noopener\"><span class='avia_hidden_link_text'>Compartir en LinkedIn<\/span><\/a><\/li><li class='av-share-link av-social-link-mail' ><a  aria-label=\"Compartir por correo\" href='mailto:?subject=Sector%20Energ%C3%ADa%20invita%20a%20participar%20en%20planificaci%C3%B3n%20energ%C3%A9tica%20de%20largo%20plazo&#038;body=https:\/\/radiorevelacionfm.cl\/?p=2275' aria-hidden='false' data-av_icon='\ue805' data-av_iconfont='entypo-fontello' title='' data-avia-related-tooltip='Compartir por correo'><span class='avia_hidden_link_text'>Compartir por correo<\/span><\/a><\/li><\/ul><\/div><\/div>\n<div  style='height:50px' class='hr hr-invisible   avia-builder-el-8  el_after_av_social_share  el_before_av_comments_list '><span class='hr-inner ' ><span class='hr-inner-style'><\/span><\/span><\/div>\n<div  class='av-buildercomment  av-blog-meta-html-info-disabled av-blog-meta-tag-disabled  '><\/div>\n","protected":false},"excerpt":{"rendered":"","protected":false},"author":1,"featured_media":0,"comment_status":"open","ping_status":"open","sticky":false,"template":"","format":"standard","meta":{"footnotes":""},"categories":[53,39],"tags":[],"class_list":["post-2275","post","type-post","status-publish","format-standard","hentry","category-ciencia","category-medio-ambiente"],"jetpack_featured_media_url":"","_links":{"self":[{"href":"https:\/\/radiorevelacionfm.cl\/index.php?rest_route=\/wp\/v2\/posts\/2275","targetHints":{"allow":["GET"]}}],"collection":[{"href":"https:\/\/radiorevelacionfm.cl\/index.php?rest_route=\/wp\/v2\/posts"}],"about":[{"href":"https:\/\/radiorevelacionfm.cl\/index.php?rest_route=\/wp\/v2\/types\/post"}],"author":[{"embeddable":true,"href":"https:\/\/radiorevelacionfm.cl\/index.php?rest_route=\/wp\/v2\/users\/1"}],"replies":[{"embeddable":true,"href":"https:\/\/radiorevelacionfm.cl\/index.php?rest_route=%2Fwp%2Fv2%2Fcomments&post=2275"}],"version-history":[{"count":1,"href":"https:\/\/radiorevelacionfm.cl\/index.php?rest_route=\/wp\/v2\/posts\/2275\/revisions"}],"predecessor-version":[{"id":2277,"href":"https:\/\/radiorevelacionfm.cl\/index.php?rest_route=\/wp\/v2\/posts\/2275\/revisions\/2277"}],"wp:attachment":[{"href":"https:\/\/radiorevelacionfm.cl\/index.php?rest_route=%2Fwp%2Fv2%2Fmedia&parent=2275"}],"wp:term":[{"taxonomy":"category","embeddable":true,"href":"https:\/\/radiorevelacionfm.cl\/index.php?rest_route=%2Fwp%2Fv2%2Fcategories&post=2275"},{"taxonomy":"post_tag","embeddable":true,"href":"https:\/\/radiorevelacionfm.cl\/index.php?rest_route=%2Fwp%2Fv2%2Ftags&post=2275"}],"curies":[{"name":"wp","href":"https:\/\/api.w.org\/{rel}","templated":true}]}}