{"id":22733,"date":"2022-10-06T21:29:17","date_gmt":"2022-10-07T00:29:17","guid":{"rendered":"https:\/\/radiorevelacionfm.cl\/?p=22733"},"modified":"2022-10-06T21:29:17","modified_gmt":"2022-10-07T00:29:17","slug":"delegado-araya-y-asociacion-de-municipalidades-estrechan-coordinacion-en-torno-a-inversion-publica-regional","status":"publish","type":"post","link":"https:\/\/radiorevelacionfm.cl\/?p=22733","title":{"rendered":"Delegado Araya y Asociaci\u00f3n de Municipalidades estrechan coordinaci\u00f3n en torno a inversi\u00f3n p\u00fablica regional"},"content":{"rendered":"<div class=\"flex_column av_one_full  flex_column_div av-zero-column-padding first  avia-builder-el-0  el_before_av_one_full  avia-builder-el-first  \" style='border-radius:0px; '><div  class='avia-image-container  av-styling-    avia-builder-el-1  avia-builder-el-no-sibling  avia-align-center '  itemprop=\"image\" itemscope=\"itemscope\" itemtype=\"https:\/\/schema.org\/ImageObject\"  ><div class='avia-image-container-inner'><div class='avia-image-overlay-wrap'><img decoding=\"async\" class='wp-image-22734 avia-img-lazy-loading-not-22734 avia_image' src=\"https:\/\/radiorevelacionfm.cl\/wp-content\/uploads\/2022\/10\/WhatsApp-Image-2022-10-06-at-17.10.44-1-1-1.jpeg\" alt='' title='WhatsApp Image 2022-10-06 at 17.10.44 (1) (1) (1)' height=\"600\" width=\"1070\"  itemprop=\"thumbnailUrl\" srcset=\"https:\/\/radiorevelacionfm.cl\/wp-content\/uploads\/2022\/10\/WhatsApp-Image-2022-10-06-at-17.10.44-1-1-1.jpeg 1070w, https:\/\/radiorevelacionfm.cl\/wp-content\/uploads\/2022\/10\/WhatsApp-Image-2022-10-06-at-17.10.44-1-1-1-300x168.jpeg 300w, https:\/\/radiorevelacionfm.cl\/wp-content\/uploads\/2022\/10\/WhatsApp-Image-2022-10-06-at-17.10.44-1-1-1-1030x578.jpeg 1030w, https:\/\/radiorevelacionfm.cl\/wp-content\/uploads\/2022\/10\/WhatsApp-Image-2022-10-06-at-17.10.44-1-1-1-768x431.jpeg 768w, https:\/\/radiorevelacionfm.cl\/wp-content\/uploads\/2022\/10\/WhatsApp-Image-2022-10-06-at-17.10.44-1-1-1-705x395.jpeg 705w, https:\/\/radiorevelacionfm.cl\/wp-content\/uploads\/2022\/10\/WhatsApp-Image-2022-10-06-at-17.10.44-1-1-1-600x336.jpeg 600w\" sizes=\"(max-width: 1070px) 100vw, 1070px\" \/><\/div><\/div><\/div><\/div><div class=\"flex_column av_one_full  flex_column_div av-zero-column-padding first  avia-builder-el-2  el_after_av_one_full  el_before_av_one_full  column-top-margin\" style='border-radius:0px; '><section class=\"av_textblock_section \"  itemscope=\"itemscope\" itemtype=\"https:\/\/schema.org\/BlogPosting\" itemprop=\"blogPost\" ><div class='avia_textblock  '   itemprop=\"text\" ><p style=\"text-align: center;\"><strong><span style=\"font-size: 18pt;\">Delegado Araya y Asociaci\u00f3n de Municipalidades estrechan coordinaci\u00f3n en torno a inversi\u00f3n p\u00fablica regional<\/span><\/strong><\/p>\n<div id=\"gtx-trans\" style=\"position: absolute; left: -50px; top: 4.31534px;\">\n<div class=\"gtx-trans-icon\"><\/div>\n<\/div>\n<\/div><\/section><\/div><div class=\"flex_column av_one_full  flex_column_div av-zero-column-padding first  avia-builder-el-4  el_after_av_one_full  el_before_av_hr  column-top-margin\" style='border-radius:0px; '><section class=\"av_textblock_section \"  itemscope=\"itemscope\" itemtype=\"https:\/\/schema.org\/BlogPosting\" itemprop=\"blogPost\" ><div class='avia_textblock  '   itemprop=\"text\" ><p style=\"font-weight: 400; text-align: justify;\">Con el objetivo de acercar informaci\u00f3n y facilitar el trabajo conjunto en torno a la inversi\u00f3n p\u00fablica en la Regi\u00f3n de Ays\u00e9n, este jueves se desarroll\u00f3 en Coyhaique una jornada de trabajo entre la Delegaci\u00f3n Presidencial Regional, secretar\u00edas regionales ministeriales y la Asociaci\u00f3n Regional de Municipalidades (Aremu).<\/p>\n<p style=\"font-weight: 400; text-align: justify;\">La reuni\u00f3n cont\u00f3 con participaci\u00f3n del Delegado Rodrigo Araya, el presidente de Aremu y alcalde de Ib\u00e1\u00f1ez, Marcelo Santana, y los alcaldes de Coyhaique, Carlos Gatica; Ays\u00e9n, Julio Uribe; Lago Verde, Nelson Opazo; Cisnes, Francisco Roncagliolo; Cochrane, Jorge Calder\u00f3n; Chile Chico, Luperciano Mu\u00f1oz y Tortel, Abel Becerra, junto a las seremis de Educaci\u00f3n, Isabel Garrido, Minvu, Paulina Ruz, y Directores Regionales de Arquitectura, Paola Az\u00f3car, Obras Portuarias, \u00c1lvaro D\u00edaz; Servicio Local de Educaci\u00f3n, Sebasti\u00e1n Gonz\u00e1lez, y profesional Subdere.<\/p>\n<p style=\"font-weight: 400; text-align: justify;\">El Delegado Presidencial Regional, Rodrigo Araya, se\u00f1al\u00f3 que en la jornada se abord\u00f3 la ejecuci\u00f3n presupuestaria de Educaci\u00f3n, Obras P\u00fablicas y Vivienda, m\u00e1s la proyecci\u00f3n de principales inversiones sectoriales para 2023.<\/p>\n<p style=\"font-weight: 400; text-align: justify;\">\u201cEstamos aqu\u00ed en un encuentro con los alcaldes, precisamente para hablar de los proyectos, para hablar de los desaf\u00edos y, justamente, estamos hablando de las dificultades y los problemas, pero tambi\u00e9n de las necesidades que tienen los territorios. Para nosotros es fundamental el rol que cumplen los municipios en el desarrollo equitativo de las diez comunas de nuestra regi\u00f3n. B\u00e1sicamente el compromiso es trabajar en conjunto y desarrollar estrategias donde podamos resolver temas\u201d, expres\u00f3 el Delegado Presidencial.<\/p>\n<p style=\"font-weight: 400; text-align: justify;\">Por su parte, el alcalde Marcelo Santana destac\u00f3 la importancia del trabajo conjunto para el territorio.<\/p>\n<p style=\"font-weight: 400; text-align: justify;\">\u201cDonde pudimos reflejar las miradas m\u00e1s locales, m\u00e1s municipales que los alcaldes levantamos d\u00eda a d\u00eda en nuestro trabajo, as\u00ed que agradecemos esta instancia sobre todas las cosas, agradecemos al Delegado Presidencial, Rodrigo Araya, que ha coordinado toda esta jornada y que nos ha permitido tambi\u00e9n entrar ya en un terreno de poder conocer con mayor precisi\u00f3n las principales iniciativas que se van a desarrollar como parte de los trabajos que va a desarrollar el Gobierno a contar del 2023 en nuestra Regi\u00f3n de Ays\u00e9n\u201d, se\u00f1al\u00f3.<\/p>\n<p style=\"font-weight: 400; text-align: justify;\"><strong>Evaluaci\u00f3n de los alcaldes<\/strong><\/p>\n<p style=\"font-weight: 400; text-align: justify;\">Su par Abel Becerra manifest\u00f3 la importancia de que esta instancia de trabajo se desarrolle de forma peri\u00f3dica. \u201cTodos conocemos las condiciones geogr\u00e1ficas de nuestra regi\u00f3n y llegar con todos los servicios cuesta bastante, un movimiento log\u00edstico bastante grande, pero nosotros siempre como administraci\u00f3n estamos dispuesto a entablarlos temas que nos convocan de nuestra comunidad con todos los servicios p\u00fablicos. As\u00ed que solamente dar las gracias a los servicios que participaron, la participaci\u00f3n fue de muy buena forma, muy gr\u00e1fica, fueron las presentaciones que se hicieron y por lo tanto nos vamos conforme con esta con este trabajo hoy d\u00eda\u201d, indic\u00f3.<\/p>\n<p style=\"font-weight: 400; text-align: justify;\">En la misma l\u00ednea se manifest\u00f3 el alcalde Julio Uribe, quien indic\u00f3 que \u201cestas jornadas son muy necesarias, esperar que se puedan repetir, trabajar en conjunto con problem\u00e1ticas que tienen los diferentes municipios que son en su mayor\u00eda comunes para unos y otros, poderlas abordar con los seremis y buscar las soluciones\u201d.<\/p>\n<p style=\"font-weight: 400; text-align: justify;\">Para el alcalde Francisco Roncaglio, el trabajo fue provechoso por cuanto \u201cestamos muy claros hoy d\u00eda con relaci\u00f3n a la inversi\u00f3n y nos da tranquilidad tambi\u00e9n para ir viendo en qu\u00e9 cosas poner focos y apoyar como asociaci\u00f3n de municipalidades, como alcaldes tambi\u00e9n de la regi\u00f3n, pensando siempre en el beneficio de los vecinos, as\u00ed que por lo tanto agradezco nuevamente esta instancia, agradezco tambi\u00e9n la instancia de poder generar lazos de coordinaci\u00f3n y cooperaci\u00f3n y creo que hoy d\u00eda nuestra regi\u00f3n sale mucho m\u00e1s fortalecida para avanzar en los desaf\u00edos que tenemos en conjunto\u201d.<\/p>\n<p style=\"font-weight: 400; text-align: justify;\">La jornada de trabajo se replicar\u00e1 en una fecha a concordar entre la Delegaci\u00f3n y Asociaci\u00f3n de Municipalidades con nuevos sectores de particular inter\u00e9s para la organizaci\u00f3n.<\/p>\n<\/div><\/section><\/div><div  style='height:50px' class='hr hr-invisible   avia-builder-el-6  el_after_av_one_full  el_before_av_social_share '><span class='hr-inner ' ><span class='hr-inner-style'><\/span><\/span><\/div><\/p>\n<div  class='av-social-sharing-box  avia-builder-el-7  el_after_av_hr  el_before_av_hr  '><div class='av-share-box'><h5 class='av-share-link-description av-no-toc '>Compartir esta noticia<\/h5><ul class='av-share-box-list noLightbox'><li class='av-share-link av-social-link-facebook' ><a target=\"_blank\" aria-label=\"Compartir en Facebook\" href='https:\/\/www.facebook.com\/sharer.php?u=https:\/\/radiorevelacionfm.cl\/?p=22733&#038;t=Delegado%20Araya%20y%20Asociaci%C3%B3n%20de%20Municipalidades%20estrechan%20coordinaci%C3%B3n%20en%20torno%20a%20inversi%C3%B3n%20p%C3%BAblica%20regional' aria-hidden='false' data-av_icon='\ue8f3' data-av_iconfont='entypo-fontello' title='' data-avia-related-tooltip='Compartir en Facebook' rel=\"noopener\"><span class='avia_hidden_link_text'>Compartir en Facebook<\/span><\/a><\/li><li class='av-share-link av-social-link-twitter' ><a target=\"_blank\" aria-label=\"Compartir en Twitter\" href='https:\/\/twitter.com\/share?text=Delegado%20Araya%20y%20Asociaci%C3%B3n%20de%20Municipalidades%20estrechan%20coordinaci%C3%B3n%20en%20torno%20a%20inversi%C3%B3n%20p%C3%BAblica%20regional&#038;url=https:\/\/radiorevelacionfm.cl\/?p=22733' aria-hidden='false' data-av_icon='\ue8f1' data-av_iconfont='entypo-fontello' title='' data-avia-related-tooltip='Compartir en Twitter' rel=\"noopener\"><span class='avia_hidden_link_text'>Compartir en Twitter<\/span><\/a><\/li><li class='av-share-link av-social-link-whatsapp' ><a target=\"_blank\" aria-label=\"Compartir en Whatsapp\" href='https:\/\/api.whatsapp.com\/send?text=https:\/\/radiorevelacionfm.cl\/?p=22733' aria-hidden='false' data-av_icon='\uf232' data-av_iconfont='entypo-fontello' title='' data-avia-related-tooltip='Compartir en Whatsapp' rel=\"noopener\"><span class='avia_hidden_link_text'>Compartir en Whatsapp<\/span><\/a><\/li><li class='av-share-link av-social-link-linkedin' ><a target=\"_blank\" aria-label=\"Compartir en LinkedIn\" href='https:\/\/linkedin.com\/shareArticle?mini=true&#038;title=Delegado%20Araya%20y%20Asociaci%C3%B3n%20de%20Municipalidades%20estrechan%20coordinaci%C3%B3n%20en%20torno%20a%20inversi%C3%B3n%20p%C3%BAblica%20regional&#038;url=https:\/\/radiorevelacionfm.cl\/?p=22733' aria-hidden='false' data-av_icon='\ue8fc' data-av_iconfont='entypo-fontello' title='' data-avia-related-tooltip='Compartir en LinkedIn' rel=\"noopener\"><span class='avia_hidden_link_text'>Compartir en LinkedIn<\/span><\/a><\/li><li class='av-share-link av-social-link-mail' ><a  aria-label=\"Compartir por correo\" href='mailto:?subject=Delegado%20Araya%20y%20Asociaci%C3%B3n%20de%20Municipalidades%20estrechan%20coordinaci%C3%B3n%20en%20torno%20a%20inversi%C3%B3n%20p%C3%BAblica%20regional&#038;body=https:\/\/radiorevelacionfm.cl\/?p=22733' aria-hidden='false' data-av_icon='\ue805' data-av_iconfont='entypo-fontello' title='' data-avia-related-tooltip='Compartir por correo'><span class='avia_hidden_link_text'>Compartir por correo<\/span><\/a><\/li><\/ul><\/div><\/div>\n<div  style='height:50px' class='hr hr-invisible   avia-builder-el-8  el_after_av_social_share  el_before_av_comments_list '><span class='hr-inner ' ><span class='hr-inner-style'><\/span><\/span><\/div>\n<div  class='av-buildercomment  av-blog-meta-html-info-disabled av-blog-meta-tag-disabled  '><\/div>\n","protected":false},"excerpt":{"rendered":"","protected":false},"author":1,"featured_media":22734,"comment_status":"open","ping_status":"open","sticky":false,"template":"","format":"standard","meta":{"footnotes":""},"categories":[38],"tags":[],"class_list":["post-22733","post","type-post","status-publish","format-standard","has-post-thumbnail","hentry","category-regional"],"jetpack_featured_media_url":"https:\/\/radiorevelacionfm.cl\/wp-content\/uploads\/2022\/10\/WhatsApp-Image-2022-10-06-at-17.10.44-1-1-1.jpeg","_links":{"self":[{"href":"https:\/\/radiorevelacionfm.cl\/index.php?rest_route=\/wp\/v2\/posts\/22733","targetHints":{"allow":["GET"]}}],"collection":[{"href":"https:\/\/radiorevelacionfm.cl\/index.php?rest_route=\/wp\/v2\/posts"}],"about":[{"href":"https:\/\/radiorevelacionfm.cl\/index.php?rest_route=\/wp\/v2\/types\/post"}],"author":[{"embeddable":true,"href":"https:\/\/radiorevelacionfm.cl\/index.php?rest_route=\/wp\/v2\/users\/1"}],"replies":[{"embeddable":true,"href":"https:\/\/radiorevelacionfm.cl\/index.php?rest_route=%2Fwp%2Fv2%2Fcomments&post=22733"}],"version-history":[{"count":2,"href":"https:\/\/radiorevelacionfm.cl\/index.php?rest_route=\/wp\/v2\/posts\/22733\/revisions"}],"predecessor-version":[{"id":22744,"href":"https:\/\/radiorevelacionfm.cl\/index.php?rest_route=\/wp\/v2\/posts\/22733\/revisions\/22744"}],"wp:featuredmedia":[{"embeddable":true,"href":"https:\/\/radiorevelacionfm.cl\/index.php?rest_route=\/wp\/v2\/media\/22734"}],"wp:attachment":[{"href":"https:\/\/radiorevelacionfm.cl\/index.php?rest_route=%2Fwp%2Fv2%2Fmedia&parent=22733"}],"wp:term":[{"taxonomy":"category","embeddable":true,"href":"https:\/\/radiorevelacionfm.cl\/index.php?rest_route=%2Fwp%2Fv2%2Fcategories&post=22733"},{"taxonomy":"post_tag","embeddable":true,"href":"https:\/\/radiorevelacionfm.cl\/index.php?rest_route=%2Fwp%2Fv2%2Ftags&post=22733"}],"curies":[{"name":"wp","href":"https:\/\/api.w.org\/{rel}","templated":true}]}}