{"id":22729,"date":"2022-10-06T18:24:57","date_gmt":"2022-10-06T21:24:57","guid":{"rendered":"https:\/\/radiorevelacionfm.cl\/?p=22729"},"modified":"2022-10-06T18:24:57","modified_gmt":"2022-10-06T21:24:57","slug":"representantes-del-gobierno-regional-y-consejeros-asisten-a-encuentro-nacional-de-corporaciones","status":"publish","type":"post","link":"https:\/\/radiorevelacionfm.cl\/?p=22729","title":{"rendered":"Representantes del Gobierno Regional y Consejeros asisten a Encuentro Nacional de Corporaciones"},"content":{"rendered":"<div class=\"flex_column av_one_full  flex_column_div av-zero-column-padding first  avia-builder-el-0  el_before_av_one_full  avia-builder-el-first  \" style='border-radius:0px; '><div  class='avia-image-container  av-styling-    avia-builder-el-1  avia-builder-el-no-sibling  avia-align-center '  itemprop=\"image\" itemscope=\"itemscope\" itemtype=\"https:\/\/schema.org\/ImageObject\"  ><div class='avia-image-container-inner'><div class='avia-image-overlay-wrap'><img decoding=\"async\" class='wp-image-22730 avia-img-lazy-loading-not-22730 avia_image' src=\"https:\/\/radiorevelacionfm.cl\/wp-content\/uploads\/2022\/10\/CONCEPCION-1-1-1.jpg\" alt='' title='CONCEPCI\u00d3N 1-1 (1)' height=\"600\" width=\"849\"  itemprop=\"thumbnailUrl\" srcset=\"https:\/\/radiorevelacionfm.cl\/wp-content\/uploads\/2022\/10\/CONCEPCION-1-1-1.jpg 849w, https:\/\/radiorevelacionfm.cl\/wp-content\/uploads\/2022\/10\/CONCEPCION-1-1-1-300x212.jpg 300w, https:\/\/radiorevelacionfm.cl\/wp-content\/uploads\/2022\/10\/CONCEPCION-1-1-1-768x543.jpg 768w, https:\/\/radiorevelacionfm.cl\/wp-content\/uploads\/2022\/10\/CONCEPCION-1-1-1-260x185.jpg 260w, https:\/\/radiorevelacionfm.cl\/wp-content\/uploads\/2022\/10\/CONCEPCION-1-1-1-705x498.jpg 705w, https:\/\/radiorevelacionfm.cl\/wp-content\/uploads\/2022\/10\/CONCEPCION-1-1-1-600x424.jpg 600w\" sizes=\"(max-width: 849px) 100vw, 849px\" \/><\/div><\/div><\/div><\/div><div class=\"flex_column av_one_full  flex_column_div av-zero-column-padding first  avia-builder-el-2  el_after_av_one_full  el_before_av_one_full  column-top-margin\" style='border-radius:0px; '><section class=\"av_textblock_section \"  itemscope=\"itemscope\" itemtype=\"https:\/\/schema.org\/BlogPosting\" itemprop=\"blogPost\" ><div class='avia_textblock  '   itemprop=\"text\" ><p style=\"text-align: center;\"><strong><span style=\"font-size: 18pt;\">Representantes del Gobierno Regional y Consejeros asisten a Encuentro Nacional de Corporaciones<\/span><\/strong><\/p>\n<div id=\"gtx-trans\" style=\"position: absolute; left: -50px; top: 4.31534px;\">\n<div class=\"gtx-trans-icon\"><\/div>\n<\/div>\n<\/div><\/section><\/div><div class=\"flex_column av_one_full  flex_column_div av-zero-column-padding first  avia-builder-el-4  el_after_av_one_full  el_before_av_hr  column-top-margin\" style='border-radius:0px; '><section class=\"av_textblock_section \"  itemscope=\"itemscope\" itemtype=\"https:\/\/schema.org\/BlogPosting\" itemprop=\"blogPost\" ><div class='avia_textblock  '   itemprop=\"text\" ><p dir=\"ltr\" style=\"text-align: justify;\">Con el objetivo de conocer el funcionamiento de las Corporaciones Regionales, la jefa de la Divisi\u00f3n de Fomento e Industria del Gobierno Regional de Ays\u00e9n, Yessica Lagos C\u00e1rdenas, junto a los Consejeros Regionales, Sergio Gonz\u00e1lez, Rocco Martiniello y las Consejeras Marisol Mart\u00ednez y Paula Acu\u00f1a, asistieron al Encuentro Nacional de Corporaciones Regionales, realizado en Concepci\u00f3n.<\/p>\n<p dir=\"ltr\" style=\"text-align: justify;\">Los Consejeros y las Consejeras Regionales junto a la encargada de la Divisi\u00f3n de Fomento e Industria pudieron escuchar las experiencias de las distintas Corporaciones Regionales que hay en el pa\u00eds. \u00abSon de gran utilidad para poder llevar a cabo las pol\u00edticas, programas que tienen los Gobiernos Regionales. Y, adem\u00e1s, nos permite apoyo con conocimiento y an\u00e1lisis de informaci\u00f3n importante para la toma de decisiones\u00bb, dijo Yessica Lagos.<\/p>\n<p dir=\"ltr\" style=\"text-align: justify;\">Como metodolog\u00eda de trabajo, en ambas jornadas realizaron din\u00e1micas grupales donde asistentes informaron el manejo de cada instituci\u00f3n, promovieron el intercambio de ideas de funcionamiento, hablaron sobre presupuestos de mantenci\u00f3n, objetivos de trabajo y metas. La Consejera Regional Paula Acu\u00f1a, coment\u00f3 que otra de las finalidades de la actividad, fue conocer las buenas pr\u00e1cticas de las corporaciones para imitarlas en el proyecto que se busca implementar en la Regi\u00f3n de Ays\u00e9n.<\/p>\n<p dir=\"ltr\" style=\"text-align: justify;\">\u00abLlevar este conocimiento al Consejo Regional donde, desde la administraci\u00f3n de la Gobernadora Andrea Mac\u00edas, se propuso la idea de generar\u00a0 una corporaci\u00f3n de desarrollo. Entonces, como Consejeros y Consejeras, anotamos tambi\u00e9n las distintas ideas de c\u00f3mo funcionan estas y, adem\u00e1s, vemos como una oportunidad de desarrollo en la regi\u00f3n la creaci\u00f3n de una corporaci\u00f3n\u00bb, expres\u00f3 la Consejera Regional, Paula Acu\u00f1a.<\/p>\n<p dir=\"ltr\" style=\"text-align: justify;\">Durante el encuentro hubo un an\u00e1lisis sobre el rol de las corporaciones con aportes de las regiones y desde la Subsecretar\u00eda de Desarrollo Regional (Subdere), sus estatutos, adem\u00e1s del aspecto jur\u00eddico financiero de su quehacer con la revisi\u00f3n de casos pr\u00e1cticos.<\/p>\n<p dir=\"ltr\" style=\"text-align: justify;\">Las corporaciones regionales de Tarapac\u00e1, Valpara\u00edso, Los R\u00edos, Coquimbo y Araucan\u00eda expusieron ejemplos de buenas pr\u00e1cticas relacionadas a temas como; la alianza p\u00fablico privado, conciencia h\u00eddrica en turismo, construcci\u00f3n de lugares para la cultura, vinculaci\u00f3n y financiamiento de iniciativas con empresas, desarrollo de la plataforma digital para seguimiento de programas, entre otras.<\/p>\n<p dir=\"ltr\" style=\"text-align: justify;\">El gerente general de Desarrolla Biob\u00edo, Carlos Chamorro, valor\u00f3 la participaci\u00f3n, la atenci\u00f3n del Gobierno Regional de Ays\u00e9n y de sus Consejeros y Consejeras. \u00abFelicito, aplaudo, saludo, la inquietud y el inter\u00e9s de desarrollar una corporaci\u00f3n y, cr\u00e9anme,\u00a0 que una corporaci\u00f3n de desarrollo en Ays\u00e9n les va a ayudar much\u00edsimo para poder profundizar las pol\u00edticas que el territorio requiere para poder ser cada d\u00eda m\u00e1s grande\u00bb, expres\u00f3 Carlos Chamorro, gerente general de Desarrolla Biob\u00edo.<\/p>\n<p dir=\"ltr\" style=\"text-align: justify;\">Las actividades fueron organizadas por Desarrolla Biob\u00edo y el Gobierno Regional del Biob\u00edo, que dur\u00f3 dos d\u00edas y participaron representantes de distintas corporaciones a nivel nacional.<\/p>\n<\/div><\/section><\/div><div  style='height:50px' class='hr hr-invisible   avia-builder-el-6  el_after_av_one_full  el_before_av_social_share '><span class='hr-inner ' ><span class='hr-inner-style'><\/span><\/span><\/div><\/p>\n<div  class='av-social-sharing-box  avia-builder-el-7  el_after_av_hr  el_before_av_hr  '><div class='av-share-box'><h5 class='av-share-link-description av-no-toc '>Compartir esta noticia<\/h5><ul class='av-share-box-list noLightbox'><li class='av-share-link av-social-link-facebook' ><a target=\"_blank\" aria-label=\"Compartir en Facebook\" href='https:\/\/www.facebook.com\/sharer.php?u=https:\/\/radiorevelacionfm.cl\/?p=22729&#038;t=Representantes%20del%20Gobierno%20Regional%20y%20Consejeros%20asisten%20a%20Encuentro%20Nacional%20de%20Corporaciones' aria-hidden='false' data-av_icon='\ue8f3' data-av_iconfont='entypo-fontello' title='' data-avia-related-tooltip='Compartir en Facebook' rel=\"noopener\"><span class='avia_hidden_link_text'>Compartir en Facebook<\/span><\/a><\/li><li class='av-share-link av-social-link-twitter' ><a target=\"_blank\" aria-label=\"Compartir en Twitter\" href='https:\/\/twitter.com\/share?text=Representantes%20del%20Gobierno%20Regional%20y%20Consejeros%20asisten%20a%20Encuentro%20Nacional%20de%20Corporaciones&#038;url=https:\/\/radiorevelacionfm.cl\/?p=22729' aria-hidden='false' data-av_icon='\ue8f1' data-av_iconfont='entypo-fontello' title='' data-avia-related-tooltip='Compartir en Twitter' rel=\"noopener\"><span class='avia_hidden_link_text'>Compartir en Twitter<\/span><\/a><\/li><li class='av-share-link av-social-link-whatsapp' ><a target=\"_blank\" aria-label=\"Compartir en Whatsapp\" href='https:\/\/api.whatsapp.com\/send?text=https:\/\/radiorevelacionfm.cl\/?p=22729' aria-hidden='false' data-av_icon='\uf232' data-av_iconfont='entypo-fontello' title='' data-avia-related-tooltip='Compartir en Whatsapp' rel=\"noopener\"><span class='avia_hidden_link_text'>Compartir en Whatsapp<\/span><\/a><\/li><li class='av-share-link av-social-link-linkedin' ><a target=\"_blank\" aria-label=\"Compartir en LinkedIn\" href='https:\/\/linkedin.com\/shareArticle?mini=true&#038;title=Representantes%20del%20Gobierno%20Regional%20y%20Consejeros%20asisten%20a%20Encuentro%20Nacional%20de%20Corporaciones&#038;url=https:\/\/radiorevelacionfm.cl\/?p=22729' aria-hidden='false' data-av_icon='\ue8fc' data-av_iconfont='entypo-fontello' title='' data-avia-related-tooltip='Compartir en LinkedIn' rel=\"noopener\"><span class='avia_hidden_link_text'>Compartir en LinkedIn<\/span><\/a><\/li><li class='av-share-link av-social-link-mail' ><a  aria-label=\"Compartir por correo\" href='mailto:?subject=Representantes%20del%20Gobierno%20Regional%20y%20Consejeros%20asisten%20a%20Encuentro%20Nacional%20de%20Corporaciones&#038;body=https:\/\/radiorevelacionfm.cl\/?p=22729' aria-hidden='false' data-av_icon='\ue805' data-av_iconfont='entypo-fontello' title='' data-avia-related-tooltip='Compartir por correo'><span class='avia_hidden_link_text'>Compartir por correo<\/span><\/a><\/li><\/ul><\/div><\/div>\n<div  style='height:50px' class='hr hr-invisible   avia-builder-el-8  el_after_av_social_share  el_before_av_comments_list '><span class='hr-inner ' ><span class='hr-inner-style'><\/span><\/span><\/div>\n<div  class='av-buildercomment  av-blog-meta-html-info-disabled av-blog-meta-tag-disabled  '><\/div>\n","protected":false},"excerpt":{"rendered":"","protected":false},"author":1,"featured_media":22730,"comment_status":"open","ping_status":"open","sticky":false,"template":"","format":"standard","meta":{"footnotes":""},"categories":[38],"tags":[],"class_list":["post-22729","post","type-post","status-publish","format-standard","has-post-thumbnail","hentry","category-regional"],"jetpack_featured_media_url":"https:\/\/radiorevelacionfm.cl\/wp-content\/uploads\/2022\/10\/CONCEPCION-1-1-1.jpg","_links":{"self":[{"href":"https:\/\/radiorevelacionfm.cl\/index.php?rest_route=\/wp\/v2\/posts\/22729","targetHints":{"allow":["GET"]}}],"collection":[{"href":"https:\/\/radiorevelacionfm.cl\/index.php?rest_route=\/wp\/v2\/posts"}],"about":[{"href":"https:\/\/radiorevelacionfm.cl\/index.php?rest_route=\/wp\/v2\/types\/post"}],"author":[{"embeddable":true,"href":"https:\/\/radiorevelacionfm.cl\/index.php?rest_route=\/wp\/v2\/users\/1"}],"replies":[{"embeddable":true,"href":"https:\/\/radiorevelacionfm.cl\/index.php?rest_route=%2Fwp%2Fv2%2Fcomments&post=22729"}],"version-history":[{"count":2,"href":"https:\/\/radiorevelacionfm.cl\/index.php?rest_route=\/wp\/v2\/posts\/22729\/revisions"}],"predecessor-version":[{"id":22737,"href":"https:\/\/radiorevelacionfm.cl\/index.php?rest_route=\/wp\/v2\/posts\/22729\/revisions\/22737"}],"wp:featuredmedia":[{"embeddable":true,"href":"https:\/\/radiorevelacionfm.cl\/index.php?rest_route=\/wp\/v2\/media\/22730"}],"wp:attachment":[{"href":"https:\/\/radiorevelacionfm.cl\/index.php?rest_route=%2Fwp%2Fv2%2Fmedia&parent=22729"}],"wp:term":[{"taxonomy":"category","embeddable":true,"href":"https:\/\/radiorevelacionfm.cl\/index.php?rest_route=%2Fwp%2Fv2%2Fcategories&post=22729"},{"taxonomy":"post_tag","embeddable":true,"href":"https:\/\/radiorevelacionfm.cl\/index.php?rest_route=%2Fwp%2Fv2%2Ftags&post=22729"}],"curies":[{"name":"wp","href":"https:\/\/api.w.org\/{rel}","templated":true}]}}