{"id":22726,"date":"2022-10-08T11:08:57","date_gmt":"2022-10-08T14:08:57","guid":{"rendered":"https:\/\/radiorevelacionfm.cl\/?p=22726"},"modified":"2022-10-08T11:08:57","modified_gmt":"2022-10-08T14:08:57","slug":"sence-se-reune-con-organismos-tecnicos-de-capacitacion-para-dar-enfasis-al-acompanamiento","status":"publish","type":"post","link":"https:\/\/radiorevelacionfm.cl\/?p=22726","title":{"rendered":"Sence se re\u00fane con Organismos T\u00e9cnicos de Capacitaci\u00f3n para dar \u00e9nfasis al acompa\u00f1amiento"},"content":{"rendered":"<div class=\"flex_column av_one_full  flex_column_div av-zero-column-padding first  avia-builder-el-0  el_before_av_one_full  avia-builder-el-first  \" style='border-radius:0px; '><div  class='avia-image-container  av-styling-    avia-builder-el-1  avia-builder-el-no-sibling  avia-align-center '  itemprop=\"image\" itemscope=\"itemscope\" itemtype=\"https:\/\/schema.org\/ImageObject\"  ><div class='avia-image-container-inner'><div class='avia-image-overlay-wrap'><img decoding=\"async\" class='wp-image-22727 avia-img-lazy-loading-not-22727 avia_image' src=\"https:\/\/radiorevelacionfm.cl\/wp-content\/uploads\/2022\/10\/Reunion_SENCE_OrganismosTecnicos-2-b-1-1.jpg\" alt='' title='Reunion_SENCE_OrganismosTecnicos (2) b (1) (1)' height=\"600\" width=\"847\"  itemprop=\"thumbnailUrl\" srcset=\"https:\/\/radiorevelacionfm.cl\/wp-content\/uploads\/2022\/10\/Reunion_SENCE_OrganismosTecnicos-2-b-1-1.jpg 847w, https:\/\/radiorevelacionfm.cl\/wp-content\/uploads\/2022\/10\/Reunion_SENCE_OrganismosTecnicos-2-b-1-1-300x213.jpg 300w, https:\/\/radiorevelacionfm.cl\/wp-content\/uploads\/2022\/10\/Reunion_SENCE_OrganismosTecnicos-2-b-1-1-768x544.jpg 768w, https:\/\/radiorevelacionfm.cl\/wp-content\/uploads\/2022\/10\/Reunion_SENCE_OrganismosTecnicos-2-b-1-1-260x185.jpg 260w, https:\/\/radiorevelacionfm.cl\/wp-content\/uploads\/2022\/10\/Reunion_SENCE_OrganismosTecnicos-2-b-1-1-845x600.jpg 845w, https:\/\/radiorevelacionfm.cl\/wp-content\/uploads\/2022\/10\/Reunion_SENCE_OrganismosTecnicos-2-b-1-1-705x499.jpg 705w, https:\/\/radiorevelacionfm.cl\/wp-content\/uploads\/2022\/10\/Reunion_SENCE_OrganismosTecnicos-2-b-1-1-600x425.jpg 600w\" sizes=\"(max-width: 847px) 100vw, 847px\" \/><\/div><\/div><\/div><\/div><div class=\"flex_column av_one_full  flex_column_div av-zero-column-padding first  avia-builder-el-2  el_after_av_one_full  el_before_av_one_full  column-top-margin\" style='border-radius:0px; '><section class=\"av_textblock_section \"  itemscope=\"itemscope\" itemtype=\"https:\/\/schema.org\/BlogPosting\" itemprop=\"blogPost\" ><div class='avia_textblock  '   itemprop=\"text\" ><p style=\"text-align: center;\"><span style=\"font-size: 18pt;\"><strong>Sence se re\u00fane con Organismos T\u00e9cnicos de Capacitaci\u00f3n para dar \u00e9nfasis al acompa\u00f1amiento<\/strong><\/span><\/p>\n<div id=\"gtx-trans\" style=\"position: absolute; left: -50px; top: 4.31534px;\">\n<div class=\"gtx-trans-icon\"><\/div>\n<\/div>\n<\/div><\/section><\/div><div class=\"flex_column av_one_full  flex_column_div av-zero-column-padding first  avia-builder-el-4  el_after_av_one_full  el_before_av_hr  column-top-margin\" style='border-radius:0px; '><section class=\"av_textblock_section \"  itemscope=\"itemscope\" itemtype=\"https:\/\/schema.org\/BlogPosting\" itemprop=\"blogPost\" ><div class='avia_textblock  '   itemprop=\"text\" ><p style=\"text-align: justify;\">Con el prop\u00f3sito de dar \u00e9nfasis en el acompa\u00f1amiento t\u00e9cnico a los Organismos T\u00e9cnicos de Capacitaci\u00f3n, OTEC, el Servicio Nacional de Capacitaci\u00f3n y Empleo, SENCE, comenz\u00f3 una serie de reuniones con los entes encargados de ejecutar las capacitaciones en las cuales la instituci\u00f3n es el mandante.<\/p>\n<p style=\"text-align: justify;\">As\u00ed lo destac\u00f3 el director regional(s), de SENCE de la Regi\u00f3n de Ays\u00e9n, Andro Valdenegro Terraza, \u201cEl objetivo de esto tiene que ver con generar un proceso de acompa\u00f1amiento a nuestros OTEC regionales, a trav\u00e9s de nuestros modelos de acompa\u00f1amiento t\u00e9cnicos, que es un proceso de gesti\u00f3n, reconocer y conocer nuestras plataformas de gesti\u00f3n, nuestra reglamentaci\u00f3n, los programas, c\u00f3mo funcionan y su operatoria, en funci\u00f3n b\u00e1sicamente en generar la entrega de un mejor producto. Nuestros programas de capacitaci\u00f3n finalmente tienen que redituar en un buen producto de capacitaci\u00f3n para nuestros usuarios y en ese sentido, esta primera instancia de conocimiento y de reconocimiento con los OTEC es fundamental para poder llevar a cabo ese proceso que tiene que ver con un mejor desarrollo, una mejor planificaci\u00f3n, porque es un trabajo conjunto, porque finalmente los OTEC son socios estrat\u00e9gicos, son socios colaboradores, importantes para SENCE\u201d, concluy\u00f3.<\/p>\n<p style=\"text-align: justify;\">Con respecto a las articulaciones que est\u00e1 realizando SENCE, el Seremi de Trabajo y Previsi\u00f3n Social, Rodrigo D\u00edaz Cordaro, afirm\u00f3 \u201cComo Gobierno y como Ministerio de Trabajo y Previsi\u00f3n Social, estamos muy contentos con el trabajo que est\u00e1 desarrollando Sence, articul\u00e1ndose, en este caso con las OTEC, que son los Organismos T\u00e9cnicos de Capacitaci\u00f3n, que van a capacitar a las empresas y a los trabajadores, y desde ese punto de vista, poder llegar con los productos en la mejor calidad al usuario, de manera que el beneficio que busca que el Estado, de tener trabajo decente para el buen vivir, sea efectivo y un hecho concreto. As\u00ed que esperamos ir mejorando los procedimientos, que las OTEC se puedan adaptar a los cambios, a las fiscalizaciones, y entender que lo que aqu\u00ed se busca es finalmente que los recursos que entrega Sence y el Estado, lleguen donde deben llegar y en la calidad que se espera\u201d, coment\u00f3.<\/p>\n<p style=\"text-align: justify;\">Las autoridades esperan que esta instancia se replique peri\u00f3dicamente, como parte de una estrategia de desarrollo de proveedores y de mejoramiento de la calidad de las capacitaciones, en diversos aspectos, tanto t\u00e9cnicos como curriculares y de relator\u00edas, entre otros, rescatando las experiencias exitosas a nivel regional.<\/p>\n<\/div><\/section><\/div><div  style='height:50px' class='hr hr-invisible   avia-builder-el-6  el_after_av_one_full  el_before_av_social_share '><span class='hr-inner ' ><span class='hr-inner-style'><\/span><\/span><\/div><\/p>\n<div  class='av-social-sharing-box  avia-builder-el-7  el_after_av_hr  el_before_av_hr  '><div class='av-share-box'><h5 class='av-share-link-description av-no-toc '>Compartir esta noticia<\/h5><ul class='av-share-box-list noLightbox'><li class='av-share-link av-social-link-facebook' ><a target=\"_blank\" aria-label=\"Compartir en Facebook\" href='https:\/\/www.facebook.com\/sharer.php?u=https:\/\/radiorevelacionfm.cl\/?p=22726&#038;t=Sence%20se%20re%C3%BAne%20con%20Organismos%20T%C3%A9cnicos%20de%20Capacitaci%C3%B3n%20para%20dar%20%C3%A9nfasis%20al%20acompa%C3%B1amiento' aria-hidden='false' data-av_icon='\ue8f3' data-av_iconfont='entypo-fontello' title='' data-avia-related-tooltip='Compartir en Facebook' rel=\"noopener\"><span class='avia_hidden_link_text'>Compartir en Facebook<\/span><\/a><\/li><li class='av-share-link av-social-link-twitter' ><a target=\"_blank\" aria-label=\"Compartir en Twitter\" href='https:\/\/twitter.com\/share?text=Sence%20se%20re%C3%BAne%20con%20Organismos%20T%C3%A9cnicos%20de%20Capacitaci%C3%B3n%20para%20dar%20%C3%A9nfasis%20al%20acompa%C3%B1amiento&#038;url=https:\/\/radiorevelacionfm.cl\/?p=22726' aria-hidden='false' data-av_icon='\ue8f1' data-av_iconfont='entypo-fontello' title='' data-avia-related-tooltip='Compartir en Twitter' rel=\"noopener\"><span class='avia_hidden_link_text'>Compartir en Twitter<\/span><\/a><\/li><li class='av-share-link av-social-link-whatsapp' ><a target=\"_blank\" aria-label=\"Compartir en Whatsapp\" href='https:\/\/api.whatsapp.com\/send?text=https:\/\/radiorevelacionfm.cl\/?p=22726' aria-hidden='false' data-av_icon='\uf232' data-av_iconfont='entypo-fontello' title='' data-avia-related-tooltip='Compartir en Whatsapp' rel=\"noopener\"><span class='avia_hidden_link_text'>Compartir en Whatsapp<\/span><\/a><\/li><li class='av-share-link av-social-link-linkedin' ><a target=\"_blank\" aria-label=\"Compartir en LinkedIn\" href='https:\/\/linkedin.com\/shareArticle?mini=true&#038;title=Sence%20se%20re%C3%BAne%20con%20Organismos%20T%C3%A9cnicos%20de%20Capacitaci%C3%B3n%20para%20dar%20%C3%A9nfasis%20al%20acompa%C3%B1amiento&#038;url=https:\/\/radiorevelacionfm.cl\/?p=22726' aria-hidden='false' data-av_icon='\ue8fc' data-av_iconfont='entypo-fontello' title='' data-avia-related-tooltip='Compartir en LinkedIn' rel=\"noopener\"><span class='avia_hidden_link_text'>Compartir en LinkedIn<\/span><\/a><\/li><li class='av-share-link av-social-link-mail' ><a  aria-label=\"Compartir por correo\" href='mailto:?subject=Sence%20se%20re%C3%BAne%20con%20Organismos%20T%C3%A9cnicos%20de%20Capacitaci%C3%B3n%20para%20dar%20%C3%A9nfasis%20al%20acompa%C3%B1amiento&#038;body=https:\/\/radiorevelacionfm.cl\/?p=22726' aria-hidden='false' data-av_icon='\ue805' data-av_iconfont='entypo-fontello' title='' data-avia-related-tooltip='Compartir por correo'><span class='avia_hidden_link_text'>Compartir por correo<\/span><\/a><\/li><\/ul><\/div><\/div>\n<div  style='height:50px' class='hr hr-invisible   avia-builder-el-8  el_after_av_social_share  el_before_av_comments_list '><span class='hr-inner ' ><span class='hr-inner-style'><\/span><\/span><\/div>\n<div  class='av-buildercomment  av-blog-meta-html-info-disabled av-blog-meta-tag-disabled  '><\/div>\n","protected":false},"excerpt":{"rendered":"","protected":false},"author":1,"featured_media":22727,"comment_status":"open","ping_status":"open","sticky":false,"template":"","format":"standard","meta":{"footnotes":""},"categories":[38],"tags":[],"class_list":["post-22726","post","type-post","status-publish","format-standard","has-post-thumbnail","hentry","category-regional"],"jetpack_featured_media_url":"https:\/\/radiorevelacionfm.cl\/wp-content\/uploads\/2022\/10\/Reunion_SENCE_OrganismosTecnicos-2-b-1-1.jpg","_links":{"self":[{"href":"https:\/\/radiorevelacionfm.cl\/index.php?rest_route=\/wp\/v2\/posts\/22726","targetHints":{"allow":["GET"]}}],"collection":[{"href":"https:\/\/radiorevelacionfm.cl\/index.php?rest_route=\/wp\/v2\/posts"}],"about":[{"href":"https:\/\/radiorevelacionfm.cl\/index.php?rest_route=\/wp\/v2\/types\/post"}],"author":[{"embeddable":true,"href":"https:\/\/radiorevelacionfm.cl\/index.php?rest_route=\/wp\/v2\/users\/1"}],"replies":[{"embeddable":true,"href":"https:\/\/radiorevelacionfm.cl\/index.php?rest_route=%2Fwp%2Fv2%2Fcomments&post=22726"}],"version-history":[{"count":2,"href":"https:\/\/radiorevelacionfm.cl\/index.php?rest_route=\/wp\/v2\/posts\/22726\/revisions"}],"predecessor-version":[{"id":22803,"href":"https:\/\/radiorevelacionfm.cl\/index.php?rest_route=\/wp\/v2\/posts\/22726\/revisions\/22803"}],"wp:featuredmedia":[{"embeddable":true,"href":"https:\/\/radiorevelacionfm.cl\/index.php?rest_route=\/wp\/v2\/media\/22727"}],"wp:attachment":[{"href":"https:\/\/radiorevelacionfm.cl\/index.php?rest_route=%2Fwp%2Fv2%2Fmedia&parent=22726"}],"wp:term":[{"taxonomy":"category","embeddable":true,"href":"https:\/\/radiorevelacionfm.cl\/index.php?rest_route=%2Fwp%2Fv2%2Fcategories&post=22726"},{"taxonomy":"post_tag","embeddable":true,"href":"https:\/\/radiorevelacionfm.cl\/index.php?rest_route=%2Fwp%2Fv2%2Ftags&post=22726"}],"curies":[{"name":"wp","href":"https:\/\/api.w.org\/{rel}","templated":true}]}}