{"id":22722,"date":"2022-10-06T19:15:33","date_gmt":"2022-10-06T22:15:33","guid":{"rendered":"https:\/\/radiorevelacionfm.cl\/?p=22722"},"modified":"2022-10-06T19:15:33","modified_gmt":"2022-10-06T22:15:33","slug":"sandoval-pide-definiciones-de-parte-del-gobierno-en-distintas-materias-durante-debate-de-presupuesto-2023","status":"publish","type":"post","link":"https:\/\/radiorevelacionfm.cl\/?p=22722","title":{"rendered":"Sandoval pide definiciones de parte del Gobierno en distintas materias durante debate de Presupuesto 2023"},"content":{"rendered":"<div class=\"flex_column av_one_full  flex_column_div av-zero-column-padding first  avia-builder-el-0  el_before_av_one_full  avia-builder-el-first  \" style='border-radius:0px; '><div  class='avia-image-container  av-styling-    avia-builder-el-1  avia-builder-el-no-sibling  avia-align-center '  itemprop=\"image\" itemscope=\"itemscope\" itemtype=\"https:\/\/schema.org\/ImageObject\"  ><div class='avia-image-container-inner'><div class='avia-image-overlay-wrap'><img decoding=\"async\" class='wp-image-22723 avia-img-lazy-loading-not-22723 avia_image' src=\"https:\/\/radiorevelacionfm.cl\/wp-content\/uploads\/2022\/10\/Sandoval-IMG_1790-1-1.jpg\" alt='' title='Sandoval IMG_1790 (1) (1)' height=\"600\" width=\"835\"  itemprop=\"thumbnailUrl\" srcset=\"https:\/\/radiorevelacionfm.cl\/wp-content\/uploads\/2022\/10\/Sandoval-IMG_1790-1-1.jpg 835w, https:\/\/radiorevelacionfm.cl\/wp-content\/uploads\/2022\/10\/Sandoval-IMG_1790-1-1-300x216.jpg 300w, https:\/\/radiorevelacionfm.cl\/wp-content\/uploads\/2022\/10\/Sandoval-IMG_1790-1-1-768x552.jpg 768w, https:\/\/radiorevelacionfm.cl\/wp-content\/uploads\/2022\/10\/Sandoval-IMG_1790-1-1-705x507.jpg 705w, https:\/\/radiorevelacionfm.cl\/wp-content\/uploads\/2022\/10\/Sandoval-IMG_1790-1-1-600x431.jpg 600w\" sizes=\"(max-width: 835px) 100vw, 835px\" \/><\/div><\/div><\/div><\/div><div class=\"flex_column av_one_full  flex_column_div av-zero-column-padding first  avia-builder-el-2  el_after_av_one_full  el_before_av_one_full  column-top-margin\" style='border-radius:0px; '><section class=\"av_textblock_section \"  itemscope=\"itemscope\" itemtype=\"https:\/\/schema.org\/BlogPosting\" itemprop=\"blogPost\" ><div class='avia_textblock  '   itemprop=\"text\" ><p style=\"text-align: center;\"><span style=\"font-size: 18pt;\"><strong>Sandoval pide definiciones de parte del Gobierno en distintas materias durante debate de Presupuesto 2023<\/strong><\/span><\/p>\n<div id=\"gtx-trans\" style=\"position: absolute; left: -50px; top: 4.31534px;\">\n<div class=\"gtx-trans-icon\"><\/div>\n<\/div>\n<\/div><\/section><\/div><div class=\"flex_column av_one_full  flex_column_div av-zero-column-padding first  avia-builder-el-4  el_after_av_one_full  el_before_av_hr  column-top-margin\" style='border-radius:0px; '><section class=\"av_textblock_section \"  itemscope=\"itemscope\" itemtype=\"https:\/\/schema.org\/BlogPosting\" itemprop=\"blogPost\" ><div class='avia_textblock  '   itemprop=\"text\" ><p style=\"text-align: justify;\">Qu\u00e9 pasar\u00e1 con contratos del MOP que se encuentran en riesgo por alza de precios de materiales de construcci\u00f3n; la ejecuci\u00f3n presupuestaria de los gobiernos regionales, especialmente en Ays\u00e9n; y qu\u00e9 pasa con la anunciada nueva pol\u00edtica nacional de car\u00e1cter permanente para zonas extremas, fueron parte de las inquietudes que el senador David Sandoval, plante\u00f3 durante debate que se dio esta semana en el Congreso, con relaci\u00f3n al Presupuesto 2023.<\/p>\n<p style=\"text-align: justify;\">Durante su intervenci\u00f3n en la Sala del Senado, donde se dio a conocer el informe de Finanzas Publicas con miras al pr\u00f3ximo a\u00f1o, el parlamentario dijo que era muy relevante que en el actual escenario de discusi\u00f3n del erario nacional, el Gobierno tuviera claridad respecto a c\u00f3mo va a enfrentar estas tres materias, las que sin duda involucran directamente a la regi\u00f3n de Ays\u00e9n.<\/p>\n<p style=\"text-align: justify;\">Sobre los contratos del MOP, que se encuentran en riesgo de ejecuci\u00f3n, y que seg\u00fan cifras de la C\u00e1mara Chilena de la Construcci\u00f3n afecta a 360 proyectos, 23 de los cuales est\u00e1n en Ays\u00e9n, Sandoval se\u00f1al\u00f3 su preocupaci\u00f3n por c\u00f3mo se resuelven \u201caquellos contratos ya en ejecuci\u00f3n y que tienen problemas de financiamiento\u201d.<\/p>\n<p style=\"text-align: justify;\">Respecto de los Gobiernos Regionales, Sandoval hizo \u00e9nfasis en el serio problema de ejecuci\u00f3n presupuestaria que enfrentan los Gores, que en el caso de la regi\u00f3n de Ays\u00e9n llega a menos del 20%, lo que calific\u00f3 como una \u201csituaci\u00f3n dram\u00e1tica, estando entre los gobiernos regionales con mayores dificultades\u201d. \u201cCreo que hoy no hay que solamente preocuparse del gasto sino que tambi\u00e9n enfatizar en la eficiencia del gasto\u201d, explic\u00f3.<\/p>\n<p style=\"text-align: justify;\">Tambi\u00e9n, agreg\u00f3 el legislador, se necesitan definiciones clara respecto de la nueva pol\u00edtica nacional, de car\u00e1cter permanente, para zonas extremas, lo que fue anunciado por el propio presidente hace aproximadamente cinco meses, en la regi\u00f3n de Magallanes. \u201cHemos tenido reuniones con la SUBDERE, pero no tenemos claridad de los procedimientos, de la fecha de implementaci\u00f3n y del financiamiento\u201d, indic\u00f3.<\/p>\n<p style=\"text-align: justify;\">Todos estos temas, seguir\u00e1n en discusi\u00f3n durante las pr\u00f3ximas semanas, recordando que el senador Sandoval forma parte de las subcomisiones mixtas de Presupuesto de las partidas relacionadas con los ministerios de Energ\u00eda, Miner\u00eda, Transportes y Obras P\u00fablicas, entre otras.<\/p>\n<\/div><\/section><\/div><div  style='height:50px' class='hr hr-invisible   avia-builder-el-6  el_after_av_one_full  el_before_av_social_share '><span class='hr-inner ' ><span class='hr-inner-style'><\/span><\/span><\/div><\/p>\n<div  class='av-social-sharing-box  avia-builder-el-7  el_after_av_hr  el_before_av_hr  '><div class='av-share-box'><h5 class='av-share-link-description av-no-toc '>Compartir esta noticia<\/h5><ul class='av-share-box-list noLightbox'><li class='av-share-link av-social-link-facebook' ><a target=\"_blank\" aria-label=\"Compartir en Facebook\" href='https:\/\/www.facebook.com\/sharer.php?u=https:\/\/radiorevelacionfm.cl\/?p=22722&#038;t=Sandoval%20pide%20definiciones%20de%20parte%20del%20Gobierno%20en%20distintas%20materias%20durante%20debate%20de%20Presupuesto%202023' aria-hidden='false' data-av_icon='\ue8f3' data-av_iconfont='entypo-fontello' title='' data-avia-related-tooltip='Compartir en Facebook' rel=\"noopener\"><span class='avia_hidden_link_text'>Compartir en Facebook<\/span><\/a><\/li><li class='av-share-link av-social-link-twitter' ><a target=\"_blank\" aria-label=\"Compartir en Twitter\" href='https:\/\/twitter.com\/share?text=Sandoval%20pide%20definiciones%20de%20parte%20del%20Gobierno%20en%20distintas%20materias%20durante%20debate%20de%20Presupuesto%202023&#038;url=https:\/\/radiorevelacionfm.cl\/?p=22722' aria-hidden='false' data-av_icon='\ue8f1' data-av_iconfont='entypo-fontello' title='' data-avia-related-tooltip='Compartir en Twitter' rel=\"noopener\"><span class='avia_hidden_link_text'>Compartir en Twitter<\/span><\/a><\/li><li class='av-share-link av-social-link-whatsapp' ><a target=\"_blank\" aria-label=\"Compartir en Whatsapp\" href='https:\/\/api.whatsapp.com\/send?text=https:\/\/radiorevelacionfm.cl\/?p=22722' aria-hidden='false' data-av_icon='\uf232' data-av_iconfont='entypo-fontello' title='' data-avia-related-tooltip='Compartir en Whatsapp' rel=\"noopener\"><span class='avia_hidden_link_text'>Compartir en Whatsapp<\/span><\/a><\/li><li class='av-share-link av-social-link-linkedin' ><a target=\"_blank\" aria-label=\"Compartir en LinkedIn\" href='https:\/\/linkedin.com\/shareArticle?mini=true&#038;title=Sandoval%20pide%20definiciones%20de%20parte%20del%20Gobierno%20en%20distintas%20materias%20durante%20debate%20de%20Presupuesto%202023&#038;url=https:\/\/radiorevelacionfm.cl\/?p=22722' aria-hidden='false' data-av_icon='\ue8fc' data-av_iconfont='entypo-fontello' title='' data-avia-related-tooltip='Compartir en LinkedIn' rel=\"noopener\"><span class='avia_hidden_link_text'>Compartir en LinkedIn<\/span><\/a><\/li><li class='av-share-link av-social-link-mail' ><a  aria-label=\"Compartir por correo\" href='mailto:?subject=Sandoval%20pide%20definiciones%20de%20parte%20del%20Gobierno%20en%20distintas%20materias%20durante%20debate%20de%20Presupuesto%202023&#038;body=https:\/\/radiorevelacionfm.cl\/?p=22722' aria-hidden='false' data-av_icon='\ue805' data-av_iconfont='entypo-fontello' title='' data-avia-related-tooltip='Compartir por correo'><span class='avia_hidden_link_text'>Compartir por correo<\/span><\/a><\/li><\/ul><\/div><\/div>\n<div  style='height:50px' class='hr hr-invisible   avia-builder-el-8  el_after_av_social_share  el_before_av_comments_list '><span class='hr-inner ' ><span class='hr-inner-style'><\/span><\/span><\/div>\n<div  class='av-buildercomment  av-blog-meta-html-info-disabled av-blog-meta-tag-disabled  '><\/div>\n","protected":false},"excerpt":{"rendered":"","protected":false},"author":1,"featured_media":22723,"comment_status":"open","ping_status":"open","sticky":false,"template":"","format":"standard","meta":{"footnotes":""},"categories":[35],"tags":[],"class_list":["post-22722","post","type-post","status-publish","format-standard","has-post-thumbnail","hentry","category-politica"],"jetpack_featured_media_url":"https:\/\/radiorevelacionfm.cl\/wp-content\/uploads\/2022\/10\/Sandoval-IMG_1790-1-1.jpg","_links":{"self":[{"href":"https:\/\/radiorevelacionfm.cl\/index.php?rest_route=\/wp\/v2\/posts\/22722","targetHints":{"allow":["GET"]}}],"collection":[{"href":"https:\/\/radiorevelacionfm.cl\/index.php?rest_route=\/wp\/v2\/posts"}],"about":[{"href":"https:\/\/radiorevelacionfm.cl\/index.php?rest_route=\/wp\/v2\/types\/post"}],"author":[{"embeddable":true,"href":"https:\/\/radiorevelacionfm.cl\/index.php?rest_route=\/wp\/v2\/users\/1"}],"replies":[{"embeddable":true,"href":"https:\/\/radiorevelacionfm.cl\/index.php?rest_route=%2Fwp%2Fv2%2Fcomments&post=22722"}],"version-history":[{"count":2,"href":"https:\/\/radiorevelacionfm.cl\/index.php?rest_route=\/wp\/v2\/posts\/22722\/revisions"}],"predecessor-version":[{"id":22743,"href":"https:\/\/radiorevelacionfm.cl\/index.php?rest_route=\/wp\/v2\/posts\/22722\/revisions\/22743"}],"wp:featuredmedia":[{"embeddable":true,"href":"https:\/\/radiorevelacionfm.cl\/index.php?rest_route=\/wp\/v2\/media\/22723"}],"wp:attachment":[{"href":"https:\/\/radiorevelacionfm.cl\/index.php?rest_route=%2Fwp%2Fv2%2Fmedia&parent=22722"}],"wp:term":[{"taxonomy":"category","embeddable":true,"href":"https:\/\/radiorevelacionfm.cl\/index.php?rest_route=%2Fwp%2Fv2%2Fcategories&post=22722"},{"taxonomy":"post_tag","embeddable":true,"href":"https:\/\/radiorevelacionfm.cl\/index.php?rest_route=%2Fwp%2Fv2%2Ftags&post=22722"}],"curies":[{"name":"wp","href":"https:\/\/api.w.org\/{rel}","templated":true}]}}