{"id":2272,"date":"2021-02-01T10:28:46","date_gmt":"2021-02-01T13:28:46","guid":{"rendered":"https:\/\/radiorevelacionfm.cl\/?p=2272"},"modified":"2021-02-01T10:28:46","modified_gmt":"2021-02-01T13:28:46","slug":"senda-realiza-especial-reconocimiento-a-funcionario-de-carabineros-de-la-prefectura-aysen","status":"publish","type":"post","link":"https:\/\/radiorevelacionfm.cl\/?p=2272","title":{"rendered":"SENDA realiza especial reconocimiento a funcionario de Carabineros de la Prefectura Ays\u00e9n"},"content":{"rendered":"<div class=\"flex_column av_one_full  flex_column_div av-zero-column-padding first  avia-builder-el-0  el_before_av_one_full  avia-builder-el-first  \" style='border-radius:0px; '><div  class='avia-image-container  av-styling-    avia-builder-el-1  avia-builder-el-no-sibling  avia-align-center '  itemprop=\"image\" itemscope=\"itemscope\" itemtype=\"https:\/\/schema.org\/ImageObject\"  ><div class='avia-image-container-inner'><div class='avia-image-overlay-wrap'><img decoding=\"async\" class='wp-image-0 avia-img-lazy-loading-not-0 avia_image' src=\"https:\/\/radiorevelacionfm.cl\/wp-content\/uploads\/2021\/02\/2-10-1.jpg\" alt='' title=''   itemprop=\"thumbnailUrl\"  \/><\/div><\/div><\/div><\/div><div class=\"flex_column av_one_full  flex_column_div av-zero-column-padding first  avia-builder-el-2  el_after_av_one_full  el_before_av_one_full  column-top-margin\" style='border-radius:0px; '><section class=\"av_textblock_section \"  itemscope=\"itemscope\" itemtype=\"https:\/\/schema.org\/BlogPosting\" itemprop=\"blogPost\" ><div class='avia_textblock  '   itemprop=\"text\" ><p style=\"text-align: center;\"><span style=\"font-size: 18pt;\"><strong>SENDA realiza especial reconocimiento a funcionario de Carabineros de la Prefectura Ays\u00e9n <\/strong><\/span><\/p>\n<div id=\"gtx-trans\" style=\"position: absolute; left: -50px; top: 4.31534px;\">\n<div class=\"gtx-trans-icon\"><\/div>\n<\/div>\n<\/div><\/section><\/div><div class=\"flex_column av_one_full  flex_column_div av-zero-column-padding first  avia-builder-el-4  el_after_av_one_full  el_before_av_hr  column-top-margin\" style='border-radius:0px; '><section class=\"av_textblock_section \"  itemscope=\"itemscope\" itemtype=\"https:\/\/schema.org\/BlogPosting\" itemprop=\"blogPost\" ><div class='avia_textblock  '   itemprop=\"text\" ><p style=\"text-align: justify;\">En ceremonia que cont\u00f3 con la presencia de autoridades tanto de SENDA como de Carabineros de Chile, se realiz\u00f3 reconocimiento a Sargento Segundo de la Prefectura Ays\u00e9n de Carabineros de Chile<\/p>\n<p style=\"text-align: justify;\">Este viernes 29, en las oficinas de SENDA Ays\u00e9n se realiz\u00f3 una significativa ceremonia de reconocimiento al Sargento Segundo de Carabineros de Chile C\u00e9sar Matus Fuentes, perteneciente a la secci\u00f3n de intervenci\u00f3n de la Prefectura Ays\u00e9n; en presencia de sus superiores Mayor Cristi\u00e1n Morgenstern y Mayor C\u00e9sar Leiva, como as\u00ed mismo del Jefe de Gabinete Nicol\u00e1s Rendic y el Jefe (S) del \u00c1rea Tolerancia Cero de Senda Nacional Oscar Vargas,\u00a0 por su contribuci\u00f3n a la ejecuci\u00f3n del Programa Tolerancia Cero de SENDA, que se implementa en conjunto con Carabineros de Chile.<\/p>\n<p style=\"text-align: justify;\">El programa Tolerancia Cero de SENDA, busca prevenir el consumo de alcohol y otras drogas al momento de conducir, lo que se trabaja a partir de controles preventivos que se implementan por medio de Operativos en los que se aplican pruebas de Alcotest y Narcotest, por parte de Carabineros de Chile momento en que SENDA\u00a0 hace labor educativa, tanto con conductores como con sus acompa\u00f1antes; todo ello con el objeto de contribuir a la salud p\u00fablica, al tiempo de trabajar en pos del respeto de la Ley de Tr\u00e1nsito y\u00a0 resguardo de la integridad f\u00edsica tanto de conductores, acompa\u00f1antes y de peatones, a prop\u00f3sito de la prevenci\u00f3n de siniestros de tr\u00e1nsito que pudieran tener resultados graves y hasta fatales.<\/p>\n<p style=\"text-align: justify;\">La importante contribuci\u00f3n que el Sargento Segundo Cesar Matus Fuentes realiz\u00f3 al programa con su compromiso, dedicaci\u00f3n, profesionalismo y apego a los procedimientos, adem\u00e1s de un ejemplar trato a nivel humano al equipo de trabajo y a los conductores, dio pie a la instancia de reconocimiento planificada por SENDA, reconocimiento que se hizo extensivo a toda la instituci\u00f3n de Carabineros de Chile.<\/p>\n<p style=\"text-align: justify;\">As\u00ed lo manifest\u00f3 Nicol\u00e1s Rendic, Jefe de Gabinete en representaci\u00f3n del Director Nacional de SENDA Carlos Charme, al dirigir su saludo a los presentes y lo propio realiz\u00f3 el Jefe subrogante del \u00c1rea Tolerancia Cero Oscar Vargas; ellos destacaron la importancia del trabajo mancomunado entre ambas instituciones para la realizaci\u00f3n de este trabajo preventivo, agradeciendo la labor desarrollada a nivel individual por el homenajeado.<\/p>\n<p style=\"text-align: justify;\">Consultada al respecto, la Directora Regional Annie Katherine Hunter se\u00f1al\u00f3 \u201cnuestra instituci\u00f3n reconoce en Carabineros de Chile a un aliado estrat\u00e9gico important\u00edsimo en lo que dice relaci\u00f3n con el trabajo preventivo en general y por cierto cuando hablamos de la implementaci\u00f3n del Programa Tolerancia Cero, por ello tanto nuestro Director Nacional Carlos Charme como quien habla no hemos querido dejar pasar la oportunidad de \u00a0reconocer a un hombre y funcionario destacad\u00edsimo, agradeciendo todo el apoyo brindado para cumplir con la tarea encomendada; estamos muy agradecidos de \u00e9l y de Carabineros como instituci\u00f3n\u201d.<\/p>\n<p style=\"text-align: justify;\">Los Operativos Tolerancia Cero se desarrollan a lo largo de todo Chile, durante todo el a\u00f1o, a\u00fan en tiempos de Pandemia tras introducir en los procedimientos habituales, protocolos sanitarios creados especialmente al efecto y autorizados por el Ministerio de Salud.<\/p>\n<\/div><\/section><\/div><div  style='height:50px' class='hr hr-invisible   avia-builder-el-6  el_after_av_one_full  el_before_av_social_share '><span class='hr-inner ' ><span class='hr-inner-style'><\/span><\/span><\/div><\/p>\n<div  class='av-social-sharing-box  avia-builder-el-7  el_after_av_hr  el_before_av_hr  '><div class='av-share-box'><h5 class='av-share-link-description av-no-toc '>Compartir esta noticia<\/h5><ul class='av-share-box-list noLightbox'><li class='av-share-link av-social-link-facebook' ><a target=\"_blank\" aria-label=\"Compartir en Facebook\" href='https:\/\/www.facebook.com\/sharer.php?u=https:\/\/radiorevelacionfm.cl\/?p=2272&#038;t=SENDA%20realiza%20especial%20reconocimiento%20a%20funcionario%20de%20Carabineros%20de%20la%20Prefectura%20Ays%C3%A9n' aria-hidden='false' data-av_icon='\ue8f3' data-av_iconfont='entypo-fontello' title='' data-avia-related-tooltip='Compartir en Facebook' rel=\"noopener\"><span class='avia_hidden_link_text'>Compartir en Facebook<\/span><\/a><\/li><li class='av-share-link av-social-link-twitter' ><a target=\"_blank\" aria-label=\"Compartir en Twitter\" href='https:\/\/twitter.com\/share?text=SENDA%20realiza%20especial%20reconocimiento%20a%20funcionario%20de%20Carabineros%20de%20la%20Prefectura%20Ays%C3%A9n&#038;url=https:\/\/radiorevelacionfm.cl\/?p=2272' aria-hidden='false' data-av_icon='\ue8f1' data-av_iconfont='entypo-fontello' title='' data-avia-related-tooltip='Compartir en Twitter' rel=\"noopener\"><span class='avia_hidden_link_text'>Compartir en Twitter<\/span><\/a><\/li><li class='av-share-link av-social-link-whatsapp' ><a target=\"_blank\" aria-label=\"Compartir en Whatsapp\" href='https:\/\/api.whatsapp.com\/send?text=https:\/\/radiorevelacionfm.cl\/?p=2272' aria-hidden='false' data-av_icon='\uf232' data-av_iconfont='entypo-fontello' title='' data-avia-related-tooltip='Compartir en Whatsapp' rel=\"noopener\"><span class='avia_hidden_link_text'>Compartir en Whatsapp<\/span><\/a><\/li><li class='av-share-link av-social-link-linkedin' ><a target=\"_blank\" aria-label=\"Compartir en LinkedIn\" href='https:\/\/linkedin.com\/shareArticle?mini=true&#038;title=SENDA%20realiza%20especial%20reconocimiento%20a%20funcionario%20de%20Carabineros%20de%20la%20Prefectura%20Ays%C3%A9n&#038;url=https:\/\/radiorevelacionfm.cl\/?p=2272' aria-hidden='false' data-av_icon='\ue8fc' data-av_iconfont='entypo-fontello' title='' data-avia-related-tooltip='Compartir en LinkedIn' rel=\"noopener\"><span class='avia_hidden_link_text'>Compartir en LinkedIn<\/span><\/a><\/li><li class='av-share-link av-social-link-mail' ><a  aria-label=\"Compartir por correo\" href='mailto:?subject=SENDA%20realiza%20especial%20reconocimiento%20a%20funcionario%20de%20Carabineros%20de%20la%20Prefectura%20Ays%C3%A9n&#038;body=https:\/\/radiorevelacionfm.cl\/?p=2272' aria-hidden='false' data-av_icon='\ue805' data-av_iconfont='entypo-fontello' title='' data-avia-related-tooltip='Compartir por correo'><span class='avia_hidden_link_text'>Compartir por correo<\/span><\/a><\/li><\/ul><\/div><\/div>\n<div  style='height:50px' class='hr hr-invisible   avia-builder-el-8  el_after_av_social_share  el_before_av_comments_list '><span class='hr-inner ' ><span class='hr-inner-style'><\/span><\/span><\/div>\n<div  class='av-buildercomment  av-blog-meta-html-info-disabled av-blog-meta-tag-disabled  '><\/div>\n","protected":false},"excerpt":{"rendered":"","protected":false},"author":1,"featured_media":0,"comment_status":"open","ping_status":"open","sticky":false,"template":"","format":"standard","meta":{"footnotes":""},"categories":[38],"tags":[],"class_list":["post-2272","post","type-post","status-publish","format-standard","hentry","category-regional"],"jetpack_featured_media_url":"","_links":{"self":[{"href":"https:\/\/radiorevelacionfm.cl\/index.php?rest_route=\/wp\/v2\/posts\/2272","targetHints":{"allow":["GET"]}}],"collection":[{"href":"https:\/\/radiorevelacionfm.cl\/index.php?rest_route=\/wp\/v2\/posts"}],"about":[{"href":"https:\/\/radiorevelacionfm.cl\/index.php?rest_route=\/wp\/v2\/types\/post"}],"author":[{"embeddable":true,"href":"https:\/\/radiorevelacionfm.cl\/index.php?rest_route=\/wp\/v2\/users\/1"}],"replies":[{"embeddable":true,"href":"https:\/\/radiorevelacionfm.cl\/index.php?rest_route=%2Fwp%2Fv2%2Fcomments&post=2272"}],"version-history":[{"count":1,"href":"https:\/\/radiorevelacionfm.cl\/index.php?rest_route=\/wp\/v2\/posts\/2272\/revisions"}],"predecessor-version":[{"id":2274,"href":"https:\/\/radiorevelacionfm.cl\/index.php?rest_route=\/wp\/v2\/posts\/2272\/revisions\/2274"}],"wp:attachment":[{"href":"https:\/\/radiorevelacionfm.cl\/index.php?rest_route=%2Fwp%2Fv2%2Fmedia&parent=2272"}],"wp:term":[{"taxonomy":"category","embeddable":true,"href":"https:\/\/radiorevelacionfm.cl\/index.php?rest_route=%2Fwp%2Fv2%2Fcategories&post=2272"},{"taxonomy":"post_tag","embeddable":true,"href":"https:\/\/radiorevelacionfm.cl\/index.php?rest_route=%2Fwp%2Fv2%2Ftags&post=2272"}],"curies":[{"name":"wp","href":"https:\/\/api.w.org\/{rel}","templated":true}]}}