{"id":22718,"date":"2022-10-06T15:36:09","date_gmt":"2022-10-06T18:36:09","guid":{"rendered":"https:\/\/radiorevelacionfm.cl\/?p=22718"},"modified":"2022-10-06T15:36:09","modified_gmt":"2022-10-06T18:36:09","slug":"por-primera-vez-ronda-medica-en-mallin-grande-incluyo-examenes-de-ecografia-abdominal","status":"publish","type":"post","link":"https:\/\/radiorevelacionfm.cl\/?p=22718","title":{"rendered":"Por primera vez ronda m\u00e9dica en Mall\u00edn Grande incluy\u00f3 ex\u00e1menes de ecograf\u00eda abdominal"},"content":{"rendered":"<div class=\"flex_column av_one_full  flex_column_div av-zero-column-padding first  avia-builder-el-0  el_before_av_one_full  avia-builder-el-first  \" style='border-radius:0px; '><div  class='avia-image-container  av-styling-    avia-builder-el-1  avia-builder-el-no-sibling  avia-align-center '  itemprop=\"image\" itemscope=\"itemscope\" itemtype=\"https:\/\/schema.org\/ImageObject\"  ><div class='avia-image-container-inner'><div class='avia-image-overlay-wrap'><img decoding=\"async\" class='wp-image-22719 avia-img-lazy-loading-not-22719 avia_image' src=\"https:\/\/radiorevelacionfm.cl\/wp-content\/uploads\/2022\/10\/mallin-2-1-1-1.jpeg\" alt='' title='mallin 2 (1) (1) (1)' height=\"600\" width=\"800\"  itemprop=\"thumbnailUrl\" srcset=\"https:\/\/radiorevelacionfm.cl\/wp-content\/uploads\/2022\/10\/mallin-2-1-1-1.jpeg 800w, https:\/\/radiorevelacionfm.cl\/wp-content\/uploads\/2022\/10\/mallin-2-1-1-1-300x225.jpeg 300w, https:\/\/radiorevelacionfm.cl\/wp-content\/uploads\/2022\/10\/mallin-2-1-1-1-768x576.jpeg 768w, https:\/\/radiorevelacionfm.cl\/wp-content\/uploads\/2022\/10\/mallin-2-1-1-1-705x529.jpeg 705w, https:\/\/radiorevelacionfm.cl\/wp-content\/uploads\/2022\/10\/mallin-2-1-1-1-600x450.jpeg 600w\" sizes=\"(max-width: 800px) 100vw, 800px\" \/><\/div><\/div><\/div><\/div><div class=\"flex_column av_one_full  flex_column_div av-zero-column-padding first  avia-builder-el-2  el_after_av_one_full  el_before_av_one_full  column-top-margin\" style='border-radius:0px; '><section class=\"av_textblock_section \"  itemscope=\"itemscope\" itemtype=\"https:\/\/schema.org\/BlogPosting\" itemprop=\"blogPost\" ><div class='avia_textblock  '   itemprop=\"text\" ><p style=\"text-align: center;\"><span style=\"font-size: 18pt;\"><b>Por primera vez ronda m\u00e9dica en Mall\u00edn Grande incluy\u00f3 ex\u00e1menes de ecograf\u00eda abdominal<\/b><\/span><\/p>\n<div id=\"gtx-trans\" style=\"position: absolute; left: -50px; top: 4.31534px;\">\n<div class=\"gtx-trans-icon\"><\/div>\n<\/div>\n<\/div><\/section><\/div><div class=\"flex_column av_one_full  flex_column_div av-zero-column-padding first  avia-builder-el-4  el_after_av_one_full  el_before_av_hr  column-top-margin\" style='border-radius:0px; '><section class=\"av_textblock_section \"  itemscope=\"itemscope\" itemtype=\"https:\/\/schema.org\/BlogPosting\" itemprop=\"blogPost\" ><div class='avia_textblock  '   itemprop=\"text\" ><p style=\"font-weight: 400; text-align: justify;\">Como un verdadero hito en la Salud P\u00fablica de la Provincia de General Carrera fue calificada la \u00faltima ronda m\u00e9dica realizada en la localidad rural de Mall\u00edn Grande ya que se incluy\u00f3, por primera vez, ecograf\u00edas abdominales a vecinos y vecinas que lo requer\u00edan.<\/p>\n<p style=\"font-weight: 400; text-align: justify;\">El objetivo de esta iniciativa es acercar las prestaciones de salud a localidades apartadas, poder disminuir la lista de espera local y evitar traslados hasta centros de mayor complejidad como el Hospital de Chile Chico Dr. Leopoldo Ortega Rodr\u00edguez.<\/p>\n<p style=\"font-weight: 400; text-align: justify;\">\u201cEstamos muy contentos de que se haya ejecutado este operativo en la localidad y agradecer a la doctora G\u00f3mez que impuls\u00f3 esta idea al conocer la lista de espera en la que se encontraban algunos de nuestros pacientes que, por consecuencia de vivir en un lugar tan aislado, no pueden concretar este tipo de procedimientos\u201d explic\u00f3 Luz Sep\u00falveda, TENS de la Posta de Salud Rural de Mall\u00edn Grande.<\/p>\n<p style=\"font-weight: 400; text-align: justify;\">La Ronda M\u00e9dica se realiz\u00f3 durante tres d\u00edas en la localidad y durante las jornadas de la ma\u00f1ana se logr\u00f3 realizar ecograf\u00edas abdominales a una decena de pacientes.<\/p>\n<p style=\"font-weight: 400; text-align: justify;\">\u201cAnte la necesidad de la comunidad de Mall\u00edn Grande de resolver problem\u00e1ticas que ten\u00edan que ser estudiadas con una ecograf\u00eda, se resolvi\u00f3 poder traer el ec\u00f3grafo a la comunidad para poder ayudar en las prestaciones. Fue un operativo exitoso ya que vino el 100% de la gente citada, con hallazgos importantes y con ello podemos dar una mejor oportunidad al acceso a la Salud\u201d agreg\u00f3 la Doctora Daniela G\u00f3mez, M\u00e9dico EDF del Hospital de Chile Chico.<\/p>\n<p style=\"font-weight: 400; text-align: justify;\">Tras el exitoso operativo realizado por las y los profesionales del Hospital Leopoldo Ortega Rodr\u00edguez, se est\u00e1 evaluando realizar ecograf\u00edas abdominales en otras localidades que requieran este tipo de ex\u00e1menes para facilitar el acceso a la Salud de las personas que viven en sectores apartados y de dif\u00edcil acceso de la comuna.<\/p>\n<\/div><\/section><\/div><div  style='height:50px' class='hr hr-invisible   avia-builder-el-6  el_after_av_one_full  el_before_av_social_share '><span class='hr-inner ' ><span class='hr-inner-style'><\/span><\/span><\/div><\/p>\n<div  class='av-social-sharing-box  avia-builder-el-7  el_after_av_hr  el_before_av_hr  '><div class='av-share-box'><h5 class='av-share-link-description av-no-toc '>Compartir esta noticia<\/h5><ul class='av-share-box-list noLightbox'><li class='av-share-link av-social-link-facebook' ><a target=\"_blank\" aria-label=\"Compartir en Facebook\" href='https:\/\/www.facebook.com\/sharer.php?u=https:\/\/radiorevelacionfm.cl\/?p=22718&#038;t=Por%20primera%20vez%20ronda%20m%C3%A9dica%20en%20Mall%C3%ADn%20Grande%20incluy%C3%B3%20ex%C3%A1menes%20de%20ecograf%C3%ADa%20abdominal' aria-hidden='false' data-av_icon='\ue8f3' data-av_iconfont='entypo-fontello' title='' data-avia-related-tooltip='Compartir en Facebook' rel=\"noopener\"><span class='avia_hidden_link_text'>Compartir en Facebook<\/span><\/a><\/li><li class='av-share-link av-social-link-twitter' ><a target=\"_blank\" aria-label=\"Compartir en Twitter\" href='https:\/\/twitter.com\/share?text=Por%20primera%20vez%20ronda%20m%C3%A9dica%20en%20Mall%C3%ADn%20Grande%20incluy%C3%B3%20ex%C3%A1menes%20de%20ecograf%C3%ADa%20abdominal&#038;url=https:\/\/radiorevelacionfm.cl\/?p=22718' aria-hidden='false' data-av_icon='\ue8f1' data-av_iconfont='entypo-fontello' title='' data-avia-related-tooltip='Compartir en Twitter' rel=\"noopener\"><span class='avia_hidden_link_text'>Compartir en Twitter<\/span><\/a><\/li><li class='av-share-link av-social-link-whatsapp' ><a target=\"_blank\" aria-label=\"Compartir en Whatsapp\" href='https:\/\/api.whatsapp.com\/send?text=https:\/\/radiorevelacionfm.cl\/?p=22718' aria-hidden='false' data-av_icon='\uf232' data-av_iconfont='entypo-fontello' title='' data-avia-related-tooltip='Compartir en Whatsapp' rel=\"noopener\"><span class='avia_hidden_link_text'>Compartir en Whatsapp<\/span><\/a><\/li><li class='av-share-link av-social-link-linkedin' ><a target=\"_blank\" aria-label=\"Compartir en LinkedIn\" href='https:\/\/linkedin.com\/shareArticle?mini=true&#038;title=Por%20primera%20vez%20ronda%20m%C3%A9dica%20en%20Mall%C3%ADn%20Grande%20incluy%C3%B3%20ex%C3%A1menes%20de%20ecograf%C3%ADa%20abdominal&#038;url=https:\/\/radiorevelacionfm.cl\/?p=22718' aria-hidden='false' data-av_icon='\ue8fc' data-av_iconfont='entypo-fontello' title='' data-avia-related-tooltip='Compartir en LinkedIn' rel=\"noopener\"><span class='avia_hidden_link_text'>Compartir en LinkedIn<\/span><\/a><\/li><li class='av-share-link av-social-link-mail' ><a  aria-label=\"Compartir por correo\" href='mailto:?subject=Por%20primera%20vez%20ronda%20m%C3%A9dica%20en%20Mall%C3%ADn%20Grande%20incluy%C3%B3%20ex%C3%A1menes%20de%20ecograf%C3%ADa%20abdominal&#038;body=https:\/\/radiorevelacionfm.cl\/?p=22718' aria-hidden='false' data-av_icon='\ue805' data-av_iconfont='entypo-fontello' title='' data-avia-related-tooltip='Compartir por correo'><span class='avia_hidden_link_text'>Compartir por correo<\/span><\/a><\/li><\/ul><\/div><\/div>\n<div  style='height:50px' class='hr hr-invisible   avia-builder-el-8  el_after_av_social_share  el_before_av_comments_list '><span class='hr-inner ' ><span class='hr-inner-style'><\/span><\/span><\/div>\n<div  class='av-buildercomment  av-blog-meta-html-info-disabled av-blog-meta-tag-disabled  '><\/div>\n","protected":false},"excerpt":{"rendered":"","protected":false},"author":1,"featured_media":22719,"comment_status":"open","ping_status":"open","sticky":false,"template":"","format":"standard","meta":{"footnotes":""},"categories":[46],"tags":[],"class_list":["post-22718","post","type-post","status-publish","format-standard","has-post-thumbnail","hentry","category-salud"],"jetpack_featured_media_url":"https:\/\/radiorevelacionfm.cl\/wp-content\/uploads\/2022\/10\/mallin-2-1-1-1.jpeg","_links":{"self":[{"href":"https:\/\/radiorevelacionfm.cl\/index.php?rest_route=\/wp\/v2\/posts\/22718","targetHints":{"allow":["GET"]}}],"collection":[{"href":"https:\/\/radiorevelacionfm.cl\/index.php?rest_route=\/wp\/v2\/posts"}],"about":[{"href":"https:\/\/radiorevelacionfm.cl\/index.php?rest_route=\/wp\/v2\/types\/post"}],"author":[{"embeddable":true,"href":"https:\/\/radiorevelacionfm.cl\/index.php?rest_route=\/wp\/v2\/users\/1"}],"replies":[{"embeddable":true,"href":"https:\/\/radiorevelacionfm.cl\/index.php?rest_route=%2Fwp%2Fv2%2Fcomments&post=22718"}],"version-history":[{"count":2,"href":"https:\/\/radiorevelacionfm.cl\/index.php?rest_route=\/wp\/v2\/posts\/22718\/revisions"}],"predecessor-version":[{"id":22725,"href":"https:\/\/radiorevelacionfm.cl\/index.php?rest_route=\/wp\/v2\/posts\/22718\/revisions\/22725"}],"wp:featuredmedia":[{"embeddable":true,"href":"https:\/\/radiorevelacionfm.cl\/index.php?rest_route=\/wp\/v2\/media\/22719"}],"wp:attachment":[{"href":"https:\/\/radiorevelacionfm.cl\/index.php?rest_route=%2Fwp%2Fv2%2Fmedia&parent=22718"}],"wp:term":[{"taxonomy":"category","embeddable":true,"href":"https:\/\/radiorevelacionfm.cl\/index.php?rest_route=%2Fwp%2Fv2%2Fcategories&post=22718"},{"taxonomy":"post_tag","embeddable":true,"href":"https:\/\/radiorevelacionfm.cl\/index.php?rest_route=%2Fwp%2Fv2%2Ftags&post=22718"}],"curies":[{"name":"wp","href":"https:\/\/api.w.org\/{rel}","templated":true}]}}