{"id":22715,"date":"2022-10-06T14:56:07","date_gmt":"2022-10-06T17:56:07","guid":{"rendered":"https:\/\/radiorevelacionfm.cl\/?p=22715"},"modified":"2022-10-06T14:56:07","modified_gmt":"2022-10-06T17:56:07","slug":"anuncian-instalacion-de-planta-productora-de-pellet-ecomas-en-la-region-de-aysen","status":"publish","type":"post","link":"https:\/\/radiorevelacionfm.cl\/?p=22715","title":{"rendered":"Anuncian instalaci\u00f3n de planta productora de pellet ECOMAS en la regi\u00f3n de Ays\u00e9n"},"content":{"rendered":"<div class=\"flex_column av_one_full  flex_column_div av-zero-column-padding first  avia-builder-el-0  el_before_av_one_full  avia-builder-el-first  \" style='border-radius:0px; '><div  class='avia-image-container  av-styling-    avia-builder-el-1  avia-builder-el-no-sibling  avia-align-center '  itemprop=\"image\" itemscope=\"itemscope\" itemtype=\"https:\/\/schema.org\/ImageObject\"  ><div class='avia-image-container-inner'><div class='avia-image-overlay-wrap'><img decoding=\"async\" class='wp-image-19974 avia-img-lazy-loading-not-19974 avia_image' src=\"https:\/\/radiorevelacionfm.cl\/wp-content\/uploads\/2022\/08\/pellet2-2-1.jpg\" alt='' title='pellet2 (2) (1)' height=\"600\" width=\"900\"  itemprop=\"thumbnailUrl\" srcset=\"https:\/\/radiorevelacionfm.cl\/wp-content\/uploads\/2022\/08\/pellet2-2-1.jpg 900w, https:\/\/radiorevelacionfm.cl\/wp-content\/uploads\/2022\/08\/pellet2-2-1-300x200.jpg 300w, https:\/\/radiorevelacionfm.cl\/wp-content\/uploads\/2022\/08\/pellet2-2-1-768x512.jpg 768w, https:\/\/radiorevelacionfm.cl\/wp-content\/uploads\/2022\/08\/pellet2-2-1-705x470.jpg 705w, https:\/\/radiorevelacionfm.cl\/wp-content\/uploads\/2022\/08\/pellet2-2-1-600x400.jpg 600w\" sizes=\"(max-width: 900px) 100vw, 900px\" \/><\/div><\/div><\/div><\/div><div class=\"flex_column av_one_full  flex_column_div av-zero-column-padding first  avia-builder-el-2  el_after_av_one_full  el_before_av_one_full  column-top-margin\" style='border-radius:0px; '><section class=\"av_textblock_section \"  itemscope=\"itemscope\" itemtype=\"https:\/\/schema.org\/BlogPosting\" itemprop=\"blogPost\" ><div class='avia_textblock  '   itemprop=\"text\" ><p style=\"text-align: center;\"><strong><span style=\"font-size: 18pt;\">Anuncian instalaci\u00f3n de planta productora de pellet ECOMAS en la regi\u00f3n de Ays\u00e9n<\/span><\/strong><\/p>\n<div id=\"gtx-trans\" style=\"position: absolute; left: -50px; top: 4.31534px;\">\n<div class=\"gtx-trans-icon\"><\/div>\n<\/div>\n<\/div><\/section><\/div><div class=\"flex_column av_one_full  flex_column_div av-zero-column-padding first  avia-builder-el-4  el_after_av_one_full  el_before_av_hr  column-top-margin\" style='border-radius:0px; '><section class=\"av_textblock_section \"  itemscope=\"itemscope\" itemtype=\"https:\/\/schema.org\/BlogPosting\" itemprop=\"blogPost\" ><div class='avia_textblock  '   itemprop=\"text\" ><p style=\"text-align: justify;\">El Seremi de Energ\u00eda de Ays\u00e9n, Carlos D\u00edaz, junto al Gerente General de la empresa ECOMAS, Felipe Salazar, dieron a conocer que se instalar\u00e1 una planta de producci\u00f3n de pellet en la regi\u00f3n.<\/p>\n<p style=\"text-align: justify;\">En la actividad en la que participaron la Gobernadora Regional Andrea Mac\u00edas, la Seremi de Gobierno Tatiana Pl\u00e1 y el Seremi de Medio Ambiente, Juli\u00e1n C\u00e1rdenas, se entregaron los detalles de esta iniciativa impulsada por la Seremi de Energ\u00eda, que busca dar respuesta a la constante demanda de este energ\u00e9tico.<\/p>\n<p style=\"text-align: justify;\">Al respecto, el Seremi D\u00edaz destac\u00f3 que \u201cpara nosotros es muy importante estar ac\u00e1 hoy, so\u00f1aba con este momento hace meses, porque es un paso muy importante para una soluci\u00f3n definitiva de la contaminaci\u00f3n de Coyhaique y del problema que sufrimos todo este a\u00f1o y hace dos a\u00f1os tambi\u00e9n de escases de pellet. Esto nos beneficia mucho en la seguridad del suministro de pellet y en los planes de descontaminaci\u00f3n que tenemos, la descontaminaci\u00f3n no es s\u00f3lo un tema en junio que hay mayores emisiones, sino que es tema todo el a\u00f1o, y ahora en octubre estamos anunciando la construcci\u00f3n de una planta de una capacidad mucho mayor a la demanda que tenemos en la regi\u00f3n\u201d.<\/p>\n<p style=\"text-align: justify;\">Por su parte, Felipe Salazar, destac\u00f3 que \u201cpara nosotros es muy importante poder demostrarle a la regi\u00f3n completa el compromiso que tenemos con este biocombustible. Nosotros estamos s\u00faper convencidos del beneficio que trae el pellet en la ciudad y en la descontaminaci\u00f3n ha ocupado un rol sumamente importante, de hecho, hay cifras que demuestran como han bajado los \u00edndices en forma muy fuerte. Entones estar ac\u00e1 para nosotros es un orgullo y el camino final de lo que hemos venido haciendo hace ya 17 a\u00f1os\u201d.<\/p>\n<p style=\"text-align: justify;\">Por su parte la Gobernadora Regional Andrea Mac\u00edas destac\u00f3 que \u201cpara nosotros como Gobierno Regional y su Consejo este es un momento muy anhelado y yo quiero hoy d\u00eda destacar el trabajo conjunto, el trabajo colaborativo. Cuando el sector privado con el sector p\u00fablico se une en objetivos comunes, logramos este tipo de resultados que s\u00f3lo van a significar beneficios para nuestra regi\u00f3n y para nuestra comunidad\u201d.<\/p>\n<p style=\"text-align: justify;\">TECNOLOG\u00cdA PIONERA EN CHILE<\/p>\n<p style=\"text-align: justify;\">La nueva planta que se instalar\u00e1 en la regi\u00f3n de Ays\u00e9n contempla una inversi\u00f3n de MM$3.500 y se espera produzca 25.000 ton\/a\u00f1o, la que en plena producci\u00f3n tendr\u00e1 una capacidad considerablemente mayor a la demanda de la regi\u00f3n.<\/p>\n<p style=\"text-align: justify;\">El tiempo de construcci\u00f3n ser\u00e1 de aproximadamente un a\u00f1o, por lo que para el pr\u00f3ximo invierno la empresa arrend\u00f3 una bodega en la ciudad de Coyhaique, con el fin de almacenar en la regi\u00f3n parte del stock necesario para el consumo durante el invierno del pr\u00f3ximo a\u00f1o.<\/p>\n<p style=\"text-align: justify;\">La tecnolog\u00eda que tendr\u00e1 la nueva planta es pionera en el pa\u00eds, se ocupa en Europa, y se caracteriza por utilizar el rollizo completo del pino, y no como las otras plantas existentes que utilizan residuos de faenas forestales. Esto le permite a la empresa mayor independencia de la disponibilidad de biomasa para producir este biocombustible, ya que se cuenta con el encadenamiento productivo sustentable completo.<\/p>\n<p style=\"text-align: justify;\">En nuestra regi\u00f3n existen 30 mil hect\u00e1reas de plantaciones ex\u00f3ticas de pino sin manejo. En este sentido, la empresa Ecomas, cuenta ya con la adquisici\u00f3n de biomasa requerida para sus procesos. Cabe se\u00f1alar que el bosque nativo no es considerado como potencial biomasa aprovechable.<\/p>\n<p style=\"text-align: justify;\">La ubicaci\u00f3n final de la planta se dar\u00e1 a conocer dentro de las pr\u00f3ximas semanas, ya que se est\u00e1n resolviendo temas t\u00e9cnicos asociados al suministro y potencia el\u00e9ctrica que requiere la planta para su adecuado funcionamiento.<\/p>\n<\/div><\/section><\/div><div  style='height:50px' class='hr hr-invisible   avia-builder-el-6  el_after_av_one_full  el_before_av_social_share '><span class='hr-inner ' ><span class='hr-inner-style'><\/span><\/span><\/div><\/p>\n<div  class='av-social-sharing-box  avia-builder-el-7  el_after_av_hr  el_before_av_hr  '><div class='av-share-box'><h5 class='av-share-link-description av-no-toc '>Compartir esta noticia<\/h5><ul class='av-share-box-list noLightbox'><li class='av-share-link av-social-link-facebook' ><a target=\"_blank\" aria-label=\"Compartir en Facebook\" href='https:\/\/www.facebook.com\/sharer.php?u=https:\/\/radiorevelacionfm.cl\/?p=22715&#038;t=Anuncian%20instalaci%C3%B3n%20de%20planta%20productora%20de%20pellet%20ECOMAS%20en%20la%20regi%C3%B3n%20de%20Ays%C3%A9n' aria-hidden='false' data-av_icon='\ue8f3' data-av_iconfont='entypo-fontello' title='' data-avia-related-tooltip='Compartir en Facebook' rel=\"noopener\"><span class='avia_hidden_link_text'>Compartir en Facebook<\/span><\/a><\/li><li class='av-share-link av-social-link-twitter' ><a target=\"_blank\" aria-label=\"Compartir en Twitter\" href='https:\/\/twitter.com\/share?text=Anuncian%20instalaci%C3%B3n%20de%20planta%20productora%20de%20pellet%20ECOMAS%20en%20la%20regi%C3%B3n%20de%20Ays%C3%A9n&#038;url=https:\/\/radiorevelacionfm.cl\/?p=22715' aria-hidden='false' data-av_icon='\ue8f1' data-av_iconfont='entypo-fontello' title='' data-avia-related-tooltip='Compartir en Twitter' rel=\"noopener\"><span class='avia_hidden_link_text'>Compartir en Twitter<\/span><\/a><\/li><li class='av-share-link av-social-link-whatsapp' ><a target=\"_blank\" aria-label=\"Compartir en Whatsapp\" href='https:\/\/api.whatsapp.com\/send?text=https:\/\/radiorevelacionfm.cl\/?p=22715' aria-hidden='false' data-av_icon='\uf232' data-av_iconfont='entypo-fontello' title='' data-avia-related-tooltip='Compartir en Whatsapp' rel=\"noopener\"><span class='avia_hidden_link_text'>Compartir en Whatsapp<\/span><\/a><\/li><li class='av-share-link av-social-link-linkedin' ><a target=\"_blank\" aria-label=\"Compartir en LinkedIn\" href='https:\/\/linkedin.com\/shareArticle?mini=true&#038;title=Anuncian%20instalaci%C3%B3n%20de%20planta%20productora%20de%20pellet%20ECOMAS%20en%20la%20regi%C3%B3n%20de%20Ays%C3%A9n&#038;url=https:\/\/radiorevelacionfm.cl\/?p=22715' aria-hidden='false' data-av_icon='\ue8fc' data-av_iconfont='entypo-fontello' title='' data-avia-related-tooltip='Compartir en LinkedIn' rel=\"noopener\"><span class='avia_hidden_link_text'>Compartir en LinkedIn<\/span><\/a><\/li><li class='av-share-link av-social-link-mail' ><a  aria-label=\"Compartir por correo\" href='mailto:?subject=Anuncian%20instalaci%C3%B3n%20de%20planta%20productora%20de%20pellet%20ECOMAS%20en%20la%20regi%C3%B3n%20de%20Ays%C3%A9n&#038;body=https:\/\/radiorevelacionfm.cl\/?p=22715' aria-hidden='false' data-av_icon='\ue805' data-av_iconfont='entypo-fontello' title='' data-avia-related-tooltip='Compartir por correo'><span class='avia_hidden_link_text'>Compartir por correo<\/span><\/a><\/li><\/ul><\/div><\/div>\n<div  style='height:50px' class='hr hr-invisible   avia-builder-el-8  el_after_av_social_share  el_before_av_comments_list '><span class='hr-inner ' ><span class='hr-inner-style'><\/span><\/span><\/div>\n<div  class='av-buildercomment  av-blog-meta-html-info-disabled av-blog-meta-tag-disabled  '><\/div>\n","protected":false},"excerpt":{"rendered":"","protected":false},"author":1,"featured_media":19974,"comment_status":"open","ping_status":"open","sticky":false,"template":"","format":"standard","meta":{"footnotes":""},"categories":[38],"tags":[],"class_list":["post-22715","post","type-post","status-publish","format-standard","has-post-thumbnail","hentry","category-regional"],"jetpack_featured_media_url":"https:\/\/radiorevelacionfm.cl\/wp-content\/uploads\/2022\/08\/pellet2-2-1.jpg","_links":{"self":[{"href":"https:\/\/radiorevelacionfm.cl\/index.php?rest_route=\/wp\/v2\/posts\/22715","targetHints":{"allow":["GET"]}}],"collection":[{"href":"https:\/\/radiorevelacionfm.cl\/index.php?rest_route=\/wp\/v2\/posts"}],"about":[{"href":"https:\/\/radiorevelacionfm.cl\/index.php?rest_route=\/wp\/v2\/types\/post"}],"author":[{"embeddable":true,"href":"https:\/\/radiorevelacionfm.cl\/index.php?rest_route=\/wp\/v2\/users\/1"}],"replies":[{"embeddable":true,"href":"https:\/\/radiorevelacionfm.cl\/index.php?rest_route=%2Fwp%2Fv2%2Fcomments&post=22715"}],"version-history":[{"count":2,"href":"https:\/\/radiorevelacionfm.cl\/index.php?rest_route=\/wp\/v2\/posts\/22715\/revisions"}],"predecessor-version":[{"id":22717,"href":"https:\/\/radiorevelacionfm.cl\/index.php?rest_route=\/wp\/v2\/posts\/22715\/revisions\/22717"}],"wp:featuredmedia":[{"embeddable":true,"href":"https:\/\/radiorevelacionfm.cl\/index.php?rest_route=\/wp\/v2\/media\/19974"}],"wp:attachment":[{"href":"https:\/\/radiorevelacionfm.cl\/index.php?rest_route=%2Fwp%2Fv2%2Fmedia&parent=22715"}],"wp:term":[{"taxonomy":"category","embeddable":true,"href":"https:\/\/radiorevelacionfm.cl\/index.php?rest_route=%2Fwp%2Fv2%2Fcategories&post=22715"},{"taxonomy":"post_tag","embeddable":true,"href":"https:\/\/radiorevelacionfm.cl\/index.php?rest_route=%2Fwp%2Fv2%2Ftags&post=22715"}],"curies":[{"name":"wp","href":"https:\/\/api.w.org\/{rel}","templated":true}]}}