{"id":22708,"date":"2022-10-06T17:13:01","date_gmt":"2022-10-06T20:13:01","guid":{"rendered":"https:\/\/radiorevelacionfm.cl\/?p=22708"},"modified":"2022-10-06T17:13:01","modified_gmt":"2022-10-06T20:13:01","slug":"encuentro-de-mujeres-del-fin-del-mundo-realizado-en-coyhaique-finaliza-con-positivas-proyecciones","status":"publish","type":"post","link":"https:\/\/radiorevelacionfm.cl\/?p=22708","title":{"rendered":"\u201cEncuentro de mujeres del fin del mundo\u201d realizado en Coyhaique finaliza con positivas proyecciones"},"content":{"rendered":"<div class=\"flex_column av_one_full  flex_column_div av-zero-column-padding first  avia-builder-el-0  el_before_av_one_full  avia-builder-el-first  \" style='border-radius:0px; '><div  class='avia-image-container  av-styling-    avia-builder-el-1  avia-builder-el-no-sibling  avia-align-center '  itemprop=\"image\" itemscope=\"itemscope\" itemtype=\"https:\/\/schema.org\/ImageObject\"  ><div class='avia-image-container-inner'><div class='avia-image-overlay-wrap'><img decoding=\"async\" class='wp-image-22709 avia-img-lazy-loading-not-22709 avia_image' src=\"https:\/\/radiorevelacionfm.cl\/wp-content\/uploads\/2022\/10\/mujeres-fin-mundo-1_optimized.jpg\" alt='' title='mujeres-fin-mundo-(1)_optimized' height=\"600\" width=\"1067\"  itemprop=\"thumbnailUrl\" srcset=\"https:\/\/radiorevelacionfm.cl\/wp-content\/uploads\/2022\/10\/mujeres-fin-mundo-1_optimized.jpg 1067w, https:\/\/radiorevelacionfm.cl\/wp-content\/uploads\/2022\/10\/mujeres-fin-mundo-1_optimized-300x169.jpg 300w, https:\/\/radiorevelacionfm.cl\/wp-content\/uploads\/2022\/10\/mujeres-fin-mundo-1_optimized-1030x579.jpg 1030w, https:\/\/radiorevelacionfm.cl\/wp-content\/uploads\/2022\/10\/mujeres-fin-mundo-1_optimized-768x432.jpg 768w, https:\/\/radiorevelacionfm.cl\/wp-content\/uploads\/2022\/10\/mujeres-fin-mundo-1_optimized-705x396.jpg 705w, https:\/\/radiorevelacionfm.cl\/wp-content\/uploads\/2022\/10\/mujeres-fin-mundo-1_optimized-600x337.jpg 600w\" sizes=\"(max-width: 1067px) 100vw, 1067px\" \/><\/div><\/div><\/div><\/div><div class=\"flex_column av_one_full  flex_column_div av-zero-column-padding first  avia-builder-el-2  el_after_av_one_full  el_before_av_one_full  column-top-margin\" style='border-radius:0px; '><section class=\"av_textblock_section \"  itemscope=\"itemscope\" itemtype=\"https:\/\/schema.org\/BlogPosting\" itemprop=\"blogPost\" ><div class='avia_textblock  '   itemprop=\"text\" ><p style=\"text-align: center;\"><strong><span style=\"font-size: 18pt;\">\u201cEncuentro de mujeres del fin del mundo\u201d realizado en Coyhaique finaliza con positivas proyecciones<\/span><\/strong><\/p>\n<div id=\"gtx-trans\" style=\"position: absolute; left: -50px; top: 4.31534px;\">\n<div class=\"gtx-trans-icon\"><\/div>\n<\/div>\n<\/div><\/section><\/div><div class=\"flex_column av_one_full  flex_column_div av-zero-column-padding first  avia-builder-el-4  el_after_av_one_full  el_before_av_hr  column-top-margin\" style='border-radius:0px; '><section class=\"av_textblock_section \"  itemscope=\"itemscope\" itemtype=\"https:\/\/schema.org\/BlogPosting\" itemprop=\"blogPost\" ><div class='avia_textblock  '   itemprop=\"text\" ><p style=\"text-align: justify;\">Un alto inter\u00e9s de las mujeres empresarias de la Regi\u00f3n de Ays\u00e9n por asociarse y exportar fue una de las principales conclusiones del s\u00e9ptimo encuentro \u201cEmpresarias del Fin del Mundo\u201d realizado esta semana en Coyhaique y organizado por ProChile, servicio p\u00fablico encargado de la promoci\u00f3n de exportaciones y dependiente del Ministerio de Relaciones Exteriores.<u><\/u><u><\/u><\/p>\n<p style=\"text-align: justify;\">La actividad que tuvo una alta convocatoria cont\u00f3 adem\u00e1s con el apoyo del Gobierno Regional de Ays\u00e9n, la Ilustre Municipalidad de Coyhaique, la Agrupaci\u00f3n de Mujeres Empresarias del Fin del Mundo, la C\u00e1mara de Mujeres Patagonia Sur, la Asociaci\u00f3n de Mujeres Empresarias de Magallanes, la C\u00e1mara de Comercio, Industria y Producci\u00f3n de R\u00edo Grande, Tierra del Fuego en Argentina, el Centro de Negocios Sercotec de Coyhaique y Ays\u00e9n, adem\u00e1s de la C\u00e1mara de Comercio de Coyhaique.<u><\/u><u><\/u><\/p>\n<p style=\"text-align: justify;\">El director regional (S) de ProChile en Ays\u00e9n, Juan Carlos Lopetegui, destac\u00f3 que esta instancia haya servido de est\u00edmulo para que un grupo de asistentes al encuentro de esta regi\u00f3n acordara formar una asociaci\u00f3n gremial de mujeres empresarias de Ays\u00e9n y Magallanes, \u201cpor lo que van desde ya mis felicitaciones y en espera que esta voluntad expresada hoy se concrete\u201d. El nombre de la nueva entidad ser\u00eda \u201cC\u00e1mara de Empresarias Patagonia Austral Chile\u201d.<u><\/u><u><\/u><\/p>\n<p style=\"text-align: justify;\">Lopetegui indic\u00f3 que el objetivo de la actividad \u201cse ha cumplido plenamente, porque ha sido una instancia que ha permitido un punto de encuentro entre mujeres empresarias de la Patagonia chilena y argentina, en que se han compartido experiencias, discutido propuestas y en que ha existido una firme voluntad por trabajar por la integraci\u00f3n entre ambos pa\u00edses, avanzando en materia comercial y tur\u00edstica\u201d.<u><\/u><u><\/u><\/p>\n<p style=\"text-align: justify;\">Claudio Villarroel, director regional de ProChile en Magallanes, valor\u00f3 que \u201cha sido un \u00e9xito la participaci\u00f3n de las mujeres empresarias y una vez m\u00e1s el liderazgo de Teresa Celed\u00f3n, por parte de las empresarias chilenas y de Adriana Recalde, por parte de las empresarias argentinas\u201d.<u><\/u><u><\/u><\/p>\n<p style=\"text-align: justify;\">Tambi\u00e9n felicit\u00f3 la decisi\u00f3n de que la octava versi\u00f3n se har\u00e1 el pr\u00f3ximo a\u00f1o en la ciudad de El Calafate, en la provincia de Santa Cruz, Argentina, \u201cque esperamos tambi\u00e9n re\u00fana a empresarias chilenas y argentinas, para que este trabajo de integraci\u00f3n siga avanzando\u201d.<u><\/u><u><\/u><\/p>\n<p style=\"text-align: justify;\">Adicionalmente, varias de las empresarias asistentes tambi\u00e9n participar\u00e1n en la pr\u00f3xima reuni\u00f3n del Comit\u00e9 de Integraci\u00f3n Austral, que se realizar\u00e1 en Ushuaia, en Argentina, el 24 y 25 de octubre pr\u00f3ximo.<\/p>\n<\/div><\/section><\/div><div  style='height:50px' class='hr hr-invisible   avia-builder-el-6  el_after_av_one_full  el_before_av_social_share '><span class='hr-inner ' ><span class='hr-inner-style'><\/span><\/span><\/div><\/p>\n<div  class='av-social-sharing-box  avia-builder-el-7  el_after_av_hr  el_before_av_hr  '><div class='av-share-box'><h5 class='av-share-link-description av-no-toc '>Compartir esta noticia<\/h5><ul class='av-share-box-list noLightbox'><li class='av-share-link av-social-link-facebook' ><a target=\"_blank\" aria-label=\"Compartir en Facebook\" href='https:\/\/www.facebook.com\/sharer.php?u=https:\/\/radiorevelacionfm.cl\/?p=22708&#038;t=%E2%80%9CEncuentro%20de%20mujeres%20del%20fin%20del%20mundo%E2%80%9D%20realizado%20en%20Coyhaique%20finaliza%20con%20positivas%20proyecciones' aria-hidden='false' data-av_icon='\ue8f3' data-av_iconfont='entypo-fontello' title='' data-avia-related-tooltip='Compartir en Facebook' rel=\"noopener\"><span class='avia_hidden_link_text'>Compartir en Facebook<\/span><\/a><\/li><li class='av-share-link av-social-link-twitter' ><a target=\"_blank\" aria-label=\"Compartir en Twitter\" href='https:\/\/twitter.com\/share?text=%E2%80%9CEncuentro%20de%20mujeres%20del%20fin%20del%20mundo%E2%80%9D%20realizado%20en%20Coyhaique%20finaliza%20con%20positivas%20proyecciones&#038;url=https:\/\/radiorevelacionfm.cl\/?p=22708' aria-hidden='false' data-av_icon='\ue8f1' data-av_iconfont='entypo-fontello' title='' data-avia-related-tooltip='Compartir en Twitter' rel=\"noopener\"><span class='avia_hidden_link_text'>Compartir en Twitter<\/span><\/a><\/li><li class='av-share-link av-social-link-whatsapp' ><a target=\"_blank\" aria-label=\"Compartir en Whatsapp\" href='https:\/\/api.whatsapp.com\/send?text=https:\/\/radiorevelacionfm.cl\/?p=22708' aria-hidden='false' data-av_icon='\uf232' data-av_iconfont='entypo-fontello' title='' data-avia-related-tooltip='Compartir en Whatsapp' rel=\"noopener\"><span class='avia_hidden_link_text'>Compartir en Whatsapp<\/span><\/a><\/li><li class='av-share-link av-social-link-linkedin' ><a target=\"_blank\" aria-label=\"Compartir en LinkedIn\" href='https:\/\/linkedin.com\/shareArticle?mini=true&#038;title=%E2%80%9CEncuentro%20de%20mujeres%20del%20fin%20del%20mundo%E2%80%9D%20realizado%20en%20Coyhaique%20finaliza%20con%20positivas%20proyecciones&#038;url=https:\/\/radiorevelacionfm.cl\/?p=22708' aria-hidden='false' data-av_icon='\ue8fc' data-av_iconfont='entypo-fontello' title='' data-avia-related-tooltip='Compartir en LinkedIn' rel=\"noopener\"><span class='avia_hidden_link_text'>Compartir en LinkedIn<\/span><\/a><\/li><li class='av-share-link av-social-link-mail' ><a  aria-label=\"Compartir por correo\" href='mailto:?subject=%E2%80%9CEncuentro%20de%20mujeres%20del%20fin%20del%20mundo%E2%80%9D%20realizado%20en%20Coyhaique%20finaliza%20con%20positivas%20proyecciones&#038;body=https:\/\/radiorevelacionfm.cl\/?p=22708' aria-hidden='false' data-av_icon='\ue805' data-av_iconfont='entypo-fontello' title='' data-avia-related-tooltip='Compartir por correo'><span class='avia_hidden_link_text'>Compartir por correo<\/span><\/a><\/li><\/ul><\/div><\/div>\n<div  style='height:50px' class='hr hr-invisible   avia-builder-el-8  el_after_av_social_share  el_before_av_comments_list '><span class='hr-inner ' ><span class='hr-inner-style'><\/span><\/span><\/div>\n<div  class='av-buildercomment  av-blog-meta-html-info-disabled av-blog-meta-tag-disabled  '><\/div>\n","protected":false},"excerpt":{"rendered":"","protected":false},"author":1,"featured_media":22709,"comment_status":"open","ping_status":"open","sticky":false,"template":"","format":"standard","meta":{"footnotes":""},"categories":[38],"tags":[],"class_list":["post-22708","post","type-post","status-publish","format-standard","has-post-thumbnail","hentry","category-regional"],"jetpack_featured_media_url":"https:\/\/radiorevelacionfm.cl\/wp-content\/uploads\/2022\/10\/mujeres-fin-mundo-1_optimized.jpg","_links":{"self":[{"href":"https:\/\/radiorevelacionfm.cl\/index.php?rest_route=\/wp\/v2\/posts\/22708","targetHints":{"allow":["GET"]}}],"collection":[{"href":"https:\/\/radiorevelacionfm.cl\/index.php?rest_route=\/wp\/v2\/posts"}],"about":[{"href":"https:\/\/radiorevelacionfm.cl\/index.php?rest_route=\/wp\/v2\/types\/post"}],"author":[{"embeddable":true,"href":"https:\/\/radiorevelacionfm.cl\/index.php?rest_route=\/wp\/v2\/users\/1"}],"replies":[{"embeddable":true,"href":"https:\/\/radiorevelacionfm.cl\/index.php?rest_route=%2Fwp%2Fv2%2Fcomments&post=22708"}],"version-history":[{"count":2,"href":"https:\/\/radiorevelacionfm.cl\/index.php?rest_route=\/wp\/v2\/posts\/22708\/revisions"}],"predecessor-version":[{"id":22732,"href":"https:\/\/radiorevelacionfm.cl\/index.php?rest_route=\/wp\/v2\/posts\/22708\/revisions\/22732"}],"wp:featuredmedia":[{"embeddable":true,"href":"https:\/\/radiorevelacionfm.cl\/index.php?rest_route=\/wp\/v2\/media\/22709"}],"wp:attachment":[{"href":"https:\/\/radiorevelacionfm.cl\/index.php?rest_route=%2Fwp%2Fv2%2Fmedia&parent=22708"}],"wp:term":[{"taxonomy":"category","embeddable":true,"href":"https:\/\/radiorevelacionfm.cl\/index.php?rest_route=%2Fwp%2Fv2%2Fcategories&post=22708"},{"taxonomy":"post_tag","embeddable":true,"href":"https:\/\/radiorevelacionfm.cl\/index.php?rest_route=%2Fwp%2Fv2%2Ftags&post=22708"}],"curies":[{"name":"wp","href":"https:\/\/api.w.org\/{rel}","templated":true}]}}