{"id":22689,"date":"2022-10-05T16:48:51","date_gmt":"2022-10-05T19:48:51","guid":{"rendered":"https:\/\/radiorevelacionfm.cl\/?p=22689"},"modified":"2022-10-05T16:48:51","modified_gmt":"2022-10-05T19:48:51","slug":"cultura-celebro-a-violeta-parra-y-la-musica-chilena-con-concierto-desde-los-balcones-de-la-moneda","status":"publish","type":"post","link":"https:\/\/radiorevelacionfm.cl\/?p=22689","title":{"rendered":"Cultura celebr\u00f3 a Violeta Parra y la M\u00fasica Chilena con concierto desde los balcones de La Moneda"},"content":{"rendered":"<div class=\"flex_column av_one_full  flex_column_div av-zero-column-padding first  avia-builder-el-0  el_before_av_one_full  avia-builder-el-first  \" style='border-radius:0px; '><div  class='avia-image-container  av-styling-    avia-builder-el-1  avia-builder-el-no-sibling  avia-align-center '  itemprop=\"image\" itemscope=\"itemscope\" itemtype=\"https:\/\/schema.org\/ImageObject\"  ><div class='avia-image-container-inner'><div class='avia-image-overlay-wrap'><img decoding=\"async\" class='wp-image-22690 avia-img-lazy-loading-not-22690 avia_image' src=\"https:\/\/radiorevelacionfm.cl\/wp-content\/uploads\/2022\/10\/309999502_473591901463528_4875260493732578291_n-1-1.jpg\" alt='' title='309999502_473591901463528_4875260493732578291_n (1) (1)' height=\"600\" width=\"901\"  itemprop=\"thumbnailUrl\" srcset=\"https:\/\/radiorevelacionfm.cl\/wp-content\/uploads\/2022\/10\/309999502_473591901463528_4875260493732578291_n-1-1.jpg 901w, https:\/\/radiorevelacionfm.cl\/wp-content\/uploads\/2022\/10\/309999502_473591901463528_4875260493732578291_n-1-1-300x200.jpg 300w, https:\/\/radiorevelacionfm.cl\/wp-content\/uploads\/2022\/10\/309999502_473591901463528_4875260493732578291_n-1-1-768x511.jpg 768w, https:\/\/radiorevelacionfm.cl\/wp-content\/uploads\/2022\/10\/309999502_473591901463528_4875260493732578291_n-1-1-705x469.jpg 705w, https:\/\/radiorevelacionfm.cl\/wp-content\/uploads\/2022\/10\/309999502_473591901463528_4875260493732578291_n-1-1-600x400.jpg 600w\" sizes=\"(max-width: 901px) 100vw, 901px\" \/><\/div><\/div><\/div><\/div><div class=\"flex_column av_one_full  flex_column_div av-zero-column-padding first  avia-builder-el-2  el_after_av_one_full  el_before_av_one_full  column-top-margin\" style='border-radius:0px; '><section class=\"av_textblock_section \"  itemscope=\"itemscope\" itemtype=\"https:\/\/schema.org\/BlogPosting\" itemprop=\"blogPost\" ><div class='avia_textblock  '   itemprop=\"text\" ><p style=\"text-align: center;\"><strong><span style=\"font-size: 18pt;\">Cultura celebr\u00f3 a Violeta Parra y la M\u00fasica Chilena con concierto desde los balcones de La Moneda<\/span><\/strong><\/p>\n<div id=\"gtx-trans\" style=\"position: absolute; left: -50px; top: 4.31534px;\">\n<div class=\"gtx-trans-icon\"><\/div>\n<\/div>\n<\/div><\/section><\/div><div class=\"flex_column av_one_full  flex_column_div av-zero-column-padding first  avia-builder-el-4  el_after_av_one_full  el_before_av_hr  column-top-margin\" style='border-radius:0px; '><section class=\"av_textblock_section \"  itemscope=\"itemscope\" itemtype=\"https:\/\/schema.org\/BlogPosting\" itemprop=\"blogPost\" ><div class='avia_textblock  '   itemprop=\"text\" ><p style=\"text-align: justify;\">Una verdadera fiesta musical se vivi\u00f3 este martes en la Plaza de la Constituci\u00f3n. Apenas pasadas las 18.00 horas, la Orquesta Sinf\u00f3nica Estudiantil Metropolitana (OSEM) y Coro FOJI dieron inicio al concierto ciudadano con que el Ministerio de las Culturas, las Artes y el Patrimonio, junto al Consejo de Fomento de la M\u00fasica Nacional, celebraron el D\u00eda de la M\u00fasica y los M\u00fasicos Chilenos, que conmemora el natalicio 105 de la cantautora Violeta Parra.<\/p>\n<p style=\"text-align: justify;\">M\u00e1s tarde har\u00edan lo propio desde los balcones del Palacio de La Moneda Pancho Sazo, Fran Straube, Magdalena Matthey, la int\u00e9rprete de m\u00fasica tradicional huilliche, Neddiel Mu\u00f1oz, desde la Regi\u00f3n de Los Lagos; la rapera mapuche de 15 a\u00f1os, Catezi, directo de la Regi\u00f3n de Ays\u00e9n; el tenor pehuenche Miguel \u00c1ngel Pellao; Vicente Cifuentes y la folklorista Mar\u00eda Esther Zamora. Ante la atenta mirada de las personas que asistieron, cada uno de los m\u00fasicos y m\u00fasicas interpret\u00f3 dos canciones, para culminar cantando en conjunto \u201cGracias a la vida\u201d.<\/p>\n<p style=\"text-align: justify;\">\u201cEste es un d\u00eda muy importante para nosotros como Ministerio de las Culturas. Estamos conmemorando el natalicio de Violeta Parra y celebrando el D\u00eda de la M\u00fasica Chilena; y tenemos que hacerlo a lo grande, porque las y los trabajadores de este \u00e1mbito se lo merecen, por su tremendo compromiso por difundir la cultura y mejorar nuestra calidad de vida. Para nosotros es muy importante tambi\u00e9n generar esta instancia de encuentro entre el Estado y la ciudadan\u00eda, en esta plaza que adem\u00e1s representa ese encuentro, y retomar as\u00ed una tradici\u00f3n que da cuenta de la importancia que tienen para este gobierno las culturas, las artes y los patrimonios\u201d, dijo la ministra de las Culturas, Julieta Brodsky Hern\u00e1ndez.<\/p>\n<p style=\"text-align: justify;\">\u201cLa invitaci\u00f3n es a encontrarnos con la m\u00fasica, aprovechando los cambios en los protocolos sanitarios, que tenemos m\u00e1s libertades y nos permiten celebrar a estos trabajadores y trabajadoras que tanto nos entregaron durante la pandemia y que debieron vivir tantas restricciones para desarrollar su trabajo\u201d, agreg\u00f3 la subsecretaria de las Culturas y las Artes, Andrea Guti\u00e9rrez V\u00e1squez.<\/p>\n<p style=\"text-align: justify;\">La actividad form\u00f3 parte del completo calendario de actividades disponibles en la plataforma Elige Cultura (eligecultura.gob.cl), que incluyen conciertos en diversas regiones del pa\u00eds, que se extender\u00e1n durante las pr\u00f3ximas semanas.<\/p>\n<\/div><\/section><\/div><div  style='height:50px' class='hr hr-invisible   avia-builder-el-6  el_after_av_one_full  el_before_av_social_share '><span class='hr-inner ' ><span class='hr-inner-style'><\/span><\/span><\/div><\/p>\n<div  class='av-social-sharing-box  avia-builder-el-7  el_after_av_hr  el_before_av_hr  '><div class='av-share-box'><h5 class='av-share-link-description av-no-toc '>Compartir esta noticia<\/h5><ul class='av-share-box-list noLightbox'><li class='av-share-link av-social-link-facebook' ><a target=\"_blank\" aria-label=\"Compartir en Facebook\" href='https:\/\/www.facebook.com\/sharer.php?u=https:\/\/radiorevelacionfm.cl\/?p=22689&#038;t=Cultura%20celebr%C3%B3%20a%20Violeta%20Parra%20y%20la%20M%C3%BAsica%20Chilena%20con%20concierto%20desde%20los%20balcones%20de%20La%20Moneda' aria-hidden='false' data-av_icon='\ue8f3' data-av_iconfont='entypo-fontello' title='' data-avia-related-tooltip='Compartir en Facebook' rel=\"noopener\"><span class='avia_hidden_link_text'>Compartir en Facebook<\/span><\/a><\/li><li class='av-share-link av-social-link-twitter' ><a target=\"_blank\" aria-label=\"Compartir en Twitter\" href='https:\/\/twitter.com\/share?text=Cultura%20celebr%C3%B3%20a%20Violeta%20Parra%20y%20la%20M%C3%BAsica%20Chilena%20con%20concierto%20desde%20los%20balcones%20de%20La%20Moneda&#038;url=https:\/\/radiorevelacionfm.cl\/?p=22689' aria-hidden='false' data-av_icon='\ue8f1' data-av_iconfont='entypo-fontello' title='' data-avia-related-tooltip='Compartir en Twitter' rel=\"noopener\"><span class='avia_hidden_link_text'>Compartir en Twitter<\/span><\/a><\/li><li class='av-share-link av-social-link-whatsapp' ><a target=\"_blank\" aria-label=\"Compartir en Whatsapp\" href='https:\/\/api.whatsapp.com\/send?text=https:\/\/radiorevelacionfm.cl\/?p=22689' aria-hidden='false' data-av_icon='\uf232' data-av_iconfont='entypo-fontello' title='' data-avia-related-tooltip='Compartir en Whatsapp' rel=\"noopener\"><span class='avia_hidden_link_text'>Compartir en Whatsapp<\/span><\/a><\/li><li class='av-share-link av-social-link-linkedin' ><a target=\"_blank\" aria-label=\"Compartir en LinkedIn\" href='https:\/\/linkedin.com\/shareArticle?mini=true&#038;title=Cultura%20celebr%C3%B3%20a%20Violeta%20Parra%20y%20la%20M%C3%BAsica%20Chilena%20con%20concierto%20desde%20los%20balcones%20de%20La%20Moneda&#038;url=https:\/\/radiorevelacionfm.cl\/?p=22689' aria-hidden='false' data-av_icon='\ue8fc' data-av_iconfont='entypo-fontello' title='' data-avia-related-tooltip='Compartir en LinkedIn' rel=\"noopener\"><span class='avia_hidden_link_text'>Compartir en LinkedIn<\/span><\/a><\/li><li class='av-share-link av-social-link-mail' ><a  aria-label=\"Compartir por correo\" href='mailto:?subject=Cultura%20celebr%C3%B3%20a%20Violeta%20Parra%20y%20la%20M%C3%BAsica%20Chilena%20con%20concierto%20desde%20los%20balcones%20de%20La%20Moneda&#038;body=https:\/\/radiorevelacionfm.cl\/?p=22689' aria-hidden='false' data-av_icon='\ue805' data-av_iconfont='entypo-fontello' title='' data-avia-related-tooltip='Compartir por correo'><span class='avia_hidden_link_text'>Compartir por correo<\/span><\/a><\/li><\/ul><\/div><\/div>\n<div  style='height:50px' class='hr hr-invisible   avia-builder-el-8  el_after_av_social_share  el_before_av_comments_list '><span class='hr-inner ' ><span class='hr-inner-style'><\/span><\/span><\/div>\n<div  class='av-buildercomment  av-blog-meta-html-info-disabled av-blog-meta-tag-disabled  '><\/div>\n","protected":false},"excerpt":{"rendered":"","protected":false},"author":1,"featured_media":22690,"comment_status":"open","ping_status":"open","sticky":false,"template":"","format":"standard","meta":{"footnotes":""},"categories":[52],"tags":[],"class_list":["post-22689","post","type-post","status-publish","format-standard","has-post-thumbnail","hentry","category-cultura"],"jetpack_featured_media_url":"https:\/\/radiorevelacionfm.cl\/wp-content\/uploads\/2022\/10\/309999502_473591901463528_4875260493732578291_n-1-1.jpg","_links":{"self":[{"href":"https:\/\/radiorevelacionfm.cl\/index.php?rest_route=\/wp\/v2\/posts\/22689","targetHints":{"allow":["GET"]}}],"collection":[{"href":"https:\/\/radiorevelacionfm.cl\/index.php?rest_route=\/wp\/v2\/posts"}],"about":[{"href":"https:\/\/radiorevelacionfm.cl\/index.php?rest_route=\/wp\/v2\/types\/post"}],"author":[{"embeddable":true,"href":"https:\/\/radiorevelacionfm.cl\/index.php?rest_route=\/wp\/v2\/users\/1"}],"replies":[{"embeddable":true,"href":"https:\/\/radiorevelacionfm.cl\/index.php?rest_route=%2Fwp%2Fv2%2Fcomments&post=22689"}],"version-history":[{"count":2,"href":"https:\/\/radiorevelacionfm.cl\/index.php?rest_route=\/wp\/v2\/posts\/22689\/revisions"}],"predecessor-version":[{"id":22692,"href":"https:\/\/radiorevelacionfm.cl\/index.php?rest_route=\/wp\/v2\/posts\/22689\/revisions\/22692"}],"wp:featuredmedia":[{"embeddable":true,"href":"https:\/\/radiorevelacionfm.cl\/index.php?rest_route=\/wp\/v2\/media\/22690"}],"wp:attachment":[{"href":"https:\/\/radiorevelacionfm.cl\/index.php?rest_route=%2Fwp%2Fv2%2Fmedia&parent=22689"}],"wp:term":[{"taxonomy":"category","embeddable":true,"href":"https:\/\/radiorevelacionfm.cl\/index.php?rest_route=%2Fwp%2Fv2%2Fcategories&post=22689"},{"taxonomy":"post_tag","embeddable":true,"href":"https:\/\/radiorevelacionfm.cl\/index.php?rest_route=%2Fwp%2Fv2%2Ftags&post=22689"}],"curies":[{"name":"wp","href":"https:\/\/api.w.org\/{rel}","templated":true}]}}