{"id":22686,"date":"2022-10-06T10:49:23","date_gmt":"2022-10-06T13:49:23","guid":{"rendered":"https:\/\/radiorevelacionfm.cl\/?p=22686"},"modified":"2022-10-06T10:49:23","modified_gmt":"2022-10-06T13:49:23","slug":"director-de-ifop-visita-sedes-de-aysen-puerto-montt-y-punta-arenas","status":"publish","type":"post","link":"https:\/\/radiorevelacionfm.cl\/?p=22686","title":{"rendered":"Director de IFOP visita sedes de Ays\u00e9n, Puerto Montt y Punta Arenas"},"content":{"rendered":"<div class=\"flex_column av_one_full  flex_column_div av-zero-column-padding first  avia-builder-el-0  el_before_av_one_full  avia-builder-el-first  \" style='border-radius:0px; '><div  class='avia-image-container  av-styling-    avia-builder-el-1  avia-builder-el-no-sibling  avia-align-center '  itemprop=\"image\" itemscope=\"itemscope\" itemtype=\"https:\/\/schema.org\/ImageObject\"  ><div class='avia-image-container-inner'><div class='avia-image-overlay-wrap'><img decoding=\"async\" class='wp-image-22687 avia-img-lazy-loading-not-22687 avia_image' src=\"https:\/\/radiorevelacionfm.cl\/wp-content\/uploads\/2022\/10\/consejo-1_optimized.jpeg\" alt='' title='consejo-(1)_optimized' height=\"600\" width=\"817\"  itemprop=\"thumbnailUrl\" srcset=\"https:\/\/radiorevelacionfm.cl\/wp-content\/uploads\/2022\/10\/consejo-1_optimized.jpeg 817w, https:\/\/radiorevelacionfm.cl\/wp-content\/uploads\/2022\/10\/consejo-1_optimized-300x220.jpeg 300w, https:\/\/radiorevelacionfm.cl\/wp-content\/uploads\/2022\/10\/consejo-1_optimized-768x564.jpeg 768w, https:\/\/radiorevelacionfm.cl\/wp-content\/uploads\/2022\/10\/consejo-1_optimized-705x518.jpeg 705w, https:\/\/radiorevelacionfm.cl\/wp-content\/uploads\/2022\/10\/consejo-1_optimized-600x441.jpeg 600w\" sizes=\"(max-width: 817px) 100vw, 817px\" \/><\/div><\/div><\/div><\/div><div class=\"flex_column av_one_full  flex_column_div av-zero-column-padding first  avia-builder-el-2  el_after_av_one_full  el_before_av_one_full  column-top-margin\" style='border-radius:0px; '><section class=\"av_textblock_section \"  itemscope=\"itemscope\" itemtype=\"https:\/\/schema.org\/BlogPosting\" itemprop=\"blogPost\" ><div class='avia_textblock  '   itemprop=\"text\" ><p style=\"text-align: center;\"><span style=\"font-size: 18pt;\"><b>Director de IFOP visita sedes de Ays\u00e9n, Puerto Montt y Punta Arenas<\/b><\/span><\/p>\n<div id=\"gtx-trans\" style=\"position: absolute; left: -50px; top: 4.31534px;\">\n<div class=\"gtx-trans-icon\"><\/div>\n<\/div>\n<\/div><\/section><\/div><div class=\"flex_column av_one_full  flex_column_div av-zero-column-padding first  avia-builder-el-4  el_after_av_one_full  el_before_av_hr  column-top-margin\" style='border-radius:0px; '><section class=\"av_textblock_section \"  itemscope=\"itemscope\" itemtype=\"https:\/\/schema.org\/BlogPosting\" itemprop=\"blogPost\" ><div class='avia_textblock  '   itemprop=\"text\" ><p class=\"v1MsoNormal\" style=\"text-align: justify;\">Los d\u00edas 28 al 30 de septiembre, el Director de IFOP, Gonzalo Pereira Puchy, recorri\u00f3 las sedes de IFOP; Ays\u00e9n, Puerto Montt y Punta Arenas, en la oportunidad la m\u00e1xima autoridad de IFOP mantuvo reuniones con los trabajadores de la instituci\u00f3n, y con autoridades regionales.<\/p>\n<p class=\"v1MsoNormal\" style=\"text-align: justify;\">En Ays\u00e9n se reuni\u00f3 con; el Delegado Presidencial de Ays\u00e9n, Dr. Rodrigo Araya Morales, \u00a0el Director Zonal de Pesca, Oscar Henr\u00edquez Sep\u00falveda, \u00a0el Delegado Presidencial Provincial Ays\u00e9n, Jorge Salfate y el Alcalde de Puerto Ays\u00e9n, Julio Uribe, para coordinar proyectos e investigaciones en conjunto para la regi\u00f3n de Ays\u00e9n vinculadas al quehacer de nuestra instituci\u00f3n.<\/p>\n<p class=\"v1MsoNormal\" style=\"text-align: justify;\">En Ays\u00e9n adem\u00e1s se firm\u00f3 un convenio para elaborar un fotolibro, llamado Mujeres de Mar, que destaca con fotograf\u00edas el trabajo de las mujeres de la pesca artesanal.<\/p>\n<p class=\"v1MsoNormal\" style=\"text-align: justify;\">En Puerto Montt se realiz\u00f3 el Consejo Directivo, en el cual, el jefe de la Divisi\u00f3n de Investigaci\u00f3n de Acuicultura, Dr. Leonardo Guzm\u00e1n expuso a los consejeros, el actual desarrollo, brechas y proyecciones de mediano plazo de la divisi\u00f3n. Adem\u00e1s, el consejo tom\u00f3 conocimiento de las instalaciones y medios disponibles para abordar el quehacer institucional, los consejeros visitaron el terreno en el cual se construir\u00e1 la nueva sede IFOP Puerto Montt.<\/p>\n<p class=\"v1MsoNormal\" style=\"text-align: justify;\">Gonzalo Pereira, en conjunto con Claudio Maggi Presidente del Consejo IFOP, se reunieron con los dirigentes del Sindicato de IFOP Puerto Montt.<\/p>\n<p class=\"v1MsoNormal\" style=\"text-align: justify;\">En Punta Arenas los trabajadores, en conjunto con el jefe \u00a0de sede Erik Daza, realizaron una exposici\u00f3n denominada: \u00abEl Desaf\u00edo de Fortalecer la Investigaci\u00f3n Estrat\u00e9gica para el Desarrollo Sustentable de la Pesca y Acuicultura en la regi\u00f3n de Magallanes y la Ant\u00e1rtica Chilena, rol de Instituto de Fomento Pesquero\u00bb. El objetivo fue mostrar un diagn\u00f3stico del estado actual de la pesca, acuicultura, \u00c1reas Marinas Protegidas y el trabajo de Investigaci\u00f3n sistem\u00e1tica que IFOP ha realizado durante los \u00faltimos 10 a\u00f1os en la regi\u00f3n a trav\u00e9s de la postulaci\u00f3n a fondos concursables (FIPA, FNDR, FONDEMA, WALTON) y el Programa ASIPA, incluyendo una visi\u00f3n respecto al fortalecimiento de capital humano, infraestructura y vinculaci\u00f3n. En esta instancia adem\u00e1s pudieron participar por v\u00eda telem\u00e1tica los profesionales de Puerto Natales y Porvenir generando una instancia de conversaci\u00f3n con Director Ejecutivo Gonzalo Pereira, Asistente Direcci\u00f3n Ejecutiva en Cooperaci\u00f3n y Asuntos Internacionales Daniela D\u00edaz y Jefe Departamento Tecnolog\u00eda de la Informaci\u00f3n Jaime Gonz\u00e1lez.<\/p>\n<\/div><\/section><\/div><div  style='height:50px' class='hr hr-invisible   avia-builder-el-6  el_after_av_one_full  el_before_av_social_share '><span class='hr-inner ' ><span class='hr-inner-style'><\/span><\/span><\/div><\/p>\n<div  class='av-social-sharing-box  avia-builder-el-7  el_after_av_hr  el_before_av_hr  '><div class='av-share-box'><h5 class='av-share-link-description av-no-toc '>Compartir esta noticia<\/h5><ul class='av-share-box-list noLightbox'><li class='av-share-link av-social-link-facebook' ><a target=\"_blank\" aria-label=\"Compartir en Facebook\" href='https:\/\/www.facebook.com\/sharer.php?u=https:\/\/radiorevelacionfm.cl\/?p=22686&#038;t=Director%20de%20IFOP%20visita%20sedes%20de%20Ays%C3%A9n%2C%20Puerto%20Montt%20y%20Punta%20Arenas' aria-hidden='false' data-av_icon='\ue8f3' data-av_iconfont='entypo-fontello' title='' data-avia-related-tooltip='Compartir en Facebook' rel=\"noopener\"><span class='avia_hidden_link_text'>Compartir en Facebook<\/span><\/a><\/li><li class='av-share-link av-social-link-twitter' ><a target=\"_blank\" aria-label=\"Compartir en Twitter\" href='https:\/\/twitter.com\/share?text=Director%20de%20IFOP%20visita%20sedes%20de%20Ays%C3%A9n%2C%20Puerto%20Montt%20y%20Punta%20Arenas&#038;url=https:\/\/radiorevelacionfm.cl\/?p=22686' aria-hidden='false' data-av_icon='\ue8f1' data-av_iconfont='entypo-fontello' title='' data-avia-related-tooltip='Compartir en Twitter' rel=\"noopener\"><span class='avia_hidden_link_text'>Compartir en Twitter<\/span><\/a><\/li><li class='av-share-link av-social-link-whatsapp' ><a target=\"_blank\" aria-label=\"Compartir en Whatsapp\" href='https:\/\/api.whatsapp.com\/send?text=https:\/\/radiorevelacionfm.cl\/?p=22686' aria-hidden='false' data-av_icon='\uf232' data-av_iconfont='entypo-fontello' title='' data-avia-related-tooltip='Compartir en Whatsapp' rel=\"noopener\"><span class='avia_hidden_link_text'>Compartir en Whatsapp<\/span><\/a><\/li><li class='av-share-link av-social-link-linkedin' ><a target=\"_blank\" aria-label=\"Compartir en LinkedIn\" href='https:\/\/linkedin.com\/shareArticle?mini=true&#038;title=Director%20de%20IFOP%20visita%20sedes%20de%20Ays%C3%A9n%2C%20Puerto%20Montt%20y%20Punta%20Arenas&#038;url=https:\/\/radiorevelacionfm.cl\/?p=22686' aria-hidden='false' data-av_icon='\ue8fc' data-av_iconfont='entypo-fontello' title='' data-avia-related-tooltip='Compartir en LinkedIn' rel=\"noopener\"><span class='avia_hidden_link_text'>Compartir en LinkedIn<\/span><\/a><\/li><li class='av-share-link av-social-link-mail' ><a  aria-label=\"Compartir por correo\" href='mailto:?subject=Director%20de%20IFOP%20visita%20sedes%20de%20Ays%C3%A9n%2C%20Puerto%20Montt%20y%20Punta%20Arenas&#038;body=https:\/\/radiorevelacionfm.cl\/?p=22686' aria-hidden='false' data-av_icon='\ue805' data-av_iconfont='entypo-fontello' title='' data-avia-related-tooltip='Compartir por correo'><span class='avia_hidden_link_text'>Compartir por correo<\/span><\/a><\/li><\/ul><\/div><\/div>\n<div  style='height:50px' class='hr hr-invisible   avia-builder-el-8  el_after_av_social_share  el_before_av_comments_list '><span class='hr-inner ' ><span class='hr-inner-style'><\/span><\/span><\/div>\n<div  class='av-buildercomment  av-blog-meta-html-info-disabled av-blog-meta-tag-disabled  '><\/div>\n","protected":false},"excerpt":{"rendered":"","protected":false},"author":1,"featured_media":22687,"comment_status":"open","ping_status":"open","sticky":false,"template":"","format":"standard","meta":{"footnotes":""},"categories":[61],"tags":[],"class_list":["post-22686","post","type-post","status-publish","format-standard","has-post-thumbnail","hentry","category-nacional"],"jetpack_featured_media_url":"https:\/\/radiorevelacionfm.cl\/wp-content\/uploads\/2022\/10\/consejo-1_optimized.jpeg","_links":{"self":[{"href":"https:\/\/radiorevelacionfm.cl\/index.php?rest_route=\/wp\/v2\/posts\/22686","targetHints":{"allow":["GET"]}}],"collection":[{"href":"https:\/\/radiorevelacionfm.cl\/index.php?rest_route=\/wp\/v2\/posts"}],"about":[{"href":"https:\/\/radiorevelacionfm.cl\/index.php?rest_route=\/wp\/v2\/types\/post"}],"author":[{"embeddable":true,"href":"https:\/\/radiorevelacionfm.cl\/index.php?rest_route=\/wp\/v2\/users\/1"}],"replies":[{"embeddable":true,"href":"https:\/\/radiorevelacionfm.cl\/index.php?rest_route=%2Fwp%2Fv2%2Fcomments&post=22686"}],"version-history":[{"count":2,"href":"https:\/\/radiorevelacionfm.cl\/index.php?rest_route=\/wp\/v2\/posts\/22686\/revisions"}],"predecessor-version":[{"id":22707,"href":"https:\/\/radiorevelacionfm.cl\/index.php?rest_route=\/wp\/v2\/posts\/22686\/revisions\/22707"}],"wp:featuredmedia":[{"embeddable":true,"href":"https:\/\/radiorevelacionfm.cl\/index.php?rest_route=\/wp\/v2\/media\/22687"}],"wp:attachment":[{"href":"https:\/\/radiorevelacionfm.cl\/index.php?rest_route=%2Fwp%2Fv2%2Fmedia&parent=22686"}],"wp:term":[{"taxonomy":"category","embeddable":true,"href":"https:\/\/radiorevelacionfm.cl\/index.php?rest_route=%2Fwp%2Fv2%2Fcategories&post=22686"},{"taxonomy":"post_tag","embeddable":true,"href":"https:\/\/radiorevelacionfm.cl\/index.php?rest_route=%2Fwp%2Fv2%2Ftags&post=22686"}],"curies":[{"name":"wp","href":"https:\/\/api.w.org\/{rel}","templated":true}]}}