{"id":22683,"date":"2022-10-06T09:41:33","date_gmt":"2022-10-06T12:41:33","guid":{"rendered":"https:\/\/radiorevelacionfm.cl\/?p=22683"},"modified":"2022-10-06T09:41:33","modified_gmt":"2022-10-06T12:41:33","slug":"educacion-alista-traspaso-de-mas-de-700-millones-al-municipio-para-el-pago-de-arriendo-de-edificios-provisorios-de-escuela-especial-espana","status":"publish","type":"post","link":"https:\/\/radiorevelacionfm.cl\/?p=22683","title":{"rendered":"Educaci\u00f3n alista traspaso de m\u00e1s de 700 millones al municipio para el pago de arriendo de edificios provisorios de Escuela Especial Espa\u00f1a"},"content":{"rendered":"<div class=\"flex_column av_one_full  flex_column_div av-zero-column-padding first  avia-builder-el-0  el_before_av_one_full  avia-builder-el-first  \" style='border-radius:0px; '><div  class='avia-image-container  av-styling-    avia-builder-el-1  avia-builder-el-no-sibling  avia-align-center '  itemprop=\"image\" itemscope=\"itemscope\" itemtype=\"https:\/\/schema.org\/ImageObject\"  ><div class='avia-image-container-inner'><div class='avia-image-overlay-wrap'><img decoding=\"async\" class='wp-image-22684 avia-img-lazy-loading-not-22684 avia_image' src=\"https:\/\/radiorevelacionfm.cl\/wp-content\/uploads\/2022\/10\/escuela-espana-2-1-1.jpeg\" alt='' title='escuela espa\u00f1a (2) (1) (1)' height=\"600\" width=\"1103\"  itemprop=\"thumbnailUrl\" srcset=\"https:\/\/radiorevelacionfm.cl\/wp-content\/uploads\/2022\/10\/escuela-espana-2-1-1.jpeg 1103w, https:\/\/radiorevelacionfm.cl\/wp-content\/uploads\/2022\/10\/escuela-espana-2-1-1-300x163.jpeg 300w, https:\/\/radiorevelacionfm.cl\/wp-content\/uploads\/2022\/10\/escuela-espana-2-1-1-1030x560.jpeg 1030w, https:\/\/radiorevelacionfm.cl\/wp-content\/uploads\/2022\/10\/escuela-espana-2-1-1-768x418.jpeg 768w, https:\/\/radiorevelacionfm.cl\/wp-content\/uploads\/2022\/10\/escuela-espana-2-1-1-705x383.jpeg 705w, https:\/\/radiorevelacionfm.cl\/wp-content\/uploads\/2022\/10\/escuela-espana-2-1-1-600x326.jpeg 600w\" sizes=\"(max-width: 1103px) 100vw, 1103px\" \/><\/div><\/div><\/div><\/div><div class=\"flex_column av_one_full  flex_column_div av-zero-column-padding first  avia-builder-el-2  el_after_av_one_full  el_before_av_one_full  column-top-margin\" style='border-radius:0px; '><section class=\"av_textblock_section \"  itemscope=\"itemscope\" itemtype=\"https:\/\/schema.org\/BlogPosting\" itemprop=\"blogPost\" ><div class='avia_textblock  '   itemprop=\"text\" ><p style=\"text-align: center;\"><strong><span style=\"font-size: 18pt;\">Educaci\u00f3n alista traspaso de m\u00e1s de 700 millones al municipio para el pago de arriendo de edificios provisorios de Escuela Especial Espa\u00f1a<\/span><\/strong><\/p>\n<div id=\"gtx-trans\" style=\"position: absolute; left: -50px; top: 4.31534px;\">\n<div class=\"gtx-trans-icon\"><\/div>\n<\/div>\n<\/div><\/section><\/div><div class=\"flex_column av_one_full  flex_column_div av-zero-column-padding first  avia-builder-el-4  el_after_av_one_full  el_before_av_hr  column-top-margin\" style='border-radius:0px; '><section class=\"av_textblock_section \"  itemscope=\"itemscope\" itemtype=\"https:\/\/schema.org\/BlogPosting\" itemprop=\"blogPost\" ><div class='avia_textblock  '   itemprop=\"text\" ><p class=\"v1MsoNormal\" style=\"text-align: justify;\">La Seremi de Educaci\u00f3n de Ays\u00e9n Isabel Garrido Casassa concurri\u00f3 hoy mi\u00e9rcoles 05 a la Escuela Especial Espa\u00f1a, espec\u00edficamente a las dependencias de calle Sargento Aldea de la capital regional para ver en terreno como ha transcurrido la instalaci\u00f3n y funcionamiento en uno de los dos edificios que ocupa provisoriamente el establecimiento educacional municipal, en espera de la construcci\u00f3n de la nueva escuela.<\/p>\n<p class=\"v1MsoNormal\" style=\"text-align: justify;\">En un encuentro sostenido con la Directora Maciel Acu\u00f1a y la Jefa de la Unidad T\u00e9cnico Pedag\u00f3gica Pamela \u00c1lvarez, Isabel Garrido les inform\u00f3 que el Ministerio de Educaci\u00f3n est\u00e1 alistando el traspaso de recursos al sostenedor del establecimiento, la Municipalidad de Coyhaique para el pago del arriendo de los dos edificios que albergan provisoriamente al plantel.<\/p>\n<p class=\"v1MsoNormal\" style=\"text-align: justify;\">\u201cHoy d\u00eda vinimos a conversar con el equipo directivo de la Escuela Espa\u00f1a para transmitirles tranquilidad e informarles las gestiones que estamos\u00a0 realizando para transferir\u00a0 los m\u00e1s de 700 millones de pesos desde el Ministerio de Educaci\u00f3n al sostenedor municipal de Coyhaique destinados al pago de los arriendos que actualmente est\u00e1 utilizando la escuela. Ayer recibimos la documentaci\u00f3n pendiente de parte del sostenedor lo que permite transferir en cuotas los fondos comprometidos.\u00a0 Adem\u00e1s, dimos cuenta de los procesos que se est\u00e1n llevando a cabo para obtener la Recomendaci\u00f3n Satisfactoria (RS) del proyecto de reposici\u00f3n de la nueva escuela, que es la soluci\u00f3n definitiva que requiere esta comunidad educativa. Tambi\u00e9n les informamos de otros apoyos que se est\u00e1n gestionando en materia de alimentaci\u00f3n escolar, con la entrega de canastas para estudiantes\u201d.<\/p>\n<p class=\"v1MsoNormal\" style=\"text-align: justify;\">Por su parte, la Directora Maciel Acu\u00f1a valor\u00f3 positivamente la visita de la seremi. \u201cRecibimos hoy gratamente la visita de nuestra Seremi para ver c\u00f3mo estamos ya instalados en nuestros establecimientos y tambi\u00e9n conversar sobre algunos temas administrativos que todav\u00eda est\u00e1n pendiente. Nos inform\u00f3 la forma en que los est\u00e1n resolviendo desde la Serem\u00eda de Educaci\u00f3n\u201d.<\/p>\n<p class=\"v1MsoNormal\" style=\"text-align: justify;\">Respecto a la experiencia en las dependencias provisorias, Maciel Acu\u00f1a se\u00f1al\u00f3. \u201cEstamos muy contentos de estar ocupando estos espacios;\u00a0 todav\u00eda nos encontramos en un periodo de adaptaci\u00f3n y acomod\u00e1ndonos, a\u00fan, pero muy contentos y felices y esperamos ya en poco tiempo m\u00e1s tener resueltos esos peque\u00f1os detalles que a\u00fan quedan para permitirnos funcionar con jornada escolar completa\u201d.<\/p>\n<\/div><\/section><\/div><div  style='height:50px' class='hr hr-invisible   avia-builder-el-6  el_after_av_one_full  el_before_av_social_share '><span class='hr-inner ' ><span class='hr-inner-style'><\/span><\/span><\/div><\/p>\n<div  class='av-social-sharing-box  avia-builder-el-7  el_after_av_hr  el_before_av_hr  '><div class='av-share-box'><h5 class='av-share-link-description av-no-toc '>Compartir esta noticia<\/h5><ul class='av-share-box-list noLightbox'><li class='av-share-link av-social-link-facebook' ><a target=\"_blank\" aria-label=\"Compartir en Facebook\" href='https:\/\/www.facebook.com\/sharer.php?u=https:\/\/radiorevelacionfm.cl\/?p=22683&#038;t=Educaci%C3%B3n%20alista%20traspaso%20de%20m%C3%A1s%20de%20700%20millones%20al%20municipio%20para%20el%20pago%20de%20arriendo%20de%20edificios%20provisorios%20de%20Escuela%20Especial%20Espa%C3%B1a' aria-hidden='false' data-av_icon='\ue8f3' data-av_iconfont='entypo-fontello' title='' data-avia-related-tooltip='Compartir en Facebook' rel=\"noopener\"><span class='avia_hidden_link_text'>Compartir en Facebook<\/span><\/a><\/li><li class='av-share-link av-social-link-twitter' ><a target=\"_blank\" aria-label=\"Compartir en Twitter\" href='https:\/\/twitter.com\/share?text=Educaci%C3%B3n%20alista%20traspaso%20de%20m%C3%A1s%20de%20700%20millones%20al%20municipio%20para%20el%20pago%20de%20arriendo%20de%20edificios%20provisorios%20de%20Escuela%20Especial%20Espa%C3%B1a&#038;url=https:\/\/radiorevelacionfm.cl\/?p=22683' aria-hidden='false' data-av_icon='\ue8f1' data-av_iconfont='entypo-fontello' title='' data-avia-related-tooltip='Compartir en Twitter' rel=\"noopener\"><span class='avia_hidden_link_text'>Compartir en Twitter<\/span><\/a><\/li><li class='av-share-link av-social-link-whatsapp' ><a target=\"_blank\" aria-label=\"Compartir en Whatsapp\" href='https:\/\/api.whatsapp.com\/send?text=https:\/\/radiorevelacionfm.cl\/?p=22683' aria-hidden='false' data-av_icon='\uf232' data-av_iconfont='entypo-fontello' title='' data-avia-related-tooltip='Compartir en Whatsapp' rel=\"noopener\"><span class='avia_hidden_link_text'>Compartir en Whatsapp<\/span><\/a><\/li><li class='av-share-link av-social-link-linkedin' ><a target=\"_blank\" aria-label=\"Compartir en LinkedIn\" href='https:\/\/linkedin.com\/shareArticle?mini=true&#038;title=Educaci%C3%B3n%20alista%20traspaso%20de%20m%C3%A1s%20de%20700%20millones%20al%20municipio%20para%20el%20pago%20de%20arriendo%20de%20edificios%20provisorios%20de%20Escuela%20Especial%20Espa%C3%B1a&#038;url=https:\/\/radiorevelacionfm.cl\/?p=22683' aria-hidden='false' data-av_icon='\ue8fc' data-av_iconfont='entypo-fontello' title='' data-avia-related-tooltip='Compartir en LinkedIn' rel=\"noopener\"><span class='avia_hidden_link_text'>Compartir en LinkedIn<\/span><\/a><\/li><li class='av-share-link av-social-link-mail' ><a  aria-label=\"Compartir por correo\" href='mailto:?subject=Educaci%C3%B3n%20alista%20traspaso%20de%20m%C3%A1s%20de%20700%20millones%20al%20municipio%20para%20el%20pago%20de%20arriendo%20de%20edificios%20provisorios%20de%20Escuela%20Especial%20Espa%C3%B1a&#038;body=https:\/\/radiorevelacionfm.cl\/?p=22683' aria-hidden='false' data-av_icon='\ue805' data-av_iconfont='entypo-fontello' title='' data-avia-related-tooltip='Compartir por correo'><span class='avia_hidden_link_text'>Compartir por correo<\/span><\/a><\/li><\/ul><\/div><\/div>\n<div  style='height:50px' class='hr hr-invisible   avia-builder-el-8  el_after_av_social_share  el_before_av_comments_list '><span class='hr-inner ' ><span class='hr-inner-style'><\/span><\/span><\/div>\n<div  class='av-buildercomment  av-blog-meta-html-info-disabled av-blog-meta-tag-disabled  '><\/div>\n","protected":false},"excerpt":{"rendered":"","protected":false},"author":1,"featured_media":22684,"comment_status":"open","ping_status":"open","sticky":false,"template":"","format":"standard","meta":{"footnotes":""},"categories":[49],"tags":[],"class_list":["post-22683","post","type-post","status-publish","format-standard","has-post-thumbnail","hentry","category-educacion"],"jetpack_featured_media_url":"https:\/\/radiorevelacionfm.cl\/wp-content\/uploads\/2022\/10\/escuela-espana-2-1-1.jpeg","_links":{"self":[{"href":"https:\/\/radiorevelacionfm.cl\/index.php?rest_route=\/wp\/v2\/posts\/22683","targetHints":{"allow":["GET"]}}],"collection":[{"href":"https:\/\/radiorevelacionfm.cl\/index.php?rest_route=\/wp\/v2\/posts"}],"about":[{"href":"https:\/\/radiorevelacionfm.cl\/index.php?rest_route=\/wp\/v2\/types\/post"}],"author":[{"embeddable":true,"href":"https:\/\/radiorevelacionfm.cl\/index.php?rest_route=\/wp\/v2\/users\/1"}],"replies":[{"embeddable":true,"href":"https:\/\/radiorevelacionfm.cl\/index.php?rest_route=%2Fwp%2Fv2%2Fcomments&post=22683"}],"version-history":[{"count":2,"href":"https:\/\/radiorevelacionfm.cl\/index.php?rest_route=\/wp\/v2\/posts\/22683\/revisions"}],"predecessor-version":[{"id":22702,"href":"https:\/\/radiorevelacionfm.cl\/index.php?rest_route=\/wp\/v2\/posts\/22683\/revisions\/22702"}],"wp:featuredmedia":[{"embeddable":true,"href":"https:\/\/radiorevelacionfm.cl\/index.php?rest_route=\/wp\/v2\/media\/22684"}],"wp:attachment":[{"href":"https:\/\/radiorevelacionfm.cl\/index.php?rest_route=%2Fwp%2Fv2%2Fmedia&parent=22683"}],"wp:term":[{"taxonomy":"category","embeddable":true,"href":"https:\/\/radiorevelacionfm.cl\/index.php?rest_route=%2Fwp%2Fv2%2Fcategories&post=22683"},{"taxonomy":"post_tag","embeddable":true,"href":"https:\/\/radiorevelacionfm.cl\/index.php?rest_route=%2Fwp%2Fv2%2Ftags&post=22683"}],"curies":[{"name":"wp","href":"https:\/\/api.w.org\/{rel}","templated":true}]}}