{"id":22680,"date":"2022-10-06T09:26:07","date_gmt":"2022-10-06T12:26:07","guid":{"rendered":"https:\/\/radiorevelacionfm.cl\/?p=22680"},"modified":"2022-10-06T09:26:07","modified_gmt":"2022-10-06T12:26:07","slug":"sernameg-invita-a-postular-al-fondo-equidad-de-genero-2022","status":"publish","type":"post","link":"https:\/\/radiorevelacionfm.cl\/?p=22680","title":{"rendered":"SernamEG invita a postular al Fondo Equidad de G\u00e9nero 2022"},"content":{"rendered":"<div class=\"flex_column av_one_full  flex_column_div av-zero-column-padding first  avia-builder-el-0  el_before_av_one_full  avia-builder-el-first  \" style='border-radius:0px; '><div  class='avia-image-container  av-styling-    avia-builder-el-1  avia-builder-el-no-sibling  avia-align-center '  itemprop=\"image\" itemscope=\"itemscope\" itemtype=\"https:\/\/schema.org\/ImageObject\"  ><div class='avia-image-container-inner'><div class='avia-image-overlay-wrap'><img decoding=\"async\" class='wp-image-22681 avia-img-lazy-loading-not-22681 avia_image' src=\"https:\/\/radiorevelacionfm.cl\/wp-content\/uploads\/2022\/10\/sernameg-fondo-equidad-de-genero-1-1_optimized.jpg\" alt='' title='sernameg-fondo-equidad-de-g\u00e9nero-(1)-(1)_optimized' height=\"600\" width=\"1193\"  itemprop=\"thumbnailUrl\" srcset=\"https:\/\/radiorevelacionfm.cl\/wp-content\/uploads\/2022\/10\/sernameg-fondo-equidad-de-genero-1-1_optimized.jpg 1193w, https:\/\/radiorevelacionfm.cl\/wp-content\/uploads\/2022\/10\/sernameg-fondo-equidad-de-genero-1-1_optimized-300x151.jpg 300w, https:\/\/radiorevelacionfm.cl\/wp-content\/uploads\/2022\/10\/sernameg-fondo-equidad-de-genero-1-1_optimized-1030x518.jpg 1030w, https:\/\/radiorevelacionfm.cl\/wp-content\/uploads\/2022\/10\/sernameg-fondo-equidad-de-genero-1-1_optimized-768x386.jpg 768w, https:\/\/radiorevelacionfm.cl\/wp-content\/uploads\/2022\/10\/sernameg-fondo-equidad-de-genero-1-1_optimized-705x355.jpg 705w, https:\/\/radiorevelacionfm.cl\/wp-content\/uploads\/2022\/10\/sernameg-fondo-equidad-de-genero-1-1_optimized-600x302.jpg 600w\" sizes=\"(max-width: 1193px) 100vw, 1193px\" \/><\/div><\/div><\/div><\/div><div class=\"flex_column av_one_full  flex_column_div av-zero-column-padding first  avia-builder-el-2  el_after_av_one_full  el_before_av_one_full  column-top-margin\" style='border-radius:0px; '><section class=\"av_textblock_section \"  itemscope=\"itemscope\" itemtype=\"https:\/\/schema.org\/BlogPosting\" itemprop=\"blogPost\" ><div class='avia_textblock  '   itemprop=\"text\" ><p style=\"text-align: center;\"><strong><span style=\"font-size: 18pt;\">SernamEG invita a postular al Fondo Equidad de G\u00e9nero 2022<\/span><\/strong><\/p>\n<div id=\"gtx-trans\" style=\"position: absolute; left: -50px; top: 4.31534px;\">\n<div class=\"gtx-trans-icon\"><\/div>\n<\/div>\n<\/div><\/section><\/div><div class=\"flex_column av_one_full  flex_column_div av-zero-column-padding first  avia-builder-el-4  el_after_av_one_full  el_before_av_hr  column-top-margin\" style='border-radius:0px; '><section class=\"av_textblock_section \"  itemscope=\"itemscope\" itemtype=\"https:\/\/schema.org\/BlogPosting\" itemprop=\"blogPost\" ><div class='avia_textblock  '   itemprop=\"text\" ><p style=\"font-weight: 400; text-align: justify;\">Por segundo a\u00f1o, el Servicio Nacional de la Mujer y la Equidad de G\u00e9nero, SernamEG, lanza un llamado a personas naturales y jur\u00eddicas a postular al Fondo Equidad de G\u00e9nero, 2022. Su objetivo es contribuir al financiamiento de proyectos, programas y actividades nacionales, regionales o locales, de educaci\u00f3n y difusi\u00f3n, destinados a fortalecer la participaci\u00f3n, asociatividad, y liderazgo de las mujeres en el marco de la equidad de g\u00e9nero y los derechos humanos de las mismas.<\/p>\n<p style=\"font-weight: 400; text-align: justify;\">\u201cPersonas naturales, personas jur\u00eddicas, organizaciones de la sociedad civil, instituciones educacionales, todas y todos pueden postular a este beneficio que entrega el SernamEG para que sigamos robusteciendo las acciones que promuevan la equidad de g\u00e9nero y la participaci\u00f3n de las mujeres en todos los espacios de la sociedad\u201d, afirm\u00f3 la Directora Nacional de SernamEG, Priscilla Carrasco Pizarro.<\/p>\n<p style=\"font-weight: 400; text-align: justify;\">Por su parte, la Directora Regional (S) de SernamEG, Carla Arriagada Malague\u00f1o, se refiri\u00f3 a las l\u00edneas de acci\u00f3n de financiamiento, precisando que \u201capuntan al fortalecimiento, ya sea de car\u00e1cter interno de la organizaci\u00f3n que postule, o bien con este mismo fin, destinado a redes de asociatividad. El a\u00f1o pasado, tuvimos una muy buena experiencia con un proyecto que benefici\u00f3 a 15 mujeres en la comuna de R\u00edo Ib\u00e1\u00f1ez\u201d.<\/p>\n<p style=\"font-weight: 400; text-align: justify;\">Por su parte, la ganadora del proyecto del Fondo Equidad de G\u00e9nero 2021, Marcela Gonz\u00e1lez Vel\u00e1squez, manifest\u00f3: \u201cfue una oportunidad que como persona me permiti\u00f3 tener un espacio de encuentro y de escucha activa; asimismo, generar un proceso de aprendizaje para las participantes. En definitiva, fue una experiencia inolvidable, ya que los recursos se pueden focalizar en la necesidad que existe en el territorio; en mi caso, fueron talleres de formaci\u00f3n en redes sociales que siento que fue una labor fruct\u00edfera, tanto para las mujeres como para m\u00ed como profesional\u201d.<\/p>\n<p style=\"font-weight: 400; text-align: justify;\">El Fondo Equidad de G\u00e9nero financia propuestas por la suma de $4.000.000 (cuatro millones de pesos). El aporte propio que gestione la organizaci\u00f3n o persona natural, puede ser fresco o valorizado, y equivale a un m\u00ednimo del 10% del total del Fondo solicitado. Los recursos ser\u00e1n otorgados a los proyectos, programas o actividades que cumplan con las finalidades se\u00f1aladas y ser\u00e1n transferidos en una cuota, seg\u00fan lo establecido en las Bases de Convocatoria. La postulaci\u00f3n al Fondo Equidad de G\u00e9nero 2022 se realiza en\u00a0<a href=\"http:\/\/www.fondos.gob.cl\/\" data-saferedirecturl=\"https:\/\/www.google.com\/url?q=http:\/\/www.fondos.gob.cl&amp;source=gmail&amp;ust=1665083473497000&amp;usg=AOvVaw1LyNby36nI0mjPUUBpO3Bl\">www.fondos.gob.cl<\/a>, desde el 4 hasta el 19 de octubre de 2022. Finalmente, para posibles consultas se encuentra disponible el correo:\u00a0<a href=\"mailto:postulacionesfondoeg@sernameg.gob.cl\">postulacionesfondoeg@sernameg.gob.cl<\/a>\u00a0hasta el domingo 09 de octubre.<\/p>\n<\/div><\/section><\/div><div  style='height:50px' class='hr hr-invisible   avia-builder-el-6  el_after_av_one_full  el_before_av_social_share '><span class='hr-inner ' ><span class='hr-inner-style'><\/span><\/span><\/div><\/p>\n<div  class='av-social-sharing-box  avia-builder-el-7  el_after_av_hr  el_before_av_hr  '><div class='av-share-box'><h5 class='av-share-link-description av-no-toc '>Compartir esta noticia<\/h5><ul class='av-share-box-list noLightbox'><li class='av-share-link av-social-link-facebook' ><a target=\"_blank\" aria-label=\"Compartir en Facebook\" href='https:\/\/www.facebook.com\/sharer.php?u=https:\/\/radiorevelacionfm.cl\/?p=22680&#038;t=SernamEG%20invita%20a%20postular%20al%20Fondo%20Equidad%20de%20G%C3%A9nero%202022' aria-hidden='false' data-av_icon='\ue8f3' data-av_iconfont='entypo-fontello' title='' data-avia-related-tooltip='Compartir en Facebook' rel=\"noopener\"><span class='avia_hidden_link_text'>Compartir en Facebook<\/span><\/a><\/li><li class='av-share-link av-social-link-twitter' ><a target=\"_blank\" aria-label=\"Compartir en Twitter\" href='https:\/\/twitter.com\/share?text=SernamEG%20invita%20a%20postular%20al%20Fondo%20Equidad%20de%20G%C3%A9nero%202022&#038;url=https:\/\/radiorevelacionfm.cl\/?p=22680' aria-hidden='false' data-av_icon='\ue8f1' data-av_iconfont='entypo-fontello' title='' data-avia-related-tooltip='Compartir en Twitter' rel=\"noopener\"><span class='avia_hidden_link_text'>Compartir en Twitter<\/span><\/a><\/li><li class='av-share-link av-social-link-whatsapp' ><a target=\"_blank\" aria-label=\"Compartir en Whatsapp\" href='https:\/\/api.whatsapp.com\/send?text=https:\/\/radiorevelacionfm.cl\/?p=22680' aria-hidden='false' data-av_icon='\uf232' data-av_iconfont='entypo-fontello' title='' data-avia-related-tooltip='Compartir en Whatsapp' rel=\"noopener\"><span class='avia_hidden_link_text'>Compartir en Whatsapp<\/span><\/a><\/li><li class='av-share-link av-social-link-linkedin' ><a target=\"_blank\" aria-label=\"Compartir en LinkedIn\" href='https:\/\/linkedin.com\/shareArticle?mini=true&#038;title=SernamEG%20invita%20a%20postular%20al%20Fondo%20Equidad%20de%20G%C3%A9nero%202022&#038;url=https:\/\/radiorevelacionfm.cl\/?p=22680' aria-hidden='false' data-av_icon='\ue8fc' data-av_iconfont='entypo-fontello' title='' data-avia-related-tooltip='Compartir en LinkedIn' rel=\"noopener\"><span class='avia_hidden_link_text'>Compartir en LinkedIn<\/span><\/a><\/li><li class='av-share-link av-social-link-mail' ><a  aria-label=\"Compartir por correo\" href='mailto:?subject=SernamEG%20invita%20a%20postular%20al%20Fondo%20Equidad%20de%20G%C3%A9nero%202022&#038;body=https:\/\/radiorevelacionfm.cl\/?p=22680' aria-hidden='false' data-av_icon='\ue805' data-av_iconfont='entypo-fontello' title='' data-avia-related-tooltip='Compartir por correo'><span class='avia_hidden_link_text'>Compartir por correo<\/span><\/a><\/li><\/ul><\/div><\/div>\n<div  style='height:50px' class='hr hr-invisible   avia-builder-el-8  el_after_av_social_share  el_before_av_comments_list '><span class='hr-inner ' ><span class='hr-inner-style'><\/span><\/span><\/div>\n<div  class='av-buildercomment  av-blog-meta-html-info-disabled av-blog-meta-tag-disabled  '><\/div>\n","protected":false},"excerpt":{"rendered":"","protected":false},"author":1,"featured_media":22681,"comment_status":"open","ping_status":"open","sticky":false,"template":"","format":"standard","meta":{"footnotes":""},"categories":[38],"tags":[],"class_list":["post-22680","post","type-post","status-publish","format-standard","has-post-thumbnail","hentry","category-regional"],"jetpack_featured_media_url":"https:\/\/radiorevelacionfm.cl\/wp-content\/uploads\/2022\/10\/sernameg-fondo-equidad-de-genero-1-1_optimized.jpg","_links":{"self":[{"href":"https:\/\/radiorevelacionfm.cl\/index.php?rest_route=\/wp\/v2\/posts\/22680","targetHints":{"allow":["GET"]}}],"collection":[{"href":"https:\/\/radiorevelacionfm.cl\/index.php?rest_route=\/wp\/v2\/posts"}],"about":[{"href":"https:\/\/radiorevelacionfm.cl\/index.php?rest_route=\/wp\/v2\/types\/post"}],"author":[{"embeddable":true,"href":"https:\/\/radiorevelacionfm.cl\/index.php?rest_route=\/wp\/v2\/users\/1"}],"replies":[{"embeddable":true,"href":"https:\/\/radiorevelacionfm.cl\/index.php?rest_route=%2Fwp%2Fv2%2Fcomments&post=22680"}],"version-history":[{"count":2,"href":"https:\/\/radiorevelacionfm.cl\/index.php?rest_route=\/wp\/v2\/posts\/22680\/revisions"}],"predecessor-version":[{"id":22701,"href":"https:\/\/radiorevelacionfm.cl\/index.php?rest_route=\/wp\/v2\/posts\/22680\/revisions\/22701"}],"wp:featuredmedia":[{"embeddable":true,"href":"https:\/\/radiorevelacionfm.cl\/index.php?rest_route=\/wp\/v2\/media\/22681"}],"wp:attachment":[{"href":"https:\/\/radiorevelacionfm.cl\/index.php?rest_route=%2Fwp%2Fv2%2Fmedia&parent=22680"}],"wp:term":[{"taxonomy":"category","embeddable":true,"href":"https:\/\/radiorevelacionfm.cl\/index.php?rest_route=%2Fwp%2Fv2%2Fcategories&post=22680"},{"taxonomy":"post_tag","embeddable":true,"href":"https:\/\/radiorevelacionfm.cl\/index.php?rest_route=%2Fwp%2Fv2%2Ftags&post=22680"}],"curies":[{"name":"wp","href":"https:\/\/api.w.org\/{rel}","templated":true}]}}