{"id":22676,"date":"2022-10-05T16:10:58","date_gmt":"2022-10-05T19:10:58","guid":{"rendered":"https:\/\/radiorevelacionfm.cl\/?p=22676"},"modified":"2022-10-05T16:10:58","modified_gmt":"2022-10-05T19:10:58","slug":"curso-de-formacion-habilito-a-19-guias-en-areas-silvestres-protegidas","status":"publish","type":"post","link":"https:\/\/radiorevelacionfm.cl\/?p=22676","title":{"rendered":"Curso de formaci\u00f3n habilit\u00f3 a 19 Gu\u00edas en \u00c1reas Silvestres Protegidas"},"content":{"rendered":"<div class=\"flex_column av_one_full  flex_column_div av-zero-column-padding first  avia-builder-el-0  el_before_av_one_full  avia-builder-el-first  \" style='border-radius:0px; '><div  class='avia-image-container  av-styling-    avia-builder-el-1  avia-builder-el-no-sibling  avia-align-center '  itemprop=\"image\" itemscope=\"itemscope\" itemtype=\"https:\/\/schema.org\/ImageObject\"  ><div class='avia-image-container-inner'><div class='avia-image-overlay-wrap'><img decoding=\"async\" class='wp-image-22677 avia-img-lazy-loading-not-22677 avia_image' src=\"https:\/\/radiorevelacionfm.cl\/wp-content\/uploads\/2022\/10\/dsc06059-1-1_optimized-1.jpg\" alt='' title='dsc06059-(1)-(1)_optimized (1)' height=\"600\" width=\"1069\"  itemprop=\"thumbnailUrl\" srcset=\"https:\/\/radiorevelacionfm.cl\/wp-content\/uploads\/2022\/10\/dsc06059-1-1_optimized-1.jpg 1069w, https:\/\/radiorevelacionfm.cl\/wp-content\/uploads\/2022\/10\/dsc06059-1-1_optimized-1-300x168.jpg 300w, https:\/\/radiorevelacionfm.cl\/wp-content\/uploads\/2022\/10\/dsc06059-1-1_optimized-1-1030x578.jpg 1030w, https:\/\/radiorevelacionfm.cl\/wp-content\/uploads\/2022\/10\/dsc06059-1-1_optimized-1-768x431.jpg 768w, https:\/\/radiorevelacionfm.cl\/wp-content\/uploads\/2022\/10\/dsc06059-1-1_optimized-1-705x396.jpg 705w, https:\/\/radiorevelacionfm.cl\/wp-content\/uploads\/2022\/10\/dsc06059-1-1_optimized-1-600x337.jpg 600w\" sizes=\"(max-width: 1069px) 100vw, 1069px\" \/><\/div><\/div><\/div><\/div><div class=\"flex_column av_one_full  flex_column_div av-zero-column-padding first  avia-builder-el-2  el_after_av_one_full  el_before_av_one_full  column-top-margin\" style='border-radius:0px; '><section class=\"av_textblock_section \"  itemscope=\"itemscope\" itemtype=\"https:\/\/schema.org\/BlogPosting\" itemprop=\"blogPost\" ><div class='avia_textblock  '   itemprop=\"text\" ><p style=\"text-align: center;\"><span style=\"font-size: 18pt;\"><b>Curso de formaci\u00f3n habilit\u00f3 a 19 Gu\u00edas en \u00c1reas Silvestres Protegidas<\/b><\/span><\/p>\n<div id=\"gtx-trans\" style=\"position: absolute; left: -50px; top: 4.31534px;\">\n<div class=\"gtx-trans-icon\"><\/div>\n<\/div>\n<\/div><\/section><\/div><div class=\"flex_column av_one_full  flex_column_div av-zero-column-padding first  avia-builder-el-4  el_after_av_one_full  el_before_av_hr  column-top-margin\" style='border-radius:0px; '><section class=\"av_textblock_section \"  itemscope=\"itemscope\" itemtype=\"https:\/\/schema.org\/BlogPosting\" itemprop=\"blogPost\" ><div class='avia_textblock  '   itemprop=\"text\" ><p style=\"font-weight: 400; text-align: justify;\">Con el objetivo de formar gu\u00edas que est\u00e9n habilitados y habilitadas para ingresar a las \u00c1reas Silvestres Protegidas (ASP), administradas por CONAF en la Regi\u00f3n de Ays\u00e9n, la Universidad Austral de Chile en alianza con la Asociaci\u00f3n de Gu\u00edas de la Patagonia (AGAP) y el PER Turismo de Corfo Ays\u00e9n desarroll\u00f3 un curso, en el que 19 gu\u00edas adoptaron nuevos y mejorados conocimientos que les permitir\u00e1 entregar buen servicio a los viajeros, acogidos al uso p\u00fablico de la \u00e1reas y los objetivos de creaci\u00f3n de \u00e9stas.<\/p>\n<p style=\"font-weight: 400; text-align: justify;\">La AGAP busca que los gu\u00edas tengan conocimiento y propiedad sobre los sectores que trabajan, por eso surgi\u00f3 la idea de profesionalizar a\u00fan m\u00e1s a sus miembros y ser parte de la protecci\u00f3n de las \u00c1reas Silvestres Protegidas. Francisco Lara, presidente de la AGAP, destac\u00f3 el trabajo realizado. \u201cLa idea surge luego de ver el trabajo que se desarrolla en el Parque Nacional Torres del Paines en la Regi\u00f3n de Magallanes. De esta manera, definimos un curso de formaci\u00f3n, con una malla tipo y ac\u00e1 la perfilamos para nuestra regi\u00f3n, entre la UACh, Conaf, PER Turismo y nosotros, para la habilitaci\u00f3n de gu\u00edas en las \u00c1reas Silvestres Protegidas. El primer curso se realiz\u00f3 en el 2020, se habilitaron 34 gu\u00edas. En esta segunda entrega, fueron 19. Lo que buscamos como Asociaci\u00f3n es que m\u00e1s gu\u00edas se certifiquen, para que todos los gu\u00edas tengamos un mismo relato e ir profesionalizando el guiado, ofreciendo un mejor servicio a quienes visitan la regi\u00f3n y motivar la contrataci\u00f3n de gu\u00edas locales certificados para entrar a las ASP, con curso de primeros auxilios y registro en Sernatur al d\u00eda y que forma parte de una asociaci\u00f3n gremial o agrupaci\u00f3n de gu\u00edas de la regi\u00f3n\u201d.<\/p>\n<p style=\"font-weight: 400; text-align: justify;\"><strong>PROGRAMA FORMACI\u00d3N<\/strong><\/p>\n<p style=\"font-weight: 400; text-align: justify;\">Parte del programa de formaci\u00f3n, incorpor\u00f3 la definici\u00f3n de los tipos de turismo que se desarrollan en Ays\u00e9n, y el desaf\u00edo de avanzar hacia un turismo sustentable a nivel local y regional. Asimismo, abordaron la normativa vigente respecto a las ASP, en particular a lo relativo a la recreaci\u00f3n y turismo, y los aspectos log\u00edsticos y de planificaci\u00f3n que deben realizar los gu\u00edas, para una operaci\u00f3n oportuna. Tambi\u00e9n trabajaron en torno a la puesta en valor de los principales objetos de conservaci\u00f3n de la geo y biodiversidad, con foco en el rol del visitante y su aporte al cuidado de la naturaleza.<\/p>\n<p style=\"font-weight: 400; text-align: justify;\">Desde el punto de vista patrimonial, se entregaron herramientas para poner en valor y conservar la identidad local, a trav\u00e9s de la identificaci\u00f3n y conocimiento de los principales hitos hist\u00f3ricos regionales, as\u00ed como las etnias y aspectos culturales.<\/p>\n<p style=\"font-weight: 400; text-align: justify;\">Finalmente, quienes participaron pudieron trabajar en dos talleres pr\u00e1cticos: uno, en torno a las habilidades blandas y comunicaci\u00f3n efectiva, como eje de la vinculaci\u00f3n entre el relato tur\u00edstico y sus visitantes; y, el segundo, sobre los principios y aplicaciones pr\u00e1cticas de \u201cNo Deje Rastro\u201d.<\/p>\n<p style=\"font-weight: 400; text-align: justify;\">Las actividades se desarrollaron a lo largo de cuatro semanas, ejecutadas en distintos espacios de formaci\u00f3n como la Reserva Coyhaique, el Museo Regional de Ays\u00e9n y el Campus Patagonia de la UACh.<\/p>\n<\/div><\/section><\/div><div  style='height:50px' class='hr hr-invisible   avia-builder-el-6  el_after_av_one_full  el_before_av_social_share '><span class='hr-inner ' ><span class='hr-inner-style'><\/span><\/span><\/div><\/p>\n<div  class='av-social-sharing-box  avia-builder-el-7  el_after_av_hr  el_before_av_hr  '><div class='av-share-box'><h5 class='av-share-link-description av-no-toc '>Compartir esta noticia<\/h5><ul class='av-share-box-list noLightbox'><li class='av-share-link av-social-link-facebook' ><a target=\"_blank\" aria-label=\"Compartir en Facebook\" href='https:\/\/www.facebook.com\/sharer.php?u=https:\/\/radiorevelacionfm.cl\/?p=22676&#038;t=Curso%20de%20formaci%C3%B3n%20habilit%C3%B3%20a%2019%20Gu%C3%ADas%20en%20%C3%81reas%20Silvestres%20Protegidas' aria-hidden='false' data-av_icon='\ue8f3' data-av_iconfont='entypo-fontello' title='' data-avia-related-tooltip='Compartir en Facebook' rel=\"noopener\"><span class='avia_hidden_link_text'>Compartir en Facebook<\/span><\/a><\/li><li class='av-share-link av-social-link-twitter' ><a target=\"_blank\" aria-label=\"Compartir en Twitter\" href='https:\/\/twitter.com\/share?text=Curso%20de%20formaci%C3%B3n%20habilit%C3%B3%20a%2019%20Gu%C3%ADas%20en%20%C3%81reas%20Silvestres%20Protegidas&#038;url=https:\/\/radiorevelacionfm.cl\/?p=22676' aria-hidden='false' data-av_icon='\ue8f1' data-av_iconfont='entypo-fontello' title='' data-avia-related-tooltip='Compartir en Twitter' rel=\"noopener\"><span class='avia_hidden_link_text'>Compartir en Twitter<\/span><\/a><\/li><li class='av-share-link av-social-link-whatsapp' ><a target=\"_blank\" aria-label=\"Compartir en Whatsapp\" href='https:\/\/api.whatsapp.com\/send?text=https:\/\/radiorevelacionfm.cl\/?p=22676' aria-hidden='false' data-av_icon='\uf232' data-av_iconfont='entypo-fontello' title='' data-avia-related-tooltip='Compartir en Whatsapp' rel=\"noopener\"><span class='avia_hidden_link_text'>Compartir en Whatsapp<\/span><\/a><\/li><li class='av-share-link av-social-link-linkedin' ><a target=\"_blank\" aria-label=\"Compartir en LinkedIn\" href='https:\/\/linkedin.com\/shareArticle?mini=true&#038;title=Curso%20de%20formaci%C3%B3n%20habilit%C3%B3%20a%2019%20Gu%C3%ADas%20en%20%C3%81reas%20Silvestres%20Protegidas&#038;url=https:\/\/radiorevelacionfm.cl\/?p=22676' aria-hidden='false' data-av_icon='\ue8fc' data-av_iconfont='entypo-fontello' title='' data-avia-related-tooltip='Compartir en LinkedIn' rel=\"noopener\"><span class='avia_hidden_link_text'>Compartir en LinkedIn<\/span><\/a><\/li><li class='av-share-link av-social-link-mail' ><a  aria-label=\"Compartir por correo\" href='mailto:?subject=Curso%20de%20formaci%C3%B3n%20habilit%C3%B3%20a%2019%20Gu%C3%ADas%20en%20%C3%81reas%20Silvestres%20Protegidas&#038;body=https:\/\/radiorevelacionfm.cl\/?p=22676' aria-hidden='false' data-av_icon='\ue805' data-av_iconfont='entypo-fontello' title='' data-avia-related-tooltip='Compartir por correo'><span class='avia_hidden_link_text'>Compartir por correo<\/span><\/a><\/li><\/ul><\/div><\/div>\n<div  style='height:50px' class='hr hr-invisible   avia-builder-el-8  el_after_av_social_share  el_before_av_comments_list '><span class='hr-inner ' ><span class='hr-inner-style'><\/span><\/span><\/div>\n<div  class='av-buildercomment  av-blog-meta-html-info-disabled av-blog-meta-tag-disabled  '><\/div>\n","protected":false},"excerpt":{"rendered":"","protected":false},"author":1,"featured_media":22677,"comment_status":"open","ping_status":"open","sticky":false,"template":"","format":"standard","meta":{"footnotes":""},"categories":[54],"tags":[],"class_list":["post-22676","post","type-post","status-publish","format-standard","has-post-thumbnail","hentry","category-turismo"],"jetpack_featured_media_url":"https:\/\/radiorevelacionfm.cl\/wp-content\/uploads\/2022\/10\/dsc06059-1-1_optimized-1.jpg","_links":{"self":[{"href":"https:\/\/radiorevelacionfm.cl\/index.php?rest_route=\/wp\/v2\/posts\/22676","targetHints":{"allow":["GET"]}}],"collection":[{"href":"https:\/\/radiorevelacionfm.cl\/index.php?rest_route=\/wp\/v2\/posts"}],"about":[{"href":"https:\/\/radiorevelacionfm.cl\/index.php?rest_route=\/wp\/v2\/types\/post"}],"author":[{"embeddable":true,"href":"https:\/\/radiorevelacionfm.cl\/index.php?rest_route=\/wp\/v2\/users\/1"}],"replies":[{"embeddable":true,"href":"https:\/\/radiorevelacionfm.cl\/index.php?rest_route=%2Fwp%2Fv2%2Fcomments&post=22676"}],"version-history":[{"count":2,"href":"https:\/\/radiorevelacionfm.cl\/index.php?rest_route=\/wp\/v2\/posts\/22676\/revisions"}],"predecessor-version":[{"id":22679,"href":"https:\/\/radiorevelacionfm.cl\/index.php?rest_route=\/wp\/v2\/posts\/22676\/revisions\/22679"}],"wp:featuredmedia":[{"embeddable":true,"href":"https:\/\/radiorevelacionfm.cl\/index.php?rest_route=\/wp\/v2\/media\/22677"}],"wp:attachment":[{"href":"https:\/\/radiorevelacionfm.cl\/index.php?rest_route=%2Fwp%2Fv2%2Fmedia&parent=22676"}],"wp:term":[{"taxonomy":"category","embeddable":true,"href":"https:\/\/radiorevelacionfm.cl\/index.php?rest_route=%2Fwp%2Fv2%2Fcategories&post=22676"},{"taxonomy":"post_tag","embeddable":true,"href":"https:\/\/radiorevelacionfm.cl\/index.php?rest_route=%2Fwp%2Fv2%2Ftags&post=22676"}],"curies":[{"name":"wp","href":"https:\/\/api.w.org\/{rel}","templated":true}]}}