{"id":22673,"date":"2022-10-05T20:03:21","date_gmt":"2022-10-05T23:03:21","guid":{"rendered":"https:\/\/radiorevelacionfm.cl\/?p=22673"},"modified":"2022-10-05T20:03:53","modified_gmt":"2022-10-05T23:03:53","slug":"injuv-y-universidad-austral-de-chile-firman-importante-convenio-de-cooperacion","status":"publish","type":"post","link":"https:\/\/radiorevelacionfm.cl\/?p=22673","title":{"rendered":"Injuv y Universidad Austral firman importante convenio de cooperaci\u00f3n"},"content":{"rendered":"<div class=\"flex_column av_one_full  flex_column_div av-zero-column-padding first  avia-builder-el-0  el_before_av_one_full  avia-builder-el-first  \" style='border-radius:0px; '><div  class='avia-image-container  av-styling-    avia-builder-el-1  avia-builder-el-no-sibling  avia-align-center '  itemprop=\"image\" itemscope=\"itemscope\" itemtype=\"https:\/\/schema.org\/ImageObject\"  ><div class='avia-image-container-inner'><div class='avia-image-overlay-wrap'><img decoding=\"async\" class='wp-image-22674 avia-img-lazy-loading-not-22674 avia_image' src=\"https:\/\/radiorevelacionfm.cl\/wp-content\/uploads\/2022\/10\/image-100-1.jpg\" alt='' title='image (100) (1)' height=\"600\" width=\"888\"  itemprop=\"thumbnailUrl\" srcset=\"https:\/\/radiorevelacionfm.cl\/wp-content\/uploads\/2022\/10\/image-100-1.jpg 888w, https:\/\/radiorevelacionfm.cl\/wp-content\/uploads\/2022\/10\/image-100-1-300x203.jpg 300w, https:\/\/radiorevelacionfm.cl\/wp-content\/uploads\/2022\/10\/image-100-1-768x519.jpg 768w, https:\/\/radiorevelacionfm.cl\/wp-content\/uploads\/2022\/10\/image-100-1-705x476.jpg 705w, https:\/\/radiorevelacionfm.cl\/wp-content\/uploads\/2022\/10\/image-100-1-600x405.jpg 600w\" sizes=\"(max-width: 888px) 100vw, 888px\" \/><\/div><\/div><\/div><\/div>\n<div class=\"flex_column av_one_full  flex_column_div av-zero-column-padding first  avia-builder-el-2  el_after_av_one_full  el_before_av_one_full  column-top-margin\" style='border-radius:0px; '><section class=\"av_textblock_section \"  itemscope=\"itemscope\" itemtype=\"https:\/\/schema.org\/BlogPosting\" itemprop=\"blogPost\" ><div class='avia_textblock  '   itemprop=\"text\" ><p style=\"text-align: center;\"><strong><span style=\"font-size: 18pt;\">Injuv y Universidad Austral firman importante convenio de cooperaci\u00f3n<\/span><\/strong><\/p>\n<div id=\"gtx-trans\" style=\"position: absolute; left: -50px; top: 4.31534px;\">\n<div class=\"gtx-trans-icon\"><\/div>\n<\/div>\n<\/div><\/section><\/div><div class=\"flex_column av_one_full  flex_column_div av-zero-column-padding first  avia-builder-el-4  el_after_av_one_full  el_before_av_hr  column-top-margin\" style='border-radius:0px; '><section class=\"av_textblock_section \"  itemscope=\"itemscope\" itemtype=\"https:\/\/schema.org\/BlogPosting\" itemprop=\"blogPost\" ><div class='avia_textblock  '   itemprop=\"text\" ><p style=\"text-align: justify;\">Con el objetivo de promover el trabajo colaborativo entre ambas instituciones y establecer v\u00ednculos de cooperaci\u00f3n en conjunto para potenciar la participaci\u00f3n de la comunidad juvenil regional en materias culturales, recreativas, ambientales, educativas entre otras, el Instituto Nacional de la Juventud (INJUV) y la Universidad Austral de Chile (UACh), Campus Patagonia, firman importante convenio de cooperaci\u00f3n dirigido a los j\u00f3venes de la regi\u00f3n.<\/p>\n<p style=\"text-align: justify;\">El convenio firmado por ambas entidades busca tambi\u00e9n el empoderamiento juvenil mediante el establecimiento de un contacto temprano con el mundo laboral y con ello situar en contextos reales las actividades de aprendizaje comprendidas en los planes de estudio, ya sea a trav\u00e9s de visitas de terreno, charlas de expertos entre otros.<\/p>\n<p style=\"text-align: justify;\">Respecto a la iniciativa, la directora regional (s) de INJUV, G\u00e9nesis Arias Fuentes, sostuvo que \u201cestamos muy contentos por este significativo convenio firmado, nuestro objetivo como INJUV es entregar m\u00e1s y mejores espacios de participaci\u00f3n a nuestra juventud y eso se concreta ahora con la firma de este convenio. Invitamos a las y los j\u00f3venes de la Universidad Austral, Campus Patagonia, a conocer nuestra oferta program\u00e1tica y visitar la direcci\u00f3n regional ya que tenemos un muy buen espacio colaborativo creado especialmente para nuestros j\u00f3venes\u201d.<\/p>\n<p style=\"text-align: justify;\">Mario Brito Soto, Director (I) del Campus Patagonia de la Universidad Austral de Chile, se\u00f1al\u00f3 que \u201ceste protocolo de cooperaci\u00f3n est\u00e1 planteado para favorecer a nuestros estudiantes en una variedad de materias, donde el INJUV actuar\u00e1 como facilitador y puente con otras instituciones, con foco en instancias de coordinaci\u00f3n de pr\u00e1cticas profesionales, promoci\u00f3n de capacidades de emprendimiento, nos brinda la facilidad que nuestros egresados sean usuarios de su Cowork, espacio muy bien equipado, donde en conjunto organizaremos actividades del inter\u00e9s no solo de nuestros estudiantes, sino abierto a todas y todos los j\u00f3venes que est\u00e9n buscando oportunidades de crecimiento personal\u201d\u00a0.<\/p>\n<p style=\"text-align: justify;\">Peggy V\u00e1squez, estudiante de la carrera T\u00e9cnico Universitario Asistente Ejecutivo y de Gesti\u00f3n, indico que \u201ccreo que este convenio es relevante para nosotros somos estudiantes, pues refuerza el v\u00ednculo con otra instituci\u00f3n que tiene mucho que ver con nosotros los j\u00f3venes, donde podemos participar con talleres, formaci\u00f3n en alg\u00fan \u00e1rea, entre otras instancias que nos permitan desarrollarnos de mejor manera\u201d.<\/p>\n<\/div><\/section><\/div><\/p>\n<div  style='height:50px' class='hr hr-invisible   avia-builder-el-6  el_after_av_one_full  el_before_av_social_share '><span class='hr-inner ' ><span class='hr-inner-style'><\/span><\/span><\/div>\n<div  class='av-social-sharing-box  avia-builder-el-7  el_after_av_hr  el_before_av_hr  '><div class='av-share-box'><h5 class='av-share-link-description av-no-toc '>Compartir esta noticia<\/h5><ul class='av-share-box-list noLightbox'><li class='av-share-link av-social-link-facebook' ><a target=\"_blank\" aria-label=\"Compartir en Facebook\" href='https:\/\/www.facebook.com\/sharer.php?u=https:\/\/radiorevelacionfm.cl\/?p=22673&#038;t=Injuv%20y%20Universidad%20Austral%20firman%20importante%20convenio%20de%20cooperaci%C3%B3n' aria-hidden='false' data-av_icon='\ue8f3' data-av_iconfont='entypo-fontello' title='' data-avia-related-tooltip='Compartir en Facebook' rel=\"noopener\"><span class='avia_hidden_link_text'>Compartir en Facebook<\/span><\/a><\/li><li class='av-share-link av-social-link-twitter' ><a target=\"_blank\" aria-label=\"Compartir en Twitter\" href='https:\/\/twitter.com\/share?text=Injuv%20y%20Universidad%20Austral%20firman%20importante%20convenio%20de%20cooperaci%C3%B3n&#038;url=https:\/\/radiorevelacionfm.cl\/?p=22673' aria-hidden='false' data-av_icon='\ue8f1' data-av_iconfont='entypo-fontello' title='' data-avia-related-tooltip='Compartir en Twitter' rel=\"noopener\"><span class='avia_hidden_link_text'>Compartir en Twitter<\/span><\/a><\/li><li class='av-share-link av-social-link-whatsapp' ><a target=\"_blank\" aria-label=\"Compartir en Whatsapp\" href='https:\/\/api.whatsapp.com\/send?text=https:\/\/radiorevelacionfm.cl\/?p=22673' aria-hidden='false' data-av_icon='\uf232' data-av_iconfont='entypo-fontello' title='' data-avia-related-tooltip='Compartir en Whatsapp' rel=\"noopener\"><span class='avia_hidden_link_text'>Compartir en Whatsapp<\/span><\/a><\/li><li class='av-share-link av-social-link-linkedin' ><a target=\"_blank\" aria-label=\"Compartir en LinkedIn\" href='https:\/\/linkedin.com\/shareArticle?mini=true&#038;title=Injuv%20y%20Universidad%20Austral%20firman%20importante%20convenio%20de%20cooperaci%C3%B3n&#038;url=https:\/\/radiorevelacionfm.cl\/?p=22673' aria-hidden='false' data-av_icon='\ue8fc' data-av_iconfont='entypo-fontello' title='' data-avia-related-tooltip='Compartir en LinkedIn' rel=\"noopener\"><span class='avia_hidden_link_text'>Compartir en LinkedIn<\/span><\/a><\/li><li class='av-share-link av-social-link-mail' ><a  aria-label=\"Compartir por correo\" href='mailto:?subject=Injuv%20y%20Universidad%20Austral%20firman%20importante%20convenio%20de%20cooperaci%C3%B3n&#038;body=https:\/\/radiorevelacionfm.cl\/?p=22673' aria-hidden='false' data-av_icon='\ue805' data-av_iconfont='entypo-fontello' title='' data-avia-related-tooltip='Compartir por correo'><span class='avia_hidden_link_text'>Compartir por correo<\/span><\/a><\/li><\/ul><\/div><\/div>\n<div  style='height:50px' class='hr hr-invisible   avia-builder-el-8  el_after_av_social_share  el_before_av_comments_list '><span class='hr-inner ' ><span class='hr-inner-style'><\/span><\/span><\/div>\n<div  class='av-buildercomment  av-blog-meta-html-info-disabled av-blog-meta-tag-disabled  '><\/div>\n","protected":false},"excerpt":{"rendered":"","protected":false},"author":1,"featured_media":22674,"comment_status":"open","ping_status":"open","sticky":false,"template":"","format":"standard","meta":{"footnotes":""},"categories":[38],"tags":[],"class_list":["post-22673","post","type-post","status-publish","format-standard","has-post-thumbnail","hentry","category-regional"],"jetpack_featured_media_url":"https:\/\/radiorevelacionfm.cl\/wp-content\/uploads\/2022\/10\/image-100-1.jpg","_links":{"self":[{"href":"https:\/\/radiorevelacionfm.cl\/index.php?rest_route=\/wp\/v2\/posts\/22673","targetHints":{"allow":["GET"]}}],"collection":[{"href":"https:\/\/radiorevelacionfm.cl\/index.php?rest_route=\/wp\/v2\/posts"}],"about":[{"href":"https:\/\/radiorevelacionfm.cl\/index.php?rest_route=\/wp\/v2\/types\/post"}],"author":[{"embeddable":true,"href":"https:\/\/radiorevelacionfm.cl\/index.php?rest_route=\/wp\/v2\/users\/1"}],"replies":[{"embeddable":true,"href":"https:\/\/radiorevelacionfm.cl\/index.php?rest_route=%2Fwp%2Fv2%2Fcomments&post=22673"}],"version-history":[{"count":3,"href":"https:\/\/radiorevelacionfm.cl\/index.php?rest_route=\/wp\/v2\/posts\/22673\/revisions"}],"predecessor-version":[{"id":22699,"href":"https:\/\/radiorevelacionfm.cl\/index.php?rest_route=\/wp\/v2\/posts\/22673\/revisions\/22699"}],"wp:featuredmedia":[{"embeddable":true,"href":"https:\/\/radiorevelacionfm.cl\/index.php?rest_route=\/wp\/v2\/media\/22674"}],"wp:attachment":[{"href":"https:\/\/radiorevelacionfm.cl\/index.php?rest_route=%2Fwp%2Fv2%2Fmedia&parent=22673"}],"wp:term":[{"taxonomy":"category","embeddable":true,"href":"https:\/\/radiorevelacionfm.cl\/index.php?rest_route=%2Fwp%2Fv2%2Fcategories&post=22673"},{"taxonomy":"post_tag","embeddable":true,"href":"https:\/\/radiorevelacionfm.cl\/index.php?rest_route=%2Fwp%2Fv2%2Ftags&post=22673"}],"curies":[{"name":"wp","href":"https:\/\/api.w.org\/{rel}","templated":true}]}}