{"id":22670,"date":"2022-10-05T14:19:18","date_gmt":"2022-10-05T17:19:18","guid":{"rendered":"https:\/\/radiorevelacionfm.cl\/?p=22670"},"modified":"2022-10-05T14:19:18","modified_gmt":"2022-10-05T17:19:18","slug":"vocera-de-gobierno-valoro-cambios-en-cargo-de-primera-dama","status":"publish","type":"post","link":"https:\/\/radiorevelacionfm.cl\/?p=22670","title":{"rendered":"Vocera de Gobierno valor\u00f3 cambios en cargo de Primera Dama"},"content":{"rendered":"<div class=\"flex_column av_one_full  flex_column_div av-zero-column-padding first  avia-builder-el-0  el_before_av_one_full  avia-builder-el-first  \" style='border-radius:0px; '><div  class='avia-image-container  av-styling-    avia-builder-el-1  avia-builder-el-no-sibling  avia-align-center '  itemprop=\"image\" itemscope=\"itemscope\" itemtype=\"https:\/\/schema.org\/ImageObject\"  ><div class='avia-image-container-inner'><div class='avia-image-overlay-wrap'><img decoding=\"async\" class='wp-image-19450 avia-img-lazy-loading-not-19450 avia_image' src=\"https:\/\/radiorevelacionfm.cl\/wp-content\/uploads\/2022\/07\/Seremi-Aysen-3-1-1.jpeg\" alt='' title='Seremi Aysen 3 (1) (1)' height=\"600\" width=\"901\"  itemprop=\"thumbnailUrl\" srcset=\"https:\/\/radiorevelacionfm.cl\/wp-content\/uploads\/2022\/07\/Seremi-Aysen-3-1-1.jpeg 901w, https:\/\/radiorevelacionfm.cl\/wp-content\/uploads\/2022\/07\/Seremi-Aysen-3-1-1-300x200.jpeg 300w, https:\/\/radiorevelacionfm.cl\/wp-content\/uploads\/2022\/07\/Seremi-Aysen-3-1-1-768x511.jpeg 768w, https:\/\/radiorevelacionfm.cl\/wp-content\/uploads\/2022\/07\/Seremi-Aysen-3-1-1-705x469.jpeg 705w, https:\/\/radiorevelacionfm.cl\/wp-content\/uploads\/2022\/07\/Seremi-Aysen-3-1-1-600x400.jpeg 600w\" sizes=\"(max-width: 901px) 100vw, 901px\" \/><\/div><\/div><\/div><\/div><div class=\"flex_column av_one_full  flex_column_div av-zero-column-padding first  avia-builder-el-2  el_after_av_one_full  el_before_av_one_full  column-top-margin\" style='border-radius:0px; '><section class=\"av_textblock_section \"  itemscope=\"itemscope\" itemtype=\"https:\/\/schema.org\/BlogPosting\" itemprop=\"blogPost\" ><div class='avia_textblock  '   itemprop=\"text\" ><p style=\"text-align: center;\"><span style=\"font-size: 18pt;\"><b>Vocera de Gobierno valor\u00f3 cambios en cargo de Primera Dama<\/b><\/span><\/p>\n<div id=\"gtx-trans\" style=\"position: absolute; left: -50px; top: 4.31534px;\">\n<div class=\"gtx-trans-icon\"><\/div>\n<\/div>\n<\/div><\/section><\/div><div class=\"flex_column av_one_full  flex_column_div av-zero-column-padding first  avia-builder-el-4  el_after_av_one_full  el_before_av_hr  column-top-margin\" style='border-radius:0px; '><section class=\"av_textblock_section \"  itemscope=\"itemscope\" itemtype=\"https:\/\/schema.org\/BlogPosting\" itemprop=\"blogPost\" ><div class='avia_textblock  '   itemprop=\"text\" ><p class=\"v1MsoNormal\" style=\"text-align: justify;\">La Seremi de Gobierno de Ays\u00e9n, Tatiana Pl\u00e1 \u00c1lvarez, valor\u00f3 el anuncio que realizara la Coordinadora Sociocultural, Irina Karamanos, quien este martes confirm\u00f3 que dejar\u00e1 de presidir los directorios de las fundaciones de Presidencia, en un proceso que se realizar\u00e1 de forma gradual, y en el que se ver\u00e1n involucrados 3 ministerios.<\/p>\n<p class=\"v1MsoNormal\" style=\"text-align: justify;\">\u00abTras el anuncio de este martes, los Ministerios de Educaci\u00f3n, Culturas, las Artes y el Patrimonio, y Mujer y Equidad de G\u00e9nero, tendr\u00e1n que designar a los directores de las fundaciones de la Presidencia, y eso es un hito importante para nuestro pa\u00eds, pues es una innovaci\u00f3n institucional que busca probidad y modernizaci\u00f3n\u00bb, se\u00f1al\u00f3 la portavoz del Gobierno en nuestra regi\u00f3n.<\/p>\n<p class=\"v1MsoNormal\" style=\"text-align: justify;\">Y es que tras el anuncio de Karamanos, la polit\u00f3loga y dirigente feminista se desligar\u00e1 de las fundaciones que hasta ahora hab\u00edan sido dirigidas desde la Coordinaci\u00f3n Sociocultural de la Presidencia y que quedaban a cargo de la pareja del Presidente: Integra, Prodemu, MIM, Artesan\u00edas, FOJI y Chilenter.<\/p>\n<p class=\"v1MsoNormal\" style=\"text-align: justify;\">\u00abNuestro Gobierno dio un paso muy importante y avanzamos en nuestros compromisos, al iniciar un cambio que implica que de aqu\u00ed a fin de a\u00f1o no ser\u00e1 la Primera Dama quien presida los directorios de las fundaciones de Presidencia. Y si bien el valioso trabajo de las primeras damas dio inicio a una serie de proyectos con rol social y p\u00fablico, ahora ase asegura su continuidad fortaleci\u00e9ndolos mediante una mayor coordinaci\u00f3n con las carteras sectoriales\u00bb, explic\u00f3 la Seremi.<\/p>\n<p class=\"v1MsoNormal\" style=\"text-align: justify;\">\u00abComo vocera y mujer, valoro el gesto de Irina Karamanos en cuanto a que es un cambio al grado de institucionalizaci\u00f3n que ten\u00eda el papel de primera dama en Chile. Ella opt\u00f3 por estar adentro, conocer bien el rol de la Primeras Damas en la interna del Gobierno y las fundaciones que preside, para luego generar los cambios que se consideraron adecuados, y que tienen que ver con otra visi\u00f3n sobre las mujeres y las parejas de los Presidentes, y en su caso, ella ha dicho que le gustar\u00eda volver a hacer investigaci\u00f3n en centros de estudios, en la universidad, y esa independencia en una mujer se valora y agradece\u00bb, a\u00f1adi\u00f3 Tatiana Pl\u00e1.<\/p>\n<p class=\"v1MsoNormal\" style=\"text-align: justify;\">Las modificaciones realizadas permitir\u00e1n la elecci\u00f3n de los directorios con criterios profesionales, lo que otorgar\u00e1 estabilidad program\u00e1tica a cada fundaci\u00f3n. Del mismo modo, el proceso de innovaci\u00f3n institucional significa un gran logro para cada Fundaci\u00f3n, ya que se pondr\u00e1 en valor su rol p\u00fablico y se podr\u00e1 reconocer el gran aporte que hacen con su trabajo. Adem\u00e1s, esto contribuye al mejoramiento de cada fundaci\u00f3n y las acerca a los respectivos ministerios de los que ya reciben fondos.<\/p>\n<p class=\"v1MsoNormal\" style=\"text-align: justify;\">Finalmente, cabe se\u00f1alar que no existe ning\u00fan cambio asociado al estatuto laboral de las y los trabajadores de las fundaciones y que la modificaci\u00f3n de los estatutos ha sido socializado con las y los trabajadores de cada fundaci\u00f3n, quienes recibieron de buena manera esta propuesta.<\/p>\n<\/div><\/section><\/div><div  style='height:50px' class='hr hr-invisible   avia-builder-el-6  el_after_av_one_full  el_before_av_social_share '><span class='hr-inner ' ><span class='hr-inner-style'><\/span><\/span><\/div><\/p>\n<div  class='av-social-sharing-box  avia-builder-el-7  el_after_av_hr  el_before_av_hr  '><div class='av-share-box'><h5 class='av-share-link-description av-no-toc '>Compartir esta noticia<\/h5><ul class='av-share-box-list noLightbox'><li class='av-share-link av-social-link-facebook' ><a target=\"_blank\" aria-label=\"Compartir en Facebook\" href='https:\/\/www.facebook.com\/sharer.php?u=https:\/\/radiorevelacionfm.cl\/?p=22670&#038;t=Vocera%20de%20Gobierno%20valor%C3%B3%20cambios%20en%20cargo%20de%20Primera%20Dama' aria-hidden='false' data-av_icon='\ue8f3' data-av_iconfont='entypo-fontello' title='' data-avia-related-tooltip='Compartir en Facebook' rel=\"noopener\"><span class='avia_hidden_link_text'>Compartir en Facebook<\/span><\/a><\/li><li class='av-share-link av-social-link-twitter' ><a target=\"_blank\" aria-label=\"Compartir en Twitter\" href='https:\/\/twitter.com\/share?text=Vocera%20de%20Gobierno%20valor%C3%B3%20cambios%20en%20cargo%20de%20Primera%20Dama&#038;url=https:\/\/radiorevelacionfm.cl\/?p=22670' aria-hidden='false' data-av_icon='\ue8f1' data-av_iconfont='entypo-fontello' title='' data-avia-related-tooltip='Compartir en Twitter' rel=\"noopener\"><span class='avia_hidden_link_text'>Compartir en Twitter<\/span><\/a><\/li><li class='av-share-link av-social-link-whatsapp' ><a target=\"_blank\" aria-label=\"Compartir en Whatsapp\" href='https:\/\/api.whatsapp.com\/send?text=https:\/\/radiorevelacionfm.cl\/?p=22670' aria-hidden='false' data-av_icon='\uf232' data-av_iconfont='entypo-fontello' title='' data-avia-related-tooltip='Compartir en Whatsapp' rel=\"noopener\"><span class='avia_hidden_link_text'>Compartir en Whatsapp<\/span><\/a><\/li><li class='av-share-link av-social-link-linkedin' ><a target=\"_blank\" aria-label=\"Compartir en LinkedIn\" href='https:\/\/linkedin.com\/shareArticle?mini=true&#038;title=Vocera%20de%20Gobierno%20valor%C3%B3%20cambios%20en%20cargo%20de%20Primera%20Dama&#038;url=https:\/\/radiorevelacionfm.cl\/?p=22670' aria-hidden='false' data-av_icon='\ue8fc' data-av_iconfont='entypo-fontello' title='' data-avia-related-tooltip='Compartir en LinkedIn' rel=\"noopener\"><span class='avia_hidden_link_text'>Compartir en LinkedIn<\/span><\/a><\/li><li class='av-share-link av-social-link-mail' ><a  aria-label=\"Compartir por correo\" href='mailto:?subject=Vocera%20de%20Gobierno%20valor%C3%B3%20cambios%20en%20cargo%20de%20Primera%20Dama&#038;body=https:\/\/radiorevelacionfm.cl\/?p=22670' aria-hidden='false' data-av_icon='\ue805' data-av_iconfont='entypo-fontello' title='' data-avia-related-tooltip='Compartir por correo'><span class='avia_hidden_link_text'>Compartir por correo<\/span><\/a><\/li><\/ul><\/div><\/div>\n<div  style='height:50px' class='hr hr-invisible   avia-builder-el-8  el_after_av_social_share  el_before_av_comments_list '><span class='hr-inner ' ><span class='hr-inner-style'><\/span><\/span><\/div>\n<div  class='av-buildercomment  av-blog-meta-html-info-disabled av-blog-meta-tag-disabled  '><\/div>\n","protected":false},"excerpt":{"rendered":"","protected":false},"author":1,"featured_media":19450,"comment_status":"open","ping_status":"open","sticky":false,"template":"","format":"standard","meta":{"footnotes":""},"categories":[38],"tags":[],"class_list":["post-22670","post","type-post","status-publish","format-standard","has-post-thumbnail","hentry","category-regional"],"jetpack_featured_media_url":"https:\/\/radiorevelacionfm.cl\/wp-content\/uploads\/2022\/07\/Seremi-Aysen-3-1-1.jpeg","_links":{"self":[{"href":"https:\/\/radiorevelacionfm.cl\/index.php?rest_route=\/wp\/v2\/posts\/22670","targetHints":{"allow":["GET"]}}],"collection":[{"href":"https:\/\/radiorevelacionfm.cl\/index.php?rest_route=\/wp\/v2\/posts"}],"about":[{"href":"https:\/\/radiorevelacionfm.cl\/index.php?rest_route=\/wp\/v2\/types\/post"}],"author":[{"embeddable":true,"href":"https:\/\/radiorevelacionfm.cl\/index.php?rest_route=\/wp\/v2\/users\/1"}],"replies":[{"embeddable":true,"href":"https:\/\/radiorevelacionfm.cl\/index.php?rest_route=%2Fwp%2Fv2%2Fcomments&post=22670"}],"version-history":[{"count":2,"href":"https:\/\/radiorevelacionfm.cl\/index.php?rest_route=\/wp\/v2\/posts\/22670\/revisions"}],"predecessor-version":[{"id":22672,"href":"https:\/\/radiorevelacionfm.cl\/index.php?rest_route=\/wp\/v2\/posts\/22670\/revisions\/22672"}],"wp:featuredmedia":[{"embeddable":true,"href":"https:\/\/radiorevelacionfm.cl\/index.php?rest_route=\/wp\/v2\/media\/19450"}],"wp:attachment":[{"href":"https:\/\/radiorevelacionfm.cl\/index.php?rest_route=%2Fwp%2Fv2%2Fmedia&parent=22670"}],"wp:term":[{"taxonomy":"category","embeddable":true,"href":"https:\/\/radiorevelacionfm.cl\/index.php?rest_route=%2Fwp%2Fv2%2Fcategories&post=22670"},{"taxonomy":"post_tag","embeddable":true,"href":"https:\/\/radiorevelacionfm.cl\/index.php?rest_route=%2Fwp%2Fv2%2Ftags&post=22670"}],"curies":[{"name":"wp","href":"https:\/\/api.w.org\/{rel}","templated":true}]}}