{"id":2267,"date":"2021-01-31T21:49:15","date_gmt":"2021-02-01T00:49:15","guid":{"rendered":"https:\/\/radiorevelacionfm.cl\/?p=2267"},"modified":"2021-01-31T21:49:15","modified_gmt":"2021-02-01T00:49:15","slug":"diputado-alinco-destaco-aprobacion-de-iniciativa-que-prorroga-la-vigencia-de-licencias-de-conducir-por-un-ano-mas","status":"publish","type":"post","link":"https:\/\/radiorevelacionfm.cl\/?p=2267","title":{"rendered":"Diputado Alinco destac\u00f3 aprobaci\u00f3n de iniciativa que prorroga la vigencia de licencias de conducir por un a\u00f1o m\u00e1s"},"content":{"rendered":"<div class=\"flex_column av_one_full  flex_column_div av-zero-column-padding first  avia-builder-el-0  el_before_av_one_full  avia-builder-el-first  \" style='border-radius:0px; '><div  class='avia-image-container  av-styling-    avia-builder-el-1  avia-builder-el-no-sibling  avia-align-center '  itemprop=\"image\" itemscope=\"itemscope\" itemtype=\"https:\/\/schema.org\/ImageObject\"  ><div class='avia-image-container-inner'><div class='avia-image-overlay-wrap'><img decoding=\"async\" class='wp-image-0 avia-img-lazy-loading-not-0 avia_image' src=\"https:\/\/radiorevelacionfm.cl\/wp-content\/uploads\/2021\/01\/Diputado-Alinco-1-1.jpg\" alt='' title=''   itemprop=\"thumbnailUrl\"  \/><\/div><\/div><\/div><\/div><div class=\"flex_column av_one_full  flex_column_div av-zero-column-padding first  avia-builder-el-2  el_after_av_one_full  el_before_av_one_full  column-top-margin\" style='border-radius:0px; '><section class=\"av_textblock_section \"  itemscope=\"itemscope\" itemtype=\"https:\/\/schema.org\/BlogPosting\" itemprop=\"blogPost\" ><div class='avia_textblock  '   itemprop=\"text\" ><p style=\"text-align: center;\"><span style=\"font-size: 18pt;\"><strong>Diputado Alinco destac\u00f3 aprobaci\u00f3n de iniciativa que prorroga la vigencia de licencias de conducir por un a\u00f1o m\u00e1s<\/strong><\/span><\/p>\n<div id=\"gtx-trans\" style=\"position: absolute; left: -50px; top: 4.31534px;\">\n<div class=\"gtx-trans-icon\"><\/div>\n<\/div>\n<\/div><\/section><\/div><div class=\"flex_column av_one_full  flex_column_div av-zero-column-padding first  avia-builder-el-4  el_after_av_one_full  el_before_av_hr  column-top-margin\" style='border-radius:0px; '><section class=\"av_textblock_section \"  itemscope=\"itemscope\" itemtype=\"https:\/\/schema.org\/BlogPosting\" itemprop=\"blogPost\" ><div class='avia_textblock  '   itemprop=\"text\" ><p class=\"has-drop-cap\" style=\"text-align: justify;\">El viernes reci\u00e9n pasado se llev\u00f3 a cabo una sesi\u00f3n especial en la C\u00e1mara de Diputadas y Diputados en la que se votaron algunos proyectos, entre ellos, el emanado desde la Comisi\u00f3n Obras P\u00fablicas -presidida por el diputado Ren\u00e9 Alinco Bustos- que propon\u00eda la pr\u00f3rroga de la vigencia de las licencias de conducir, esto, por un a\u00f1o m\u00e1s y que tras ser aprobado por unanimidad de 118 votos en Sala, pas\u00f3 a ser Ley de la Rep\u00fablica.<\/p>\n<p style=\"text-align: justify;\">El diputado Alinco Bustos, como coautor de esta iniciativa, se\u00f1al\u00f3 que \u201cera de esperarse que todos los parlamentarios apoyen por unanimidad este proyecto ya que beneficia a un grueso importante de chilenos y chilenas quienes se ven afectados econ\u00f3micamente en esta pandemia, adem\u00e1s que en distintos municipios del pa\u00eds se han registrado problemas administrativos, entre otros temas\u2026\u201d, coment\u00f3 el parlamentario aysenino.<\/p>\n<div class=\"code-block code-block-4\" style=\"text-align: justify;\">\n<div id=\"div-gpt-ad-9098732-2\" data-google-query-id=\"CJHg6Ie6x-4CFbYDuQYdT2YDsw\">\n<div id=\"google_ads_iframe_\/21899093516\/DiarioCondoresDelBaker\/300x250-B_0__container__\">La nueva pr\u00f3rroga aprobada establece que aquellas personas cuyas licencias caducaban en el a\u00f1o 2020, o lo har\u00e1n en el transcurso de este 2021, podr\u00e1n realizar el tr\u00e1mite de renovaci\u00f3n hasta el d\u00eda y mes se\u00f1alado en la licencia vigente, durante el a\u00f1o 2022.<\/div>\n<\/div>\n<\/div>\n<p style=\"text-align: justify;\">\u201cEsta pandemia nos sigue atacando no solo en el \u00e1rea de la salud, es por eso que seguiremos presentando y apoyando iniciativas que vayan en direcci\u00f3n de beneficiar a las personas quienes hasta el momento, han sido las que con su propio bolsillo han pagado los costos de esto tan tr\u00e1gico que estamos atravesando en el pa\u00eds y en el mundo\u2026\u201d, remarc\u00f3 el parlamentario Alinco.<\/p>\n<p style=\"text-align: justify;\">Finalmente, Ren\u00e9 Alinco Bustos destac\u00f3 que esta extensi\u00f3n de la vigencia de las licencias es para todo tipo de veh\u00edculos y, adem\u00e1s, evita las aglomeraciones. Con esto \u00faltimo, agreg\u00f3 junto a sus pares que se evita la posibilidad de contagios, situaci\u00f3n que se busca evitar.<\/p>\n<\/div><\/section><\/div><div  style='height:50px' class='hr hr-invisible   avia-builder-el-6  el_after_av_one_full  el_before_av_social_share '><span class='hr-inner ' ><span class='hr-inner-style'><\/span><\/span><\/div><\/p>\n<div  class='av-social-sharing-box  avia-builder-el-7  el_after_av_hr  el_before_av_hr  '><div class='av-share-box'><h5 class='av-share-link-description av-no-toc '>Compartir esta noticia<\/h5><ul class='av-share-box-list noLightbox'><li class='av-share-link av-social-link-facebook' ><a target=\"_blank\" aria-label=\"Compartir en Facebook\" href='https:\/\/www.facebook.com\/sharer.php?u=https:\/\/radiorevelacionfm.cl\/?p=2267&#038;t=Diputado%20Alinco%20destac%C3%B3%20aprobaci%C3%B3n%20de%20iniciativa%20que%20prorroga%20la%20vigencia%20de%20licencias%20de%20conducir%20por%20un%20a%C3%B1o%20m%C3%A1s' aria-hidden='false' data-av_icon='\ue8f3' data-av_iconfont='entypo-fontello' title='' data-avia-related-tooltip='Compartir en Facebook' rel=\"noopener\"><span class='avia_hidden_link_text'>Compartir en Facebook<\/span><\/a><\/li><li class='av-share-link av-social-link-twitter' ><a target=\"_blank\" aria-label=\"Compartir en Twitter\" href='https:\/\/twitter.com\/share?text=Diputado%20Alinco%20destac%C3%B3%20aprobaci%C3%B3n%20de%20iniciativa%20que%20prorroga%20la%20vigencia%20de%20licencias%20de%20conducir%20por%20un%20a%C3%B1o%20m%C3%A1s&#038;url=https:\/\/radiorevelacionfm.cl\/?p=2267' aria-hidden='false' data-av_icon='\ue8f1' data-av_iconfont='entypo-fontello' title='' data-avia-related-tooltip='Compartir en Twitter' rel=\"noopener\"><span class='avia_hidden_link_text'>Compartir en Twitter<\/span><\/a><\/li><li class='av-share-link av-social-link-whatsapp' ><a target=\"_blank\" aria-label=\"Compartir en Whatsapp\" href='https:\/\/api.whatsapp.com\/send?text=https:\/\/radiorevelacionfm.cl\/?p=2267' aria-hidden='false' data-av_icon='\uf232' data-av_iconfont='entypo-fontello' title='' data-avia-related-tooltip='Compartir en Whatsapp' rel=\"noopener\"><span class='avia_hidden_link_text'>Compartir en Whatsapp<\/span><\/a><\/li><li class='av-share-link av-social-link-linkedin' ><a target=\"_blank\" aria-label=\"Compartir en LinkedIn\" href='https:\/\/linkedin.com\/shareArticle?mini=true&#038;title=Diputado%20Alinco%20destac%C3%B3%20aprobaci%C3%B3n%20de%20iniciativa%20que%20prorroga%20la%20vigencia%20de%20licencias%20de%20conducir%20por%20un%20a%C3%B1o%20m%C3%A1s&#038;url=https:\/\/radiorevelacionfm.cl\/?p=2267' aria-hidden='false' data-av_icon='\ue8fc' data-av_iconfont='entypo-fontello' title='' data-avia-related-tooltip='Compartir en LinkedIn' rel=\"noopener\"><span class='avia_hidden_link_text'>Compartir en LinkedIn<\/span><\/a><\/li><li class='av-share-link av-social-link-mail' ><a  aria-label=\"Compartir por correo\" href='mailto:?subject=Diputado%20Alinco%20destac%C3%B3%20aprobaci%C3%B3n%20de%20iniciativa%20que%20prorroga%20la%20vigencia%20de%20licencias%20de%20conducir%20por%20un%20a%C3%B1o%20m%C3%A1s&#038;body=https:\/\/radiorevelacionfm.cl\/?p=2267' aria-hidden='false' data-av_icon='\ue805' data-av_iconfont='entypo-fontello' title='' data-avia-related-tooltip='Compartir por correo'><span class='avia_hidden_link_text'>Compartir por correo<\/span><\/a><\/li><\/ul><\/div><\/div>\n<div  style='height:50px' class='hr hr-invisible   avia-builder-el-8  el_after_av_social_share  el_before_av_comments_list '><span class='hr-inner ' ><span class='hr-inner-style'><\/span><\/span><\/div>\n<div  class='av-buildercomment  av-blog-meta-html-info-disabled av-blog-meta-tag-disabled  '><\/div>\n","protected":false},"excerpt":{"rendered":"","protected":false},"author":1,"featured_media":0,"comment_status":"open","ping_status":"open","sticky":false,"template":"","format":"standard","meta":{"footnotes":""},"categories":[35],"tags":[],"class_list":["post-2267","post","type-post","status-publish","format-standard","hentry","category-politica"],"jetpack_featured_media_url":"","_links":{"self":[{"href":"https:\/\/radiorevelacionfm.cl\/index.php?rest_route=\/wp\/v2\/posts\/2267","targetHints":{"allow":["GET"]}}],"collection":[{"href":"https:\/\/radiorevelacionfm.cl\/index.php?rest_route=\/wp\/v2\/posts"}],"about":[{"href":"https:\/\/radiorevelacionfm.cl\/index.php?rest_route=\/wp\/v2\/types\/post"}],"author":[{"embeddable":true,"href":"https:\/\/radiorevelacionfm.cl\/index.php?rest_route=\/wp\/v2\/users\/1"}],"replies":[{"embeddable":true,"href":"https:\/\/radiorevelacionfm.cl\/index.php?rest_route=%2Fwp%2Fv2%2Fcomments&post=2267"}],"version-history":[{"count":1,"href":"https:\/\/radiorevelacionfm.cl\/index.php?rest_route=\/wp\/v2\/posts\/2267\/revisions"}],"predecessor-version":[{"id":2269,"href":"https:\/\/radiorevelacionfm.cl\/index.php?rest_route=\/wp\/v2\/posts\/2267\/revisions\/2269"}],"wp:attachment":[{"href":"https:\/\/radiorevelacionfm.cl\/index.php?rest_route=%2Fwp%2Fv2%2Fmedia&parent=2267"}],"wp:term":[{"taxonomy":"category","embeddable":true,"href":"https:\/\/radiorevelacionfm.cl\/index.php?rest_route=%2Fwp%2Fv2%2Fcategories&post=2267"},{"taxonomy":"post_tag","embeddable":true,"href":"https:\/\/radiorevelacionfm.cl\/index.php?rest_route=%2Fwp%2Fv2%2Ftags&post=2267"}],"curies":[{"name":"wp","href":"https:\/\/api.w.org\/{rel}","templated":true}]}}