{"id":22653,"date":"2022-10-05T10:41:11","date_gmt":"2022-10-05T13:41:11","guid":{"rendered":"https:\/\/radiorevelacionfm.cl\/?p=22653"},"modified":"2022-10-05T10:41:11","modified_gmt":"2022-10-05T13:41:11","slug":"escuela-diferencial-espana-realizara-el-1er-festival-inclusivo-de-la-voz-escolar-2022","status":"publish","type":"post","link":"https:\/\/radiorevelacionfm.cl\/?p=22653","title":{"rendered":"Escuela Diferencial Espa\u00f1a realizar\u00e1 el 1er. Festival Inclusivo de la Voz Escolar 2022"},"content":{"rendered":"<div class=\"flex_column av_one_full  flex_column_div av-zero-column-padding first  avia-builder-el-0  el_before_av_one_full  avia-builder-el-first  \" style='border-radius:0px; '><div  class='avia-image-container  av-styling-    avia-builder-el-1  avia-builder-el-no-sibling  avia-align-center '  itemprop=\"image\" itemscope=\"itemscope\" itemtype=\"https:\/\/schema.org\/ImageObject\"  ><div class='avia-image-container-inner'><div class='avia-image-overlay-wrap'><img decoding=\"async\" class='wp-image-22654 avia-img-lazy-loading-not-22654 avia_image' src=\"https:\/\/radiorevelacionfm.cl\/wp-content\/uploads\/2022\/10\/Festival-Escuela-Espana-1-1.jpg\" alt='' title='Festival Escuela Espa\u00f1a (1) (1)' height=\"600\" width=\"763\"  itemprop=\"thumbnailUrl\" srcset=\"https:\/\/radiorevelacionfm.cl\/wp-content\/uploads\/2022\/10\/Festival-Escuela-Espana-1-1.jpg 763w, https:\/\/radiorevelacionfm.cl\/wp-content\/uploads\/2022\/10\/Festival-Escuela-Espana-1-1-300x236.jpg 300w, https:\/\/radiorevelacionfm.cl\/wp-content\/uploads\/2022\/10\/Festival-Escuela-Espana-1-1-705x554.jpg 705w, https:\/\/radiorevelacionfm.cl\/wp-content\/uploads\/2022\/10\/Festival-Escuela-Espana-1-1-600x472.jpg 600w\" sizes=\"(max-width: 763px) 100vw, 763px\" \/><\/div><\/div><\/div><\/div><div class=\"flex_column av_one_full  flex_column_div av-zero-column-padding first  avia-builder-el-2  el_after_av_one_full  el_before_av_one_full  column-top-margin\" style='border-radius:0px; '><section class=\"av_textblock_section \"  itemscope=\"itemscope\" itemtype=\"https:\/\/schema.org\/BlogPosting\" itemprop=\"blogPost\" ><div class='avia_textblock  '   itemprop=\"text\" ><p style=\"text-align: center;\"><strong><span style=\"font-size: 18pt;\">Escuela Diferencial Espa\u00f1a realizar\u00e1 el 1er. Festival Inclusivo de la Voz Escolar 2022<\/span><\/strong><\/p>\n<div id=\"gtx-trans\" style=\"position: absolute; left: -50px; top: 4.31534px;\">\n<div class=\"gtx-trans-icon\"><\/div>\n<\/div>\n<\/div><\/section><\/div><div class=\"flex_column av_one_full  flex_column_div av-zero-column-padding first  avia-builder-el-4  el_after_av_one_full  el_before_av_hr  column-top-margin\" style='border-radius:0px; '><section class=\"av_textblock_section \"  itemscope=\"itemscope\" itemtype=\"https:\/\/schema.org\/BlogPosting\" itemprop=\"blogPost\" ><div class='avia_textblock  '   itemprop=\"text\" ><p style=\"text-align: justify;\">La Escuela Diferencial Espa\u00f1a de Coyhaique realizar\u00e1 su Primer Festival de la Voz Escolar en conmemoraci\u00f3n de su 50\u00b0 aniversario de servicio a la comunidad.<\/p>\n<p style=\"text-align: justify;\">La actividad se realizar\u00e1 los d\u00edas mi\u00e9rcoles 6 y jueves 7 de octubre desde las 15:00 horas en el auditorio del Centro Cultural Coyhaique. La iniciativa es organizada por el Centro de Alumnos de la Escuela Diferencial Espa\u00f1a, y es financiada por Proyecto FICCOY\u00a02022 de la I. Municipalidad de Coyhaique, contando adem\u00e1s con la colaboraci\u00f3n de la Corporaci\u00f3n Cultural de Coyhaique.<\/p>\n<p style=\"text-align: justify;\">Esta actividad est\u00e1\u00a0dirigida\u00a0a estudiantes en situaci\u00f3n de discapacidad\u00a0y proyectos PIE de todos los establecimientos educacionales de la comuna y busca potenciar los talentos art\u00edsticos de estos estudiantes que pocas veces tienen la posibilidad de participar en estas actividades.<\/p>\n<p style=\"text-align: justify;\">Invitamos a toda la comunidad de Coyhaique y alrededores a sumarse a este evento donde contaremos con int\u00e9rpretes de distintas Escuelas y Liceos de la comuna.<\/p>\n<\/div><\/section><\/div><div  style='height:50px' class='hr hr-invisible   avia-builder-el-6  el_after_av_one_full  el_before_av_social_share '><span class='hr-inner ' ><span class='hr-inner-style'><\/span><\/span><\/div><\/p>\n<div  class='av-social-sharing-box  avia-builder-el-7  el_after_av_hr  el_before_av_hr  '><div class='av-share-box'><h5 class='av-share-link-description av-no-toc '>Compartir esta noticia<\/h5><ul class='av-share-box-list noLightbox'><li class='av-share-link av-social-link-facebook' ><a target=\"_blank\" aria-label=\"Compartir en Facebook\" href='https:\/\/www.facebook.com\/sharer.php?u=https:\/\/radiorevelacionfm.cl\/?p=22653&#038;t=Escuela%20Diferencial%20Espa%C3%B1a%20realizar%C3%A1%20el%201er.%20Festival%20Inclusivo%20de%20la%20Voz%20Escolar%202022' aria-hidden='false' data-av_icon='\ue8f3' data-av_iconfont='entypo-fontello' title='' data-avia-related-tooltip='Compartir en Facebook' rel=\"noopener\"><span class='avia_hidden_link_text'>Compartir en Facebook<\/span><\/a><\/li><li class='av-share-link av-social-link-twitter' ><a target=\"_blank\" aria-label=\"Compartir en Twitter\" href='https:\/\/twitter.com\/share?text=Escuela%20Diferencial%20Espa%C3%B1a%20realizar%C3%A1%20el%201er.%20Festival%20Inclusivo%20de%20la%20Voz%20Escolar%202022&#038;url=https:\/\/radiorevelacionfm.cl\/?p=22653' aria-hidden='false' data-av_icon='\ue8f1' data-av_iconfont='entypo-fontello' title='' data-avia-related-tooltip='Compartir en Twitter' rel=\"noopener\"><span class='avia_hidden_link_text'>Compartir en Twitter<\/span><\/a><\/li><li class='av-share-link av-social-link-whatsapp' ><a target=\"_blank\" aria-label=\"Compartir en Whatsapp\" href='https:\/\/api.whatsapp.com\/send?text=https:\/\/radiorevelacionfm.cl\/?p=22653' aria-hidden='false' data-av_icon='\uf232' data-av_iconfont='entypo-fontello' title='' data-avia-related-tooltip='Compartir en Whatsapp' rel=\"noopener\"><span class='avia_hidden_link_text'>Compartir en Whatsapp<\/span><\/a><\/li><li class='av-share-link av-social-link-linkedin' ><a target=\"_blank\" aria-label=\"Compartir en LinkedIn\" href='https:\/\/linkedin.com\/shareArticle?mini=true&#038;title=Escuela%20Diferencial%20Espa%C3%B1a%20realizar%C3%A1%20el%201er.%20Festival%20Inclusivo%20de%20la%20Voz%20Escolar%202022&#038;url=https:\/\/radiorevelacionfm.cl\/?p=22653' aria-hidden='false' data-av_icon='\ue8fc' data-av_iconfont='entypo-fontello' title='' data-avia-related-tooltip='Compartir en LinkedIn' rel=\"noopener\"><span class='avia_hidden_link_text'>Compartir en LinkedIn<\/span><\/a><\/li><li class='av-share-link av-social-link-mail' ><a  aria-label=\"Compartir por correo\" href='mailto:?subject=Escuela%20Diferencial%20Espa%C3%B1a%20realizar%C3%A1%20el%201er.%20Festival%20Inclusivo%20de%20la%20Voz%20Escolar%202022&#038;body=https:\/\/radiorevelacionfm.cl\/?p=22653' aria-hidden='false' data-av_icon='\ue805' data-av_iconfont='entypo-fontello' title='' data-avia-related-tooltip='Compartir por correo'><span class='avia_hidden_link_text'>Compartir por correo<\/span><\/a><\/li><\/ul><\/div><\/div>\n<div  style='height:50px' class='hr hr-invisible   avia-builder-el-8  el_after_av_social_share  el_before_av_comments_list '><span class='hr-inner ' ><span class='hr-inner-style'><\/span><\/span><\/div>\n<div  class='av-buildercomment  av-blog-meta-html-info-disabled av-blog-meta-tag-disabled  '><\/div>\n","protected":false},"excerpt":{"rendered":"","protected":false},"author":1,"featured_media":22654,"comment_status":"open","ping_status":"open","sticky":false,"template":"","format":"standard","meta":{"footnotes":""},"categories":[49],"tags":[],"class_list":["post-22653","post","type-post","status-publish","format-standard","has-post-thumbnail","hentry","category-educacion"],"jetpack_featured_media_url":"https:\/\/radiorevelacionfm.cl\/wp-content\/uploads\/2022\/10\/Festival-Escuela-Espana-1-1.jpg","_links":{"self":[{"href":"https:\/\/radiorevelacionfm.cl\/index.php?rest_route=\/wp\/v2\/posts\/22653","targetHints":{"allow":["GET"]}}],"collection":[{"href":"https:\/\/radiorevelacionfm.cl\/index.php?rest_route=\/wp\/v2\/posts"}],"about":[{"href":"https:\/\/radiorevelacionfm.cl\/index.php?rest_route=\/wp\/v2\/types\/post"}],"author":[{"embeddable":true,"href":"https:\/\/radiorevelacionfm.cl\/index.php?rest_route=\/wp\/v2\/users\/1"}],"replies":[{"embeddable":true,"href":"https:\/\/radiorevelacionfm.cl\/index.php?rest_route=%2Fwp%2Fv2%2Fcomments&post=22653"}],"version-history":[{"count":2,"href":"https:\/\/radiorevelacionfm.cl\/index.php?rest_route=\/wp\/v2\/posts\/22653\/revisions"}],"predecessor-version":[{"id":22668,"href":"https:\/\/radiorevelacionfm.cl\/index.php?rest_route=\/wp\/v2\/posts\/22653\/revisions\/22668"}],"wp:featuredmedia":[{"embeddable":true,"href":"https:\/\/radiorevelacionfm.cl\/index.php?rest_route=\/wp\/v2\/media\/22654"}],"wp:attachment":[{"href":"https:\/\/radiorevelacionfm.cl\/index.php?rest_route=%2Fwp%2Fv2%2Fmedia&parent=22653"}],"wp:term":[{"taxonomy":"category","embeddable":true,"href":"https:\/\/radiorevelacionfm.cl\/index.php?rest_route=%2Fwp%2Fv2%2Fcategories&post=22653"},{"taxonomy":"post_tag","embeddable":true,"href":"https:\/\/radiorevelacionfm.cl\/index.php?rest_route=%2Fwp%2Fv2%2Ftags&post=22653"}],"curies":[{"name":"wp","href":"https:\/\/api.w.org\/{rel}","templated":true}]}}