{"id":22640,"date":"2022-10-04T21:14:21","date_gmt":"2022-10-05T00:14:21","guid":{"rendered":"https:\/\/radiorevelacionfm.cl\/?p=22640"},"modified":"2022-10-04T21:14:21","modified_gmt":"2022-10-05T00:14:21","slug":"jugadoras-de-futbol-rural-participan-en-encuentro-desafios-de-la-mujer-en-el-deporte","status":"publish","type":"post","link":"https:\/\/radiorevelacionfm.cl\/?p=22640","title":{"rendered":"Jugadoras de f\u00fatbol rural participan en encuentro \u00abDesaf\u00edos de la Mujer en el Deporte\u00bb"},"content":{"rendered":"<div class=\"flex_column av_one_full  flex_column_div av-zero-column-padding first  avia-builder-el-0  el_before_av_one_full  avia-builder-el-first  \" style='border-radius:0px; '><div  class='avia-image-container  av-styling-    avia-builder-el-1  avia-builder-el-no-sibling  avia-align-center '  itemprop=\"image\" itemscope=\"itemscope\" itemtype=\"https:\/\/schema.org\/ImageObject\"  ><div class='avia-image-container-inner'><div class='avia-image-overlay-wrap'><img decoding=\"async\" class='wp-image-22641 avia-img-lazy-loading-not-22641 avia_image' src=\"https:\/\/radiorevelacionfm.cl\/wp-content\/uploads\/2022\/10\/WhatsApp-Image-2022-10-04-at-09.26.25-1-1-1.jpeg\" alt='' title='WhatsApp Image 2022-10-04 at 09.26.25 (1) (1) (1)' height=\"600\" width=\"800\"  itemprop=\"thumbnailUrl\" srcset=\"https:\/\/radiorevelacionfm.cl\/wp-content\/uploads\/2022\/10\/WhatsApp-Image-2022-10-04-at-09.26.25-1-1-1.jpeg 800w, https:\/\/radiorevelacionfm.cl\/wp-content\/uploads\/2022\/10\/WhatsApp-Image-2022-10-04-at-09.26.25-1-1-1-300x225.jpeg 300w, https:\/\/radiorevelacionfm.cl\/wp-content\/uploads\/2022\/10\/WhatsApp-Image-2022-10-04-at-09.26.25-1-1-1-768x576.jpeg 768w, https:\/\/radiorevelacionfm.cl\/wp-content\/uploads\/2022\/10\/WhatsApp-Image-2022-10-04-at-09.26.25-1-1-1-705x529.jpeg 705w, https:\/\/radiorevelacionfm.cl\/wp-content\/uploads\/2022\/10\/WhatsApp-Image-2022-10-04-at-09.26.25-1-1-1-600x450.jpeg 600w\" sizes=\"(max-width: 800px) 100vw, 800px\" \/><\/div><\/div><\/div><\/div><div class=\"flex_column av_one_full  flex_column_div av-zero-column-padding first  avia-builder-el-2  el_after_av_one_full  el_before_av_one_full  column-top-margin\" style='border-radius:0px; '><section class=\"av_textblock_section \"  itemscope=\"itemscope\" itemtype=\"https:\/\/schema.org\/BlogPosting\" itemprop=\"blogPost\" ><div class='avia_textblock  '   itemprop=\"text\" ><p style=\"text-align: center;\"><strong><span style=\"font-size: 18pt;\">Jugadoras de f\u00fatbol rural participan en encuentro \u00abDesaf\u00edos de la Mujer en el Deporte\u00bb<\/span><\/strong><\/p>\n<div id=\"gtx-trans\" style=\"position: absolute; left: -50px; top: 4.31534px;\">\n<div class=\"gtx-trans-icon\"><\/div>\n<\/div>\n<\/div><\/section><\/div><div class=\"flex_column av_one_full  flex_column_div av-zero-column-padding first  avia-builder-el-4  el_after_av_one_full  el_before_av_hr  column-top-margin\" style='border-radius:0px; '><section class=\"av_textblock_section \"  itemscope=\"itemscope\" itemtype=\"https:\/\/schema.org\/BlogPosting\" itemprop=\"blogPost\" ><div class='avia_textblock  '   itemprop=\"text\" ><p style=\"text-align: justify;\">La actividad organizada por Seremis del Deporte y de la Mujer y Equidad de G\u00e9nero cont\u00f3 adem\u00e1s con la colaboraci\u00f3n de Prodemu e IND y en ella participaron deportistas y dirigentes del f\u00fatbol rural.<\/p>\n<div style=\"text-align: justify;\">\n<p class=\"v1MsoNormal\">Una jornada recreativa y de di\u00e1logo se desarroll\u00f3 este fin de semana en el Estadio Regional de Coyhaique con el objetivo generar espacios para conocer las necesidades y problem\u00e1ticas que conlleva la pr\u00e1ctica del f\u00fatbol femenino en el mundo rural, adem\u00e1s de sensibilizar a las y los asistentes en torno al Protocolo contra el abuso, acoso sexual, discriminaci\u00f3n y maltrato en el deporte.<\/p>\n<p class=\"v1MsoNormal\">En este sentido la Seremi de Deportes Mar\u00eda Eugenia Dur\u00e1n Jara se\u00f1al\u00f3\u00a0 \u00abagradecemos a quienes participaron en este encuentro, fue una linda jornada en la que pudimos mirarnos a la cara y conversar con perspectiva de g\u00e9nero sobre las barreras, las oportunidades de acceso de las mujeres al deporte y su rol en las organizaciones deportivas de nuestra regi\u00f3n; destacar que el dise\u00f1o de esta actividad fue un trabajo en equipo entre Ingrid Santana directora de fundaci\u00f3n Prodemu, Andrea M\u00e9ndez Seremi de la Mujer y EG, nuestro equipo de la Serem\u00eda de deportes e IND,\u00a0que en la realidad super\u00f3 con creces nuestras expectativas pues las jugadoras se abrieron al di\u00e1logo donde pudimos identificar claramente aquellas situaciones que representan diferencias de oportunidades por el solo hecho de ser mujeres, esto tambi\u00e9n lo abordamos con mucha responsabilidad, pues para nosotros como Gobierno del Presidente Gabriel Boric es muy importante seguir avanzado en generar pol\u00edticas p\u00fablicas y cambios importantes que beneficien a las mujeres en el deporte y asumimos el compromiso de disminuir las brechas de acceso a este, por ese motivo queremos incentivar a aquellos clubes de f\u00fatbol rural que cuentan con rama femenina, a que adopten el Protocolo General en el plazo de un mes; para quienes lo hagan, sus jugadoras podr\u00e1n acceder a horas de entrenamiento de manera gratuita en la cancha sint\u00e9tica del Estadio Regional de IND\u00bb<\/p>\n<p class=\"v1MsoNormal\">En tanto, la\u00a0Seremi de la Mujer y Equidad de G\u00e9nero, Andrea M\u00e9ndez Valenzuela\u00a0precis\u00f3 \u00abuna enriquecedora actividad\u00a0tuvimos el d\u00eda s\u00e1bado \u00a0con jugadoras del f\u00fatbol rural\u00a0en conjunto con la Fundaci\u00f3n PRODEMU y la Seremi de Deportes, la cual persegu\u00eda identificar brechas, barreras e inequidades de g\u00e9nero en el desarrollo de este deporte ante lo cual las asistentes participaron con bastante entusiasmo y tambi\u00e9n con una mirada cr\u00edtica respecto a la reproducci\u00f3n de sexismo en las pr\u00e1cticas y distribuci\u00f3n de distintos roles en el quehacer deportivo del f\u00fatbol, por lo tanto como autoridades nos quedamos con la importante misi\u00f3n de encauzar estas necesidades, encauzar estas cr\u00edticas para de esta forma garantizar un acceso democr\u00e1tico y sin brechas de g\u00e9nero del f\u00fatbol y del deporte en general en nuestra regi\u00f3n\u00bb<\/p>\n<p class=\"v1MsoNormal\">Asimismo, \u00a0Roxana Mart\u00ednez jugadora del club San Luis coment\u00f3 \u00abcomenc\u00e9 a jugar en el mes de noviembre del a\u00f1o pasado, llevo poco tiempo pero hemos tenido bastante apoyo del club y para nosotras como jugadoras participar en este tipo de iniciativas es muy relevante porque nos permite expresar varias inquietudes ya que muchas veces no sabemos a qui\u00e9n acudir ; hoy pudimos dar a conocer algunas cosas que nos gustar\u00eda mejorar \u00a0y que muchas veces no las decimos pero en esta actividad pudimos ser escuchadas y nos sentimos muy apoyadas\u00bb.<\/p>\n<p class=\"v1MsoNormal\">Finalmente, Carlos Diocares Presidente del Club Deportivo Independientes del Valle dijo que \u00abesta iniciativa es bastante buena para todas las instituciones deportivas ya que se debe realizar un cambio cultural de los deportistas y de las personas en general y de esta forma como club podemos trabajar de forma m\u00e1s tranquila y segura, independiente que adoptar el protocolo contra el abuso, maltrato, acoso y discriminaci\u00f3n el deporte es requisito para optar a fondos concursables, para nosotros es muy importante realizar este cambio cultural para tener buenas practicas dentro de los recintos deportivos\u00bb<\/p>\n<p class=\"v1MsoNormal\">Durante la jornada \u00abDesaf\u00edos de la Mujer en el Deporte\u00bb, se realiz\u00f3 \u00a0una actividad en la cancha sint\u00e9tica del Estadio Regional, seguido de un desayuno con las deportistas, adem\u00e1s paralelamente la Seremi de Deportes se reuni\u00f3 con dirigentes de f\u00fatbol rural para sensibilizarlos sobre el Protocolo General del Ministerio del Deporte para la prevenci\u00f3n y sanci\u00f3n de conductas de abuso sexual, acoso sexual, discriminaci\u00f3n y maltrato en la actividad deportiva nacional\u00bb.<\/p>\n<\/div>\n<div style=\"text-align: justify;\"><\/div>\n<\/div><\/section><\/div><div  style='height:50px' class='hr hr-invisible   avia-builder-el-6  el_after_av_one_full  el_before_av_social_share '><span class='hr-inner ' ><span class='hr-inner-style'><\/span><\/span><\/div><\/p>\n<div  class='av-social-sharing-box  avia-builder-el-7  el_after_av_hr  el_before_av_hr  '><div class='av-share-box'><h5 class='av-share-link-description av-no-toc '>Compartir esta noticia<\/h5><ul class='av-share-box-list noLightbox'><li class='av-share-link av-social-link-facebook' ><a target=\"_blank\" aria-label=\"Compartir en Facebook\" href='https:\/\/www.facebook.com\/sharer.php?u=https:\/\/radiorevelacionfm.cl\/?p=22640&#038;t=Jugadoras%20de%20f%C3%BAtbol%20rural%20participan%20en%20encuentro%20%C2%ABDesaf%C3%ADos%20de%20la%20Mujer%20en%20el%20Deporte%C2%BB' aria-hidden='false' data-av_icon='\ue8f3' data-av_iconfont='entypo-fontello' title='' data-avia-related-tooltip='Compartir en Facebook' rel=\"noopener\"><span class='avia_hidden_link_text'>Compartir en Facebook<\/span><\/a><\/li><li class='av-share-link av-social-link-twitter' ><a target=\"_blank\" aria-label=\"Compartir en Twitter\" href='https:\/\/twitter.com\/share?text=Jugadoras%20de%20f%C3%BAtbol%20rural%20participan%20en%20encuentro%20%C2%ABDesaf%C3%ADos%20de%20la%20Mujer%20en%20el%20Deporte%C2%BB&#038;url=https:\/\/radiorevelacionfm.cl\/?p=22640' aria-hidden='false' data-av_icon='\ue8f1' data-av_iconfont='entypo-fontello' title='' data-avia-related-tooltip='Compartir en Twitter' rel=\"noopener\"><span class='avia_hidden_link_text'>Compartir en Twitter<\/span><\/a><\/li><li class='av-share-link av-social-link-whatsapp' ><a target=\"_blank\" aria-label=\"Compartir en Whatsapp\" href='https:\/\/api.whatsapp.com\/send?text=https:\/\/radiorevelacionfm.cl\/?p=22640' aria-hidden='false' data-av_icon='\uf232' data-av_iconfont='entypo-fontello' title='' data-avia-related-tooltip='Compartir en Whatsapp' rel=\"noopener\"><span class='avia_hidden_link_text'>Compartir en Whatsapp<\/span><\/a><\/li><li class='av-share-link av-social-link-linkedin' ><a target=\"_blank\" aria-label=\"Compartir en LinkedIn\" href='https:\/\/linkedin.com\/shareArticle?mini=true&#038;title=Jugadoras%20de%20f%C3%BAtbol%20rural%20participan%20en%20encuentro%20%C2%ABDesaf%C3%ADos%20de%20la%20Mujer%20en%20el%20Deporte%C2%BB&#038;url=https:\/\/radiorevelacionfm.cl\/?p=22640' aria-hidden='false' data-av_icon='\ue8fc' data-av_iconfont='entypo-fontello' title='' data-avia-related-tooltip='Compartir en LinkedIn' rel=\"noopener\"><span class='avia_hidden_link_text'>Compartir en LinkedIn<\/span><\/a><\/li><li class='av-share-link av-social-link-mail' ><a  aria-label=\"Compartir por correo\" href='mailto:?subject=Jugadoras%20de%20f%C3%BAtbol%20rural%20participan%20en%20encuentro%20%C2%ABDesaf%C3%ADos%20de%20la%20Mujer%20en%20el%20Deporte%C2%BB&#038;body=https:\/\/radiorevelacionfm.cl\/?p=22640' aria-hidden='false' data-av_icon='\ue805' data-av_iconfont='entypo-fontello' title='' data-avia-related-tooltip='Compartir por correo'><span class='avia_hidden_link_text'>Compartir por correo<\/span><\/a><\/li><\/ul><\/div><\/div>\n<div  style='height:50px' class='hr hr-invisible   avia-builder-el-8  el_after_av_social_share  el_before_av_comments_list '><span class='hr-inner ' ><span class='hr-inner-style'><\/span><\/span><\/div>\n<div  class='av-buildercomment  av-blog-meta-html-info-disabled av-blog-meta-tag-disabled  '><\/div>\n","protected":false},"excerpt":{"rendered":"","protected":false},"author":1,"featured_media":22641,"comment_status":"open","ping_status":"open","sticky":false,"template":"","format":"standard","meta":{"footnotes":""},"categories":[40],"tags":[],"class_list":["post-22640","post","type-post","status-publish","format-standard","has-post-thumbnail","hentry","category-deportes"],"jetpack_featured_media_url":"https:\/\/radiorevelacionfm.cl\/wp-content\/uploads\/2022\/10\/WhatsApp-Image-2022-10-04-at-09.26.25-1-1-1.jpeg","_links":{"self":[{"href":"https:\/\/radiorevelacionfm.cl\/index.php?rest_route=\/wp\/v2\/posts\/22640","targetHints":{"allow":["GET"]}}],"collection":[{"href":"https:\/\/radiorevelacionfm.cl\/index.php?rest_route=\/wp\/v2\/posts"}],"about":[{"href":"https:\/\/radiorevelacionfm.cl\/index.php?rest_route=\/wp\/v2\/types\/post"}],"author":[{"embeddable":true,"href":"https:\/\/radiorevelacionfm.cl\/index.php?rest_route=\/wp\/v2\/users\/1"}],"replies":[{"embeddable":true,"href":"https:\/\/radiorevelacionfm.cl\/index.php?rest_route=%2Fwp%2Fv2%2Fcomments&post=22640"}],"version-history":[{"count":2,"href":"https:\/\/radiorevelacionfm.cl\/index.php?rest_route=\/wp\/v2\/posts\/22640\/revisions"}],"predecessor-version":[{"id":22660,"href":"https:\/\/radiorevelacionfm.cl\/index.php?rest_route=\/wp\/v2\/posts\/22640\/revisions\/22660"}],"wp:featuredmedia":[{"embeddable":true,"href":"https:\/\/radiorevelacionfm.cl\/index.php?rest_route=\/wp\/v2\/media\/22641"}],"wp:attachment":[{"href":"https:\/\/radiorevelacionfm.cl\/index.php?rest_route=%2Fwp%2Fv2%2Fmedia&parent=22640"}],"wp:term":[{"taxonomy":"category","embeddable":true,"href":"https:\/\/radiorevelacionfm.cl\/index.php?rest_route=%2Fwp%2Fv2%2Fcategories&post=22640"},{"taxonomy":"post_tag","embeddable":true,"href":"https:\/\/radiorevelacionfm.cl\/index.php?rest_route=%2Fwp%2Fv2%2Ftags&post=22640"}],"curies":[{"name":"wp","href":"https:\/\/api.w.org\/{rel}","templated":true}]}}