{"id":22636,"date":"2022-10-05T09:53:47","date_gmt":"2022-10-05T12:53:47","guid":{"rendered":"https:\/\/radiorevelacionfm.cl\/?p=22636"},"modified":"2022-10-05T09:53:47","modified_gmt":"2022-10-05T12:53:47","slug":"en-santiago-alcalde-roncagliolo-logra-que-servel-confirme-a-puerto-gala-como-lugar-de-votacion","status":"publish","type":"post","link":"https:\/\/radiorevelacionfm.cl\/?p=22636","title":{"rendered":"En Santiago Alcalde Roncagliolo logra que Servel confirme a Puerto Gala como lugar de votaci\u00f3n"},"content":{"rendered":"<div class=\"flex_column av_one_full  flex_column_div av-zero-column-padding first  avia-builder-el-0  el_before_av_one_full  avia-builder-el-first  \" style='border-radius:0px; '><div  class='avia-image-container  av-styling-    avia-builder-el-1  avia-builder-el-no-sibling  avia-align-center '  itemprop=\"image\" itemscope=\"itemscope\" itemtype=\"https:\/\/schema.org\/ImageObject\"  ><div class='avia-image-container-inner'><div class='avia-image-overlay-wrap'><img decoding=\"async\" class='wp-image-22637 avia-img-lazy-loading-not-22637 avia_image' src=\"https:\/\/radiorevelacionfm.cl\/wp-content\/uploads\/2022\/10\/REUNION-SERVEL-POR-GALA-1-1.jpeg\" alt='' title='REUNI\u00d3N SERVEL POR GALA (1) (1)' height=\"600\" width=\"800\"  itemprop=\"thumbnailUrl\" srcset=\"https:\/\/radiorevelacionfm.cl\/wp-content\/uploads\/2022\/10\/REUNION-SERVEL-POR-GALA-1-1.jpeg 800w, https:\/\/radiorevelacionfm.cl\/wp-content\/uploads\/2022\/10\/REUNION-SERVEL-POR-GALA-1-1-300x225.jpeg 300w, https:\/\/radiorevelacionfm.cl\/wp-content\/uploads\/2022\/10\/REUNION-SERVEL-POR-GALA-1-1-768x576.jpeg 768w, https:\/\/radiorevelacionfm.cl\/wp-content\/uploads\/2022\/10\/REUNION-SERVEL-POR-GALA-1-1-705x529.jpeg 705w, https:\/\/radiorevelacionfm.cl\/wp-content\/uploads\/2022\/10\/REUNION-SERVEL-POR-GALA-1-1-600x450.jpeg 600w\" sizes=\"(max-width: 800px) 100vw, 800px\" \/><\/div><\/div><\/div><\/div><div class=\"flex_column av_one_full  flex_column_div av-zero-column-padding first  avia-builder-el-2  el_after_av_one_full  el_before_av_one_full  column-top-margin\" style='border-radius:0px; '><section class=\"av_textblock_section \"  itemscope=\"itemscope\" itemtype=\"https:\/\/schema.org\/BlogPosting\" itemprop=\"blogPost\" ><div class='avia_textblock  '   itemprop=\"text\" ><p style=\"text-align: center;\"><strong><span style=\"font-size: 18pt;\">En Santiago Alcalde Roncagliolo logra que Servel confirme a Puerto Gala como lugar de votaci\u00f3n<\/span><\/strong><\/p>\n<div id=\"gtx-trans\" style=\"position: absolute; left: -50px; top: 4.31534px;\">\n<div class=\"gtx-trans-icon\"><\/div>\n<\/div>\n<\/div><\/section><\/div><div class=\"flex_column av_one_full  flex_column_div av-zero-column-padding first  avia-builder-el-4  el_after_av_one_full  el_before_av_hr  column-top-margin\" style='border-radius:0px; '><section class=\"av_textblock_section \"  itemscope=\"itemscope\" itemtype=\"https:\/\/schema.org\/BlogPosting\" itemprop=\"blogPost\" ><div class='avia_textblock  '   itemprop=\"text\" ><p style=\"text-align: justify;\">Diversas han sido las gestiones que el Alcalde de la comuna de Cisnes, Francisco Roncagliolo Lepio, ha realizado con la finalidad de que Puerto Gala, pueda contar con un recinto de votaci\u00f3n ante los distintos procesos eleccionarios.<\/p>\n<p style=\"text-align: justify;\">La tarde de este martes y luego de reunirse con el Presidente del Consejo Directivo del Servel, Andr\u00e9s Tagle, el jefe comunal dio a conocer la positiva informaci\u00f3n, de que, se confirma al sector del litoral de la comuna de Cisnes como mesa receptora de sufragios.<\/p>\n<p style=\"text-align: justify;\">\u201cEstimados vecinos de la comuna de Cisnes, especialmente de Puerto Gala, quiero decirles que tenemos acuerdo con el Servicio Electoral, he terminado reci\u00e9n la reuni\u00f3n ac\u00e1 en Santiago con el se\u00f1or Andr\u00e9s Tagle, que es el Presidente del Consejo Directivo del Servel y llegamos a un consenso nacional, de que, Puerto Gala va a tener su mesa de votaci\u00f3n. As\u00ed es que, vienen varias cosas ahora que tenemos que trabajar, entre esas de que la circunscripci\u00f3n electoral va a ser Corcovado, va a ser una mesa de esa circunscripci\u00f3n electoral\u201d.<\/p>\n<p style=\"text-align: justify;\">Los pasos que siguen para hacer efectivo el compromiso del Servel a nivel nacional, ser\u00e1n trabajados con la direcci\u00f3n regional de este servicio, a\u00f1adi\u00f3 el Alcalde Roncagliolo.<\/p>\n<p style=\"text-align: justify;\">\u201cLas personas que hoy est\u00e1n registradas, que son las 107 personas que trabajaron a full para que votaran en Gala, se mantengan por favor en ese mismo registro, el Servel en forma interna va hacer las correcciones y en los pr\u00f3ximos d\u00edas vamos a estar trabajando con la direcci\u00f3n regional, para dar un tiempo para que m\u00e1s personas se inscriban, pero tambi\u00e9n, para ir explicando en Melimoyu, en Puerto Gala, como va a funcionar este nuevo proceso y como se viene esta nueva mesa en la comuna de Cisnes. As\u00ed es que muchas gracias por la confianza, muchas gracias por el trabajo y tenemos acuerdo, por ello, nos vamos muy contentos\u201d.<\/p>\n<p style=\"text-align: justify;\">Es importante destacar que esta reuni\u00f3n se pudo llevar a cabo gracias a las gestiones realizadas por el Senador, David Sandoval Plaza.<\/p>\n<\/div><\/section><\/div><div  style='height:50px' class='hr hr-invisible   avia-builder-el-6  el_after_av_one_full  el_before_av_social_share '><span class='hr-inner ' ><span class='hr-inner-style'><\/span><\/span><\/div><\/p>\n<div  class='av-social-sharing-box  avia-builder-el-7  el_after_av_hr  el_before_av_hr  '><div class='av-share-box'><h5 class='av-share-link-description av-no-toc '>Compartir esta noticia<\/h5><ul class='av-share-box-list noLightbox'><li class='av-share-link av-social-link-facebook' ><a target=\"_blank\" aria-label=\"Compartir en Facebook\" href='https:\/\/www.facebook.com\/sharer.php?u=https:\/\/radiorevelacionfm.cl\/?p=22636&#038;t=En%20Santiago%20Alcalde%20Roncagliolo%20logra%20que%20Servel%20confirme%20a%20Puerto%20Gala%20como%20lugar%20de%20votaci%C3%B3n' aria-hidden='false' data-av_icon='\ue8f3' data-av_iconfont='entypo-fontello' title='' data-avia-related-tooltip='Compartir en Facebook' rel=\"noopener\"><span class='avia_hidden_link_text'>Compartir en Facebook<\/span><\/a><\/li><li class='av-share-link av-social-link-twitter' ><a target=\"_blank\" aria-label=\"Compartir en Twitter\" href='https:\/\/twitter.com\/share?text=En%20Santiago%20Alcalde%20Roncagliolo%20logra%20que%20Servel%20confirme%20a%20Puerto%20Gala%20como%20lugar%20de%20votaci%C3%B3n&#038;url=https:\/\/radiorevelacionfm.cl\/?p=22636' aria-hidden='false' data-av_icon='\ue8f1' data-av_iconfont='entypo-fontello' title='' data-avia-related-tooltip='Compartir en Twitter' rel=\"noopener\"><span class='avia_hidden_link_text'>Compartir en Twitter<\/span><\/a><\/li><li class='av-share-link av-social-link-whatsapp' ><a target=\"_blank\" aria-label=\"Compartir en Whatsapp\" href='https:\/\/api.whatsapp.com\/send?text=https:\/\/radiorevelacionfm.cl\/?p=22636' aria-hidden='false' data-av_icon='\uf232' data-av_iconfont='entypo-fontello' title='' data-avia-related-tooltip='Compartir en Whatsapp' rel=\"noopener\"><span class='avia_hidden_link_text'>Compartir en Whatsapp<\/span><\/a><\/li><li class='av-share-link av-social-link-linkedin' ><a target=\"_blank\" aria-label=\"Compartir en LinkedIn\" href='https:\/\/linkedin.com\/shareArticle?mini=true&#038;title=En%20Santiago%20Alcalde%20Roncagliolo%20logra%20que%20Servel%20confirme%20a%20Puerto%20Gala%20como%20lugar%20de%20votaci%C3%B3n&#038;url=https:\/\/radiorevelacionfm.cl\/?p=22636' aria-hidden='false' data-av_icon='\ue8fc' data-av_iconfont='entypo-fontello' title='' data-avia-related-tooltip='Compartir en LinkedIn' rel=\"noopener\"><span class='avia_hidden_link_text'>Compartir en LinkedIn<\/span><\/a><\/li><li class='av-share-link av-social-link-mail' ><a  aria-label=\"Compartir por correo\" href='mailto:?subject=En%20Santiago%20Alcalde%20Roncagliolo%20logra%20que%20Servel%20confirme%20a%20Puerto%20Gala%20como%20lugar%20de%20votaci%C3%B3n&#038;body=https:\/\/radiorevelacionfm.cl\/?p=22636' aria-hidden='false' data-av_icon='\ue805' data-av_iconfont='entypo-fontello' title='' data-avia-related-tooltip='Compartir por correo'><span class='avia_hidden_link_text'>Compartir por correo<\/span><\/a><\/li><\/ul><\/div><\/div>\n<div  style='height:50px' class='hr hr-invisible   avia-builder-el-8  el_after_av_social_share  el_before_av_comments_list '><span class='hr-inner ' ><span class='hr-inner-style'><\/span><\/span><\/div>\n<div  class='av-buildercomment  av-blog-meta-html-info-disabled av-blog-meta-tag-disabled  '><\/div>\n","protected":false},"excerpt":{"rendered":"","protected":false},"author":1,"featured_media":22637,"comment_status":"open","ping_status":"open","sticky":false,"template":"","format":"standard","meta":{"footnotes":""},"categories":[38],"tags":[],"class_list":["post-22636","post","type-post","status-publish","format-standard","has-post-thumbnail","hentry","category-regional"],"jetpack_featured_media_url":"https:\/\/radiorevelacionfm.cl\/wp-content\/uploads\/2022\/10\/REUNION-SERVEL-POR-GALA-1-1.jpeg","_links":{"self":[{"href":"https:\/\/radiorevelacionfm.cl\/index.php?rest_route=\/wp\/v2\/posts\/22636","targetHints":{"allow":["GET"]}}],"collection":[{"href":"https:\/\/radiorevelacionfm.cl\/index.php?rest_route=\/wp\/v2\/posts"}],"about":[{"href":"https:\/\/radiorevelacionfm.cl\/index.php?rest_route=\/wp\/v2\/types\/post"}],"author":[{"embeddable":true,"href":"https:\/\/radiorevelacionfm.cl\/index.php?rest_route=\/wp\/v2\/users\/1"}],"replies":[{"embeddable":true,"href":"https:\/\/radiorevelacionfm.cl\/index.php?rest_route=%2Fwp%2Fv2%2Fcomments&post=22636"}],"version-history":[{"count":2,"href":"https:\/\/radiorevelacionfm.cl\/index.php?rest_route=\/wp\/v2\/posts\/22636\/revisions"}],"predecessor-version":[{"id":22666,"href":"https:\/\/radiorevelacionfm.cl\/index.php?rest_route=\/wp\/v2\/posts\/22636\/revisions\/22666"}],"wp:featuredmedia":[{"embeddable":true,"href":"https:\/\/radiorevelacionfm.cl\/index.php?rest_route=\/wp\/v2\/media\/22637"}],"wp:attachment":[{"href":"https:\/\/radiorevelacionfm.cl\/index.php?rest_route=%2Fwp%2Fv2%2Fmedia&parent=22636"}],"wp:term":[{"taxonomy":"category","embeddable":true,"href":"https:\/\/radiorevelacionfm.cl\/index.php?rest_route=%2Fwp%2Fv2%2Fcategories&post=22636"},{"taxonomy":"post_tag","embeddable":true,"href":"https:\/\/radiorevelacionfm.cl\/index.php?rest_route=%2Fwp%2Fv2%2Ftags&post=22636"}],"curies":[{"name":"wp","href":"https:\/\/api.w.org\/{rel}","templated":true}]}}