{"id":22632,"date":"2022-10-04T19:26:45","date_gmt":"2022-10-04T22:26:45","guid":{"rendered":"https:\/\/radiorevelacionfm.cl\/?p=22632"},"modified":"2022-10-04T19:27:51","modified_gmt":"2022-10-04T22:27:51","slug":"dos-medicas-se-suman-a-dotacion-del-cesfam-de-la-junta","status":"publish","type":"post","link":"https:\/\/radiorevelacionfm.cl\/?p=22632","title":{"rendered":"Dos profesionales m\u00e9dicas se suman a dotaci\u00f3n del Cesfam de La Junta"},"content":{"rendered":"<div class=\"flex_column av_one_full  flex_column_div av-zero-column-padding first  avia-builder-el-0  el_before_av_one_full  avia-builder-el-first  \" style='border-radius:0px; '><div  class='avia-image-container  av-styling-    avia-builder-el-1  avia-builder-el-no-sibling  avia-align-center '  itemprop=\"image\" itemscope=\"itemscope\" itemtype=\"https:\/\/schema.org\/ImageObject\"  ><div class='avia-image-container-inner'><div class='avia-image-overlay-wrap'><img decoding=\"async\" class='wp-image-22634 avia-img-lazy-loading-not-22634 avia_image' src=\"https:\/\/radiorevelacionfm.cl\/wp-content\/uploads\/2022\/10\/CESFAM-LA-JUNTA-1-1.jpeg\" alt='' title='CESFAM LA JUNTA (1) (1)' height=\"600\" width=\"832\"  itemprop=\"thumbnailUrl\" srcset=\"https:\/\/radiorevelacionfm.cl\/wp-content\/uploads\/2022\/10\/CESFAM-LA-JUNTA-1-1.jpeg 832w, https:\/\/radiorevelacionfm.cl\/wp-content\/uploads\/2022\/10\/CESFAM-LA-JUNTA-1-1-300x216.jpeg 300w, https:\/\/radiorevelacionfm.cl\/wp-content\/uploads\/2022\/10\/CESFAM-LA-JUNTA-1-1-768x554.jpeg 768w, https:\/\/radiorevelacionfm.cl\/wp-content\/uploads\/2022\/10\/CESFAM-LA-JUNTA-1-1-705x508.jpeg 705w, https:\/\/radiorevelacionfm.cl\/wp-content\/uploads\/2022\/10\/CESFAM-LA-JUNTA-1-1-600x433.jpeg 600w\" sizes=\"(max-width: 832px) 100vw, 832px\" \/><\/div><\/div><\/div><\/div>\n<div class=\"flex_column av_one_full  flex_column_div av-zero-column-padding first  avia-builder-el-2  el_after_av_one_full  el_before_av_one_full  column-top-margin\" style='border-radius:0px; '><section class=\"av_textblock_section \"  itemscope=\"itemscope\" itemtype=\"https:\/\/schema.org\/BlogPosting\" itemprop=\"blogPost\" ><div class='avia_textblock  '   itemprop=\"text\" ><p style=\"text-align: center;\"><span style=\"font-size: 18pt;\"><b><span lang=\"ES\">Dos profesionales m\u00e9dicas se suman a dotaci\u00f3n del Cesfam de La Junta<\/span><\/b><\/span><\/p>\n<div id=\"gtx-trans\" style=\"position: absolute; left: -50px; top: 4.31534px;\">\n<div class=\"gtx-trans-icon\"><\/div>\n<\/div>\n<\/div><\/section><\/div><div class=\"flex_column av_one_full  flex_column_div av-zero-column-padding first  avia-builder-el-4  el_after_av_one_full  el_before_av_hr  column-top-margin\" style='border-radius:0px; '><section class=\"av_textblock_section \"  itemscope=\"itemscope\" itemtype=\"https:\/\/schema.org\/BlogPosting\" itemprop=\"blogPost\" ><div class='avia_textblock  '   itemprop=\"text\" ><p style=\"font-weight: 400; text-align: justify;\">Dos nuevos m\u00e9dicos se suman a la dotaci\u00f3n del CESFAM de la localidad de La Junta, distante a unos 280 kil\u00f3metros de Coyhaique. Hasta ese lugar se desplaz\u00f3 la directora de Atenci\u00f3n Primaria (APS) del Servicio de Salud Ays\u00e9n, Lorena Guerrero, quien present\u00f3 a las Dras. Alix Salazar Rodr\u00edguez y Dianne Flores Condori. \u201cLa situaci\u00f3n de falta de m\u00e9dicos en el CESFAM La Junta fue corregida, tal como se comprometi\u00f3 y se presentaron las dos nuevas m\u00e9dicos. Estas dos profesionales pasar\u00e1n a formar parte de la dotaci\u00f3n del personal m\u00e9dico de La Junta y se suman a los doctores Uribe, Castillo y Perry. Con esto completamos cinco m\u00e9dicos en La Junta, m\u00e1s un m\u00e9dico en Puyuhuapi\u201d, explic\u00f3 Guerrero Avenda\u00f1o.<\/p>\n<p style=\"font-weight: 400; text-align: justify;\">Asimismo, se\u00f1al\u00f3 que se espera contar con una profesional adicional para respaldar las ausencias que pudieran presentarse el resto del a\u00f1o.<\/p>\n<p style=\"font-weight: 400; text-align: justify;\">En la oportunidad aprovech\u00f3 tambi\u00e9n de reunirse con la comunidad, el consejo consultivo y junta de vecinos, a los que se les explic\u00f3 c\u00f3mo se est\u00e1 dotando este dispositivo rural y el CESFAM. \u201cEn cuanto al dispositivo de urgencia rural, ya est\u00e1 solicitado el financiamiento para un sistema de urgencia rural para el CESFAM La Junta y se espera que la DIPRES (Direcci\u00f3n de Presupuesto) apruebe para el a\u00f1o 2023 los recursos para ello\u201d.<\/p>\n<p style=\"font-weight: 400; text-align: justify;\">Por su parte Hern\u00e1n Barrientos, sub director de gesti\u00f3n asistencial, agreg\u00f3 que \u201ctambi\u00e9n tenemos que relevar que estamos preocupados profundamente de la situaci\u00f3n de ausentismo laboral que se ha generado en ese establecimiento de atenci\u00f3n primaria y en la red asistencial, donde tenemos este ausentismo que tambi\u00e9n es efecto post pandemia, donde funcionarios estuvieron pr\u00e1cticamente dos a\u00f1os y medio trabajando con mucha recarga laboral haciendo distintas funciones, muchos de ellos con funciones asistenciales y administrativas y que repercuti\u00f3 en sus funciones\u201d, puntualiz\u00f3.<\/p>\n<\/div><\/section><\/div><\/p>\n<div  style='height:50px' class='hr hr-invisible   avia-builder-el-6  el_after_av_one_full  el_before_av_social_share '><span class='hr-inner ' ><span class='hr-inner-style'><\/span><\/span><\/div>\n<div  class='av-social-sharing-box  avia-builder-el-7  el_after_av_hr  el_before_av_hr  '><div class='av-share-box'><h5 class='av-share-link-description av-no-toc '>Compartir esta noticia<\/h5><ul class='av-share-box-list noLightbox'><li class='av-share-link av-social-link-facebook' ><a target=\"_blank\" aria-label=\"Compartir en Facebook\" href='https:\/\/www.facebook.com\/sharer.php?u=https:\/\/radiorevelacionfm.cl\/?p=22632&#038;t=Dos%20profesionales%20m%C3%A9dicas%20se%20suman%20a%20dotaci%C3%B3n%20del%20Cesfam%20de%20La%20Junta' aria-hidden='false' data-av_icon='\ue8f3' data-av_iconfont='entypo-fontello' title='' data-avia-related-tooltip='Compartir en Facebook' rel=\"noopener\"><span class='avia_hidden_link_text'>Compartir en Facebook<\/span><\/a><\/li><li class='av-share-link av-social-link-twitter' ><a target=\"_blank\" aria-label=\"Compartir en Twitter\" href='https:\/\/twitter.com\/share?text=Dos%20profesionales%20m%C3%A9dicas%20se%20suman%20a%20dotaci%C3%B3n%20del%20Cesfam%20de%20La%20Junta&#038;url=https:\/\/radiorevelacionfm.cl\/?p=22632' aria-hidden='false' data-av_icon='\ue8f1' data-av_iconfont='entypo-fontello' title='' data-avia-related-tooltip='Compartir en Twitter' rel=\"noopener\"><span class='avia_hidden_link_text'>Compartir en Twitter<\/span><\/a><\/li><li class='av-share-link av-social-link-whatsapp' ><a target=\"_blank\" aria-label=\"Compartir en Whatsapp\" href='https:\/\/api.whatsapp.com\/send?text=https:\/\/radiorevelacionfm.cl\/?p=22632' aria-hidden='false' data-av_icon='\uf232' data-av_iconfont='entypo-fontello' title='' data-avia-related-tooltip='Compartir en Whatsapp' rel=\"noopener\"><span class='avia_hidden_link_text'>Compartir en Whatsapp<\/span><\/a><\/li><li class='av-share-link av-social-link-linkedin' ><a target=\"_blank\" aria-label=\"Compartir en LinkedIn\" href='https:\/\/linkedin.com\/shareArticle?mini=true&#038;title=Dos%20profesionales%20m%C3%A9dicas%20se%20suman%20a%20dotaci%C3%B3n%20del%20Cesfam%20de%20La%20Junta&#038;url=https:\/\/radiorevelacionfm.cl\/?p=22632' aria-hidden='false' data-av_icon='\ue8fc' data-av_iconfont='entypo-fontello' title='' data-avia-related-tooltip='Compartir en LinkedIn' rel=\"noopener\"><span class='avia_hidden_link_text'>Compartir en LinkedIn<\/span><\/a><\/li><li class='av-share-link av-social-link-mail' ><a  aria-label=\"Compartir por correo\" href='mailto:?subject=Dos%20profesionales%20m%C3%A9dicas%20se%20suman%20a%20dotaci%C3%B3n%20del%20Cesfam%20de%20La%20Junta&#038;body=https:\/\/radiorevelacionfm.cl\/?p=22632' aria-hidden='false' data-av_icon='\ue805' data-av_iconfont='entypo-fontello' title='' data-avia-related-tooltip='Compartir por correo'><span class='avia_hidden_link_text'>Compartir por correo<\/span><\/a><\/li><\/ul><\/div><\/div>\n<div  style='height:50px' class='hr hr-invisible   avia-builder-el-8  el_after_av_social_share  el_before_av_comments_list '><span class='hr-inner ' ><span class='hr-inner-style'><\/span><\/span><\/div>\n<div  class='av-buildercomment  av-blog-meta-html-info-disabled av-blog-meta-tag-disabled  '><\/div>\n","protected":false},"excerpt":{"rendered":"","protected":false},"author":1,"featured_media":22634,"comment_status":"open","ping_status":"open","sticky":false,"template":"","format":"standard","meta":{"footnotes":""},"categories":[46],"tags":[],"class_list":["post-22632","post","type-post","status-publish","format-standard","has-post-thumbnail","hentry","category-salud"],"jetpack_featured_media_url":"https:\/\/radiorevelacionfm.cl\/wp-content\/uploads\/2022\/10\/CESFAM-LA-JUNTA-1-1.jpeg","_links":{"self":[{"href":"https:\/\/radiorevelacionfm.cl\/index.php?rest_route=\/wp\/v2\/posts\/22632","targetHints":{"allow":["GET"]}}],"collection":[{"href":"https:\/\/radiorevelacionfm.cl\/index.php?rest_route=\/wp\/v2\/posts"}],"about":[{"href":"https:\/\/radiorevelacionfm.cl\/index.php?rest_route=\/wp\/v2\/types\/post"}],"author":[{"embeddable":true,"href":"https:\/\/radiorevelacionfm.cl\/index.php?rest_route=\/wp\/v2\/users\/1"}],"replies":[{"embeddable":true,"href":"https:\/\/radiorevelacionfm.cl\/index.php?rest_route=%2Fwp%2Fv2%2Fcomments&post=22632"}],"version-history":[{"count":3,"href":"https:\/\/radiorevelacionfm.cl\/index.php?rest_route=\/wp\/v2\/posts\/22632\/revisions"}],"predecessor-version":[{"id":22651,"href":"https:\/\/radiorevelacionfm.cl\/index.php?rest_route=\/wp\/v2\/posts\/22632\/revisions\/22651"}],"wp:featuredmedia":[{"embeddable":true,"href":"https:\/\/radiorevelacionfm.cl\/index.php?rest_route=\/wp\/v2\/media\/22634"}],"wp:attachment":[{"href":"https:\/\/radiorevelacionfm.cl\/index.php?rest_route=%2Fwp%2Fv2%2Fmedia&parent=22632"}],"wp:term":[{"taxonomy":"category","embeddable":true,"href":"https:\/\/radiorevelacionfm.cl\/index.php?rest_route=%2Fwp%2Fv2%2Fcategories&post=22632"},{"taxonomy":"post_tag","embeddable":true,"href":"https:\/\/radiorevelacionfm.cl\/index.php?rest_route=%2Fwp%2Fv2%2Ftags&post=22632"}],"curies":[{"name":"wp","href":"https:\/\/api.w.org\/{rel}","templated":true}]}}