{"id":22625,"date":"2022-10-05T10:00:47","date_gmt":"2022-10-05T13:00:47","guid":{"rendered":"https:\/\/radiorevelacionfm.cl\/?p=22625"},"modified":"2022-10-05T10:00:47","modified_gmt":"2022-10-05T13:00:47","slug":"comienzan-actividades-del-mes-del-medio-ambiente-con-jornada-educativa-al-aire-libre","status":"publish","type":"post","link":"https:\/\/radiorevelacionfm.cl\/?p=22625","title":{"rendered":"Comienzan actividades del Mes del Medio Ambiente con jornada educativa al aire libre"},"content":{"rendered":"<div class=\"flex_column av_one_full  flex_column_div av-zero-column-padding first  avia-builder-el-0  el_before_av_one_full  avia-builder-el-first  \" style='border-radius:0px; '><div  class='avia-image-container  av-styling-    avia-builder-el-1  avia-builder-el-no-sibling  avia-align-center '  itemprop=\"image\" itemscope=\"itemscope\" itemtype=\"https:\/\/schema.org\/ImageObject\"  ><div class='avia-image-container-inner'><div class='avia-image-overlay-wrap'><img decoding=\"async\" class='wp-image-22630 avia-img-lazy-loading-not-22630 avia_image' src=\"https:\/\/radiorevelacionfm.cl\/wp-content\/uploads\/2022\/10\/4-70-1-1_optimized-1.jpg\" alt='' title='4-(70)-(1)-(1)_optimized (1)' height=\"600\" width=\"681\"  itemprop=\"thumbnailUrl\" srcset=\"https:\/\/radiorevelacionfm.cl\/wp-content\/uploads\/2022\/10\/4-70-1-1_optimized-1.jpg 681w, https:\/\/radiorevelacionfm.cl\/wp-content\/uploads\/2022\/10\/4-70-1-1_optimized-1-300x264.jpg 300w, https:\/\/radiorevelacionfm.cl\/wp-content\/uploads\/2022\/10\/4-70-1-1_optimized-1-600x529.jpg 600w\" sizes=\"(max-width: 681px) 100vw, 681px\" \/><\/div><\/div><\/div><\/div><div class=\"flex_column av_one_full  flex_column_div av-zero-column-padding first  avia-builder-el-2  el_after_av_one_full  el_before_av_one_full  column-top-margin\" style='border-radius:0px; '><section class=\"av_textblock_section \"  itemscope=\"itemscope\" itemtype=\"https:\/\/schema.org\/BlogPosting\" itemprop=\"blogPost\" ><div class='avia_textblock  '   itemprop=\"text\" ><p style=\"text-align: center;\"><span style=\"font-size: 18pt;\"><strong>Comienzan actividades del Mes del Medio Ambiente con jornada educativa al aire libre <\/strong><\/span><\/p>\n<div id=\"gtx-trans\" style=\"position: absolute; left: -50px; top: 4.31534px;\">\n<div class=\"gtx-trans-icon\"><\/div>\n<\/div>\n<\/div><\/section><\/div><div class=\"flex_column av_one_full  flex_column_div av-zero-column-padding first  avia-builder-el-4  el_after_av_one_full  el_before_av_hr  column-top-margin\" style='border-radius:0px; '><section class=\"av_textblock_section \"  itemscope=\"itemscope\" itemtype=\"https:\/\/schema.org\/BlogPosting\" itemprop=\"blogPost\" ><div class='avia_textblock  '   itemprop=\"text\" ><p style=\"text-align: justify;\">Con motivo de celebrarse cada 2 de octubre el d\u00eda del medio ambiente, es que la Secretar\u00eda Regional Ministerial del ramo ha planificado un mes completo de actividades para motivar y sensibilizar a la comunidad aysenina.<\/p>\n<p style=\"text-align: justify;\">La primera actividad tuvo lugar este 4 de octubre en la reserva Coyhaique, espacio donde se convoc\u00f3 a educadoras y educadores ambientales a participar de una jornada de Educaci\u00f3n Ambiental al aire libre. El seminario planificado desde el programa FNDR \u201cDifusi\u00f3n y Educaci\u00f3n Ambiental en Calidad del Aire\u201d financiado por el Gobierno regional de Ays\u00e9n y su Consejo, tuvo como objetivo entregar nuevas herramientas a los y las profesionales de la educaci\u00f3n que desarrollan actividades ambientales en los establecimientos educacionales de la regi\u00f3n de Ays\u00e9n.<\/p>\n<p style=\"text-align: justify;\">\u201cAc\u00e1 lo importante es que ustedes son agentes de cambio para ni\u00f1os ni\u00f1as y j\u00f3venes de nuestra ciudad y que viven cada a\u00f1o el problema de la contaminaci\u00f3n\u201d, explic\u00f3 la encargada de Calidad del aire de la SEREMI del Medio Ambiente, Jimena Silva, contextualizando a los presentes que el Plan de descontaminaci\u00f3n atmosf\u00e9rica cuenta con cuatro pilares fundamentales que consideran mejoramiento t\u00e9rmico de viviendas, diversificaci\u00f3n de matriz de calefacci\u00f3n, combustibles limpios y final y fundamentalmente, educaci\u00f3n ambiental \u201cy en eso ustedes son important\u00edsimos para transmitir estos conocimientos tan importantes, porque este trabajo es para que nuestra comunidad tenga un aire m\u00e1s limpio, y nuestros ni\u00f1os, ni\u00f1as, j\u00f3venes y adultos mayores est\u00e9n m\u00e1s sanos, ese es nuestro objetivo\u201d, recalc\u00f3 la profesional de la SEREMI a los y las participantes.<\/p>\n<p style=\"text-align: justify;\">El Comit\u00e9 de Certificaci\u00f3n Ambiental de Establecimientos Educacionales SNCAE fue un colaborador fundamental en la actividad que convoc\u00f3 a profesionales de colegios, escuelas, jardines infantiles y liceos, en un amplio llamado a sumarse a un seminario experiencial.<\/p>\n<p style=\"text-align: justify;\">La parvularia del jard\u00edn Infantil Futuro Austral, Yannia P\u00e9rez coment\u00f3 \u201caqu\u00ed todos sum\u00e1ndonos para tener nuestras estrategias para trabajar con nuestras familias, con nuestros ni\u00f1os y poder disfrutar de un Coyhaique limpio; por su parte el Educador del colegio Altamira, Patricio Rodr\u00edguez agradeci\u00f3 la instancia que le permite \u201caprender m\u00e1s para traspasar conocimientos y crear conciencia en nuestros alumnos, que es lo m\u00e1s importante, para dejar mejores personas para el futuro\u201d; as\u00ed tambi\u00e9n el profesor del colegio Alianza Austral, Rafael Silva agreg\u00f3 que poder participar con diversos profesionales de la educaci\u00f3n le permite compartir experiencias en pos de la certificaci\u00f3n ambiental y aprender nuevos contenidos medioambientales.<\/p>\n<p style=\"text-align: justify;\">Finalmente desde la SEREMI del Medio Ambiente agradecieron a todos los y las participantes a la actividad e invitaron a la comunidad a sumarse a las actividades del mes del medio ambiente, que entre otras, incluyen una feria ciudadana ambiental en la plaza de Coyhaique el d\u00eda 22 de octubre, un Seminario en Gesti\u00f3n de Residuos y econom\u00eda circular de la mesa Ays\u00e9n de la Pol\u00edtica Nacional de Educaci\u00f3n para el Desarrollo Sostenible, el d\u00eda 26 de octubre y los VIERNES de Punto Limpio, que estar\u00e1n habilitados para latas de aluminio y botellas PET todos los viernes de octubre en la oficina de la SEREMI del Medio Ambiente ubicada en calle Portales N\u00b0125, Coyhaique.<\/p>\n<\/div><\/section><\/div><div  style='height:50px' class='hr hr-invisible   avia-builder-el-6  el_after_av_one_full  el_before_av_social_share '><span class='hr-inner ' ><span class='hr-inner-style'><\/span><\/span><\/div><\/p>\n<div  class='av-social-sharing-box  avia-builder-el-7  el_after_av_hr  el_before_av_hr  '><div class='av-share-box'><h5 class='av-share-link-description av-no-toc '>Compartir esta noticia<\/h5><ul class='av-share-box-list noLightbox'><li class='av-share-link av-social-link-facebook' ><a target=\"_blank\" aria-label=\"Compartir en Facebook\" href='https:\/\/www.facebook.com\/sharer.php?u=https:\/\/radiorevelacionfm.cl\/?p=22625&#038;t=Comienzan%20actividades%20del%20Mes%20del%20Medio%20Ambiente%20con%20jornada%20educativa%20al%20aire%20libre' aria-hidden='false' data-av_icon='\ue8f3' data-av_iconfont='entypo-fontello' title='' data-avia-related-tooltip='Compartir en Facebook' rel=\"noopener\"><span class='avia_hidden_link_text'>Compartir en Facebook<\/span><\/a><\/li><li class='av-share-link av-social-link-twitter' ><a target=\"_blank\" aria-label=\"Compartir en Twitter\" href='https:\/\/twitter.com\/share?text=Comienzan%20actividades%20del%20Mes%20del%20Medio%20Ambiente%20con%20jornada%20educativa%20al%20aire%20libre&#038;url=https:\/\/radiorevelacionfm.cl\/?p=22625' aria-hidden='false' data-av_icon='\ue8f1' data-av_iconfont='entypo-fontello' title='' data-avia-related-tooltip='Compartir en Twitter' rel=\"noopener\"><span class='avia_hidden_link_text'>Compartir en Twitter<\/span><\/a><\/li><li class='av-share-link av-social-link-whatsapp' ><a target=\"_blank\" aria-label=\"Compartir en Whatsapp\" href='https:\/\/api.whatsapp.com\/send?text=https:\/\/radiorevelacionfm.cl\/?p=22625' aria-hidden='false' data-av_icon='\uf232' data-av_iconfont='entypo-fontello' title='' data-avia-related-tooltip='Compartir en Whatsapp' rel=\"noopener\"><span class='avia_hidden_link_text'>Compartir en Whatsapp<\/span><\/a><\/li><li class='av-share-link av-social-link-linkedin' ><a target=\"_blank\" aria-label=\"Compartir en LinkedIn\" href='https:\/\/linkedin.com\/shareArticle?mini=true&#038;title=Comienzan%20actividades%20del%20Mes%20del%20Medio%20Ambiente%20con%20jornada%20educativa%20al%20aire%20libre&#038;url=https:\/\/radiorevelacionfm.cl\/?p=22625' aria-hidden='false' data-av_icon='\ue8fc' data-av_iconfont='entypo-fontello' title='' data-avia-related-tooltip='Compartir en LinkedIn' rel=\"noopener\"><span class='avia_hidden_link_text'>Compartir en LinkedIn<\/span><\/a><\/li><li class='av-share-link av-social-link-mail' ><a  aria-label=\"Compartir por correo\" href='mailto:?subject=Comienzan%20actividades%20del%20Mes%20del%20Medio%20Ambiente%20con%20jornada%20educativa%20al%20aire%20libre&#038;body=https:\/\/radiorevelacionfm.cl\/?p=22625' aria-hidden='false' data-av_icon='\ue805' data-av_iconfont='entypo-fontello' title='' data-avia-related-tooltip='Compartir por correo'><span class='avia_hidden_link_text'>Compartir por correo<\/span><\/a><\/li><\/ul><\/div><\/div>\n<div  style='height:50px' class='hr hr-invisible   avia-builder-el-8  el_after_av_social_share  el_before_av_comments_list '><span class='hr-inner ' ><span class='hr-inner-style'><\/span><\/span><\/div>\n<div  class='av-buildercomment  av-blog-meta-html-info-disabled av-blog-meta-tag-disabled  '><\/div>\n","protected":false},"excerpt":{"rendered":"","protected":false},"author":1,"featured_media":22630,"comment_status":"open","ping_status":"open","sticky":false,"template":"","format":"standard","meta":{"footnotes":""},"categories":[39],"tags":[],"class_list":["post-22625","post","type-post","status-publish","format-standard","has-post-thumbnail","hentry","category-medio-ambiente"],"jetpack_featured_media_url":"https:\/\/radiorevelacionfm.cl\/wp-content\/uploads\/2022\/10\/4-70-1-1_optimized-1.jpg","_links":{"self":[{"href":"https:\/\/radiorevelacionfm.cl\/index.php?rest_route=\/wp\/v2\/posts\/22625","targetHints":{"allow":["GET"]}}],"collection":[{"href":"https:\/\/radiorevelacionfm.cl\/index.php?rest_route=\/wp\/v2\/posts"}],"about":[{"href":"https:\/\/radiorevelacionfm.cl\/index.php?rest_route=\/wp\/v2\/types\/post"}],"author":[{"embeddable":true,"href":"https:\/\/radiorevelacionfm.cl\/index.php?rest_route=\/wp\/v2\/users\/1"}],"replies":[{"embeddable":true,"href":"https:\/\/radiorevelacionfm.cl\/index.php?rest_route=%2Fwp%2Fv2%2Fcomments&post=22625"}],"version-history":[{"count":2,"href":"https:\/\/radiorevelacionfm.cl\/index.php?rest_route=\/wp\/v2\/posts\/22625\/revisions"}],"predecessor-version":[{"id":22667,"href":"https:\/\/radiorevelacionfm.cl\/index.php?rest_route=\/wp\/v2\/posts\/22625\/revisions\/22667"}],"wp:featuredmedia":[{"embeddable":true,"href":"https:\/\/radiorevelacionfm.cl\/index.php?rest_route=\/wp\/v2\/media\/22630"}],"wp:attachment":[{"href":"https:\/\/radiorevelacionfm.cl\/index.php?rest_route=%2Fwp%2Fv2%2Fmedia&parent=22625"}],"wp:term":[{"taxonomy":"category","embeddable":true,"href":"https:\/\/radiorevelacionfm.cl\/index.php?rest_route=%2Fwp%2Fv2%2Fcategories&post=22625"},{"taxonomy":"post_tag","embeddable":true,"href":"https:\/\/radiorevelacionfm.cl\/index.php?rest_route=%2Fwp%2Fv2%2Ftags&post=22625"}],"curies":[{"name":"wp","href":"https:\/\/api.w.org\/{rel}","templated":true}]}}